{"id":90553,"date":"2017-02-28T04:04:38","date_gmt":"2017-02-28T03:04:38","guid":{"rendered":"http:\/\/gazdasagportal.hu\/?p=90553"},"modified":"2017-02-27T21:36:51","modified_gmt":"2017-02-27T20:36:51","slug":"olaszorszagot-konkret-terrorveszely-fenyegeti-olaszorszag-az-iszlam-allam-harcosainak-menekulesi-utvonala-lehet-europa-fele","status":"publish","type":"post","link":"https:\/\/gazdasagportal.hu\/index.php\/olaszorszagot-konkret-terrorveszely-fenyegeti-olaszorszag-az-iszlam-allam-harcosainak-menekulesi-utvonala-lehet-europa-fele\/","title":{"rendered":"Olaszorsz\u00e1got konkr\u00e9t terrorvesz\u00e9ly fenyegeti, Olaszorsz\u00e1g az Iszl\u00e1m \u00c1llam harcosainak menek\u00fcl\u00e9si \u00fatvonala lehet Eur\u00f3pa fel\u00e9"},"content":{"rendered":"<p><strong>Olaszorsz\u00e1g az Iszl\u00e1m \u00c1llam harcosainak menek\u00fcl\u00e9si \u00fatvonala lehet Eur\u00f3pa fel\u00e9, \u00e9s egyre konkr\u00e9tabb a vesz\u00e9lye az olaszorsz\u00e1gi terrorista t\u00e1mad\u00e1soknak is &#8211; hangs\u00falyozta az olasz titkosszolg\u00e1latoknak a r\u00f3mai parlamentben h\u00e9tf\u0151n bemutatott \u00e9ves jelent\u00e9se.<\/strong><!--more--><\/p>\n<div class=\"ads-in-post1\"><div id=\"gazdasagportal.hu_fullbanner_wideboard\"><\/div>\r\n<\/div>\n<p>    A dokumentum \u00fagy fogalmaz, Olaszorsz\u00e1g b\u00fav\u00f3helyet \u00e9s menek\u00fcl\u00e9si \u00fatvonalat k\u00e9pviselhet a Kaliff\u00e1tus harcosai sz\u00e1m\u00e1ra, akik L\u00edbi\u00e1b\u00f3l vagy m\u00e1s konfliktus-\u00f6vezetb\u0151l menek\u00fclnek Eur\u00f3pa fel\u00e9.<br \/>\n    A jelent\u00e9st bemutat\u00f3 Alessandro Pansa az olasz Nemzetbiztons\u00e1gi Inform\u00e1ci\u00f3s Hat\u00f3s\u00e1g (DIS) vez\u00e9rigazgat\u00f3ja kijelentette, nem bizony\u00edthat\u00f3 egy\u00e9rtelm\u0171en, hogy az Iszl\u00e1m \u00c1llam (I\u00c1) vagy m\u00e1s terrrosta szervezet a tengeren kereszt\u00fcli illeg\u00e1lis bev\u00e1ndorl\u00e1st saj\u00e1t strat\u00e9giai c\u00e9ljaira haszn\u00e1lja fel &#8222;operat\u00edv&#8221; embereinek Eur\u00f3p\u00e1ba juttat\u00e1s\u00e1val. Hozz\u00e1tette viszont, hogy ez a felt\u00e9telez\u00e9s nem z\u00e1rhat\u00f3 ki, \u00e9s t\u00e9nynek sz\u00e1m\u00edt, hogy az illeg\u00e1lis bev\u00e1ndorl\u00e1sb\u00f3l ered\u0151 anyagi nyeres\u00e9g el\u0151seg\u00edti az embercsemp\u00e9sz b\u0171nszervezetek \u00e9s a legradik\u00e1lisabb dzsihadista csoportok k\u00f6z\u00f6tti egy\u00fcttm\u0171k\u00f6d\u00e9st. Ennek p\u00e9ld\u00e1jak\u00e9nt eml\u00edtette, hogy az illeg\u00e1lis bev\u00e1ndorl\u00f3k k\u00f6z\u00fcl egyesek milyen k\u00f6nny\u0171szerrel jutnak hamis\u00edtott szem\u00e9lyi dokumentumokhoz, amelyekkel mozogni tudnak Eur\u00f3p\u00e1ban.<br \/>\n    Alessandro Pansa szerint Olaszorsz\u00e1g &#8222;b\u00e1zist k\u00e9pezhet (a dzsihadista) propaganda terjeszt\u00e9s\u00e9hez, toborz\u00e1shoz vagy logisztikai h\u00e1tteret ny\u00fajthat, visszavonul\u00e1si \u00fatvonalat vagy ak\u00e1r ideiglenes mened\u00e9ket m\u00e1s orsz\u00e1gokban terrorista t\u00e1mad\u00e1st elk\u00f6vetett szem\u00e9lyeknek, amik\u00e9nt ez a berlini mer\u00e9nylet ut\u00e1n Anis Amri eset\u00e9ben is t\u00f6rt\u00e9nt&#8221;. A DIS vezet\u0151je kiemelte, hogy folyamatos ellen\u0151rz\u00e9s alatt tartj\u00e1k az Olaszorsz\u00e1gb\u00f3l az esetleges k\u00fclf\u00f6ldi dzsihadista sejteket finansz\u00edroz\u00f3 p\u00e9nz\u00e1raml\u00e1st.<br \/>\n    Vesz\u00e9ly azonban nem kiz\u00e1r\u00f3lag az olasz hat\u00e1rokon k\u00edv\u00fclr\u0151l \u00e9rkezhet. Az  olasz titkosszolg\u00e1latok egyre konkr\u00e9tabbnak tartj\u00e1k annak vesz\u00e9ly\u00e9t, hogy &#8222;Olaszorsz\u00e1gban radikaliz\u00e1l\u00f3dott szem\u00e9lyek nem Sz\u00edri\u00e1ba \u00e9s Irakba mennek harcolni, hanem olasz ter\u00fcleten k\u00f6vetnek el dzsihadista t\u00e1mad\u00e1st&#8221;. A jelent\u00e9s er\u0151snek min\u0151s\u00edti a dzsihadista terrrorizmus Olaszorsz\u00e1got fenyeget\u0151 vesz\u00e9ly\u00e9t.<br \/>\n    Paolo Gentiloni olasz minisztereln\u00f6k a titkosszolg\u00e1lati inform\u00e1ci\u00f3kat komment\u00e1lva kijelentette, 2017 az I\u00c1 veres\u00e9g\u00e9nek \u00e9ve lehet, a Sz\u00edri\u00e1ban \u00e9s Irakban v\u00e1rt gy\u0151zelem azonban nem sz\u00fcnteti meg a dzsihadizmus vesz\u00e9ly\u00e9t. Hozz\u00e1tette, a mai vil\u00e1got nem idegen hadseregek, hanem sz\u00e1mos m\u00e1s t\u00edpus\u00fa fenyeget\u00e9s vesz\u00e9lyezteti a cybert\u00e1mad\u00e1st\u00f3l a terrorizmusig: &#8222;ezekre nem a bez\u00e1rk\u00f3z\u00e1s illuzi\u00f3j\u00e1val, hanem a kih\u00edv\u00e1ssal val\u00f3 szembe\u00e1ll\u00e1ssal v\u00e9dekezhet\u00fcnk&#8221;. Az olasz minisztereln\u00f6k hozz\u00e1tette: a biztons\u00e1g n\u00f6vel\u00e9se nem jelentheti a szabads\u00e1g korl\u00e1toz\u00e1s\u00e1t.(MTI)   <\/p>\n","protected":false},"excerpt":{"rendered":"<p>Olaszorsz\u00e1g az Iszl\u00e1m \u00c1llam harcosainak menek\u00fcl\u00e9si \u00fatvonala lehet Eur\u00f3pa fel\u00e9, \u00e9s egyre konkr\u00e9tabb a vesz\u00e9lye az olaszorsz\u00e1gi terrorista t\u00e1mad\u00e1soknak is &#8211; hangs\u00falyozta az olasz titkosszolg\u00e1latoknak a r\u00f3mai parlamentben h\u00e9tf\u0151n bemutatott \u00e9ves jelent\u00e9se.<\/p>\n","protected":false},"author":1,"featured_media":0,"comment_status":"open","ping_status":"closed","sticky":false,"template":"","format":"standard","meta":[],"categories":[12],"tags":[],"_links":{"self":[{"href":"https:\/\/gazdasagportal.hu\/index.php\/wp-json\/wp\/v2\/posts\/90553"}],"collection":[{"href":"https:\/\/gazdasagportal.hu\/index.php\/wp-json\/wp\/v2\/posts"}],"about":[{"href":"https:\/\/gazdasagportal.hu\/index.php\/wp-json\/wp\/v2\/types\/post"}],"author":[{"embeddable":true,"href":"https:\/\/gazdasagportal.hu\/index.php\/wp-json\/wp\/v2\/users\/1"}],"replies":[{"embeddable":true,"href":"https:\/\/gazdasagportal.hu\/index.php\/wp-json\/wp\/v2\/comments?post=90553"}],"version-history":[{"count":2,"href":"https:\/\/gazdasagportal.hu\/index.php\/wp-json\/wp\/v2\/posts\/90553\/revisions"}],"predecessor-version":[{"id":90557,"href":"https:\/\/gazdasagportal.hu\/index.php\/wp-json\/wp\/v2\/posts\/90553\/revisions\/90557"}],"wp:attachment":[{"href":"https:\/\/gazdasagportal.hu\/index.php\/wp-json\/wp\/v2\/media?parent=90553"}],"wp:term":[{"taxonomy":"category","embeddable":true,"href":"https:\/\/gazdasagportal.hu\/index.php\/wp-json\/wp\/v2\/categories?post=90553"},{"taxonomy":"post_tag","embeddable":true,"href":"https:\/\/gazdasagportal.hu\/index.php\/wp-json\/wp\/v2\/tags?post=90553"}],"curies":[{"name":"wp","href":"https:\/\/api.w.org\/{rel}","templated":true}]}}