{"id":90531,"date":"2017-02-27T14:30:35","date_gmt":"2017-02-27T13:30:35","guid":{"rendered":"http:\/\/gazdasagportal.hu\/?p=90531"},"modified":"2017-02-27T14:30:35","modified_gmt":"2017-02-27T13:30:35","slug":"a-takarek-csoportnal-kezelt-megtakaritasok-allomanya-87-milliard-forinttal-nott-tavaly","status":"publish","type":"post","link":"https:\/\/gazdasagportal.hu\/index.php\/a-takarek-csoportnal-kezelt-megtakaritasok-allomanya-87-milliard-forinttal-nott-tavaly\/","title":{"rendered":"A Takar\u00e9k Csoportn\u00e1l kezelt megtakar\u00edt\u00e1sok \u00e1llom\u00e1nya 87 milli\u00e1rd forinttal n\u0151tt tavaly"},"content":{"rendered":"<p><strong>Csaknem 87 milli\u00e1rd forinttal 1889 milli\u00e1rd forintra emelkedett a Takar\u00e9k Csoportn\u00e1l kezelt v\u00e1llalati \u00e9s lakoss\u00e1gi megtakar\u00edt\u00e1sok \u00e1llom\u00e1nya tavaly &#8211; k\u00f6z\u00f6lte a Takar\u00e9kbank h\u00e9tf\u0151n az MTI-vel.<\/strong><!--more--><\/p>\n<div class=\"ads-in-post1\"><div id=\"gazdasagportal.hu_fullbanner_wideboard\"><\/div>\r\n<\/div>\n<p>    A t\u00e1j\u00e9koztat\u00e1s szerint a piaci trendeknek megfelel\u0151en a takar\u00e9kokn\u00e1l is az \u00e1llampap\u00edrok \u00e9s befektet\u00e9si jegyek voltak a legn\u00e9pszer\u0171bb megtakar\u00edt\u00e1si term\u00e9kek.<br \/>\n    T\u00f6bb mint 46 sz\u00e1zal\u00e9kkal, 200 milli\u00e1rdr\u00f3l 293 milli\u00e1rd forintra n\u0151tt az \u00e1llampap\u00edrok \u00e1llom\u00e1nya a Takar\u00e9k Csoportn\u00e1l (takar\u00e9kok, Takar\u00e9kbank \u00e9s FHB egy\u00fctt).<br \/>\n    A befektet\u00e9si jegyek \u00e1llom\u00e1ny\u00e1ban 26 sz\u00e1zal\u00e9kos volt a n\u00f6veked\u00e9s, a 2015-\u00f6s 88 milli\u00e1rd forint 111 milli\u00e1rdra b\u0151v\u00fclt.<br \/>\n    Jelent\u0151sen n\u0151tt az \u00e9rt\u00e9kpap\u00edrsz\u00e1ml\u00e1k sz\u00e1ma is, m\u00edg 2015-ben csaknem 77 ezer ilyen sz\u00e1ml\u00e1t kezelt a Takar\u00e9k Csoport, addig tavaly \u00e9v v\u00e9g\u00e9n m\u00e1r mintegy 21 sz\u00e1zal\u00e9kkal t\u00f6bbet, \u00f6sszesen 92,6 ezret &#8211; k\u00f6z\u00f6lt\u00e9k.<br \/>\n    A megtakar\u00edt\u00e1si portfoli\u00f3 v\u00e1ltoz\u00e1sa k\u00f6vette a piaci tendenci\u00e1kat, a megtakar\u00edt\u00f3k az alacsony kamatk\u00f6rnyezet miatt a korszer\u0171bb befektet\u00e9si form\u00e1kat r\u00e9szes\u00edtett\u00e9k el\u0151nyben a bet\u00e9tekkel szemben. A tavalyel\u0151tti 1514 milli\u00e1rd forintos lakoss\u00e1gi \u00e9s v\u00e1llalati bet\u00e9t\u00e1llom\u00e1ny \u00edgy a tavaly 1485 milli\u00e1rd forintra cs\u00f6kkent.<br \/>\n    A bet\u00e9t\u00e1llom\u00e1ny 29 milli\u00e1rd forintos cs\u00f6kken\u00e9se mellett azonban jelent\u0151s m\u00e9rt\u00e9kben, 116 milli\u00e1rd forinttal emelkedett az \u00e1llampap\u00edrok \u00e9s a befektet\u00e9si jegyek \u00e1llom\u00e1nya, ami azt mutatja, hogy jelent\u0151s \u00faj forr\u00e1sok \u00e9rkeztek a szektorba. A k\u00f6zlem\u00e9ny szerint ebben az is szerepet j\u00e1tszott, hogy 2016-ban m\u00e1r a takar\u00e9kok \u00f6sszes, orsz\u00e1gosan t\u00f6bb mint 1100 fi\u00f3kj\u00e1ban el\u00e9rhet\u0151ek voltak a befektet\u00e9si szolg\u00e1ltat\u00e1sok.<br \/>\n    A Takar\u00e9k Csoport progn\u00f3zisa szerint id\u00e9n \u00e9s j\u00f6v\u0151re a lakoss\u00e1g j\u00f6vedelme a re\u00e1lb\u00e9r-n\u00f6veked\u00e9s \u00e9s a foglalkoztat\u00e1si helyzet javul\u00e1sa miatt emelkedni fog, \u00edgy a megtakar\u00edt\u00e1sok n\u00f6veked\u00e9se is dinamikus marad.<br \/>\n    A tov\u00e1bbra is alacsony kamatk\u00f6rnyezetben a magasabb hozamot biztos\u00edt\u00f3 p\u00e9nz\u00fcgyi eszk\u00f6z\u00f6k \u00e1llom\u00e1nya b\u0151v\u00fcl els\u0151sorban, t\u00f6retlen lesz az \u00e1llampap\u00edrok \u00e9s a befektet\u00e9si jegyek ir\u00e1nti kereslet. A hozamok emelked\u00e9s\u00e9vel ugyanakkor 2018 m\u00e1sodik fel\u00e9t\u0151l a bet\u00e9tek n\u00e9pszer\u0171s\u00e9ge ism\u00e9t n\u00f6vekedhet &#8211; \u00e1ll a k\u00f6zlem\u00e9nyben.(MTI)<\/p>\n","protected":false},"excerpt":{"rendered":"<p>Csaknem 87 milli\u00e1rd forinttal 1889 milli\u00e1rd forintra emelkedett a Takar\u00e9k Csoportn\u00e1l kezelt v\u00e1llalati \u00e9s lakoss\u00e1gi megtakar\u00edt\u00e1sok \u00e1llom\u00e1nya tavaly &#8211; k\u00f6z\u00f6lte a Takar\u00e9kbank h\u00e9tf\u0151n az MTI-vel.<\/p>\n","protected":false},"author":1,"featured_media":0,"comment_status":"open","ping_status":"closed","sticky":false,"template":"","format":"standard","meta":[],"categories":[19],"tags":[],"_links":{"self":[{"href":"https:\/\/gazdasagportal.hu\/index.php\/wp-json\/wp\/v2\/posts\/90531"}],"collection":[{"href":"https:\/\/gazdasagportal.hu\/index.php\/wp-json\/wp\/v2\/posts"}],"about":[{"href":"https:\/\/gazdasagportal.hu\/index.php\/wp-json\/wp\/v2\/types\/post"}],"author":[{"embeddable":true,"href":"https:\/\/gazdasagportal.hu\/index.php\/wp-json\/wp\/v2\/users\/1"}],"replies":[{"embeddable":true,"href":"https:\/\/gazdasagportal.hu\/index.php\/wp-json\/wp\/v2\/comments?post=90531"}],"version-history":[{"count":1,"href":"https:\/\/gazdasagportal.hu\/index.php\/wp-json\/wp\/v2\/posts\/90531\/revisions"}],"predecessor-version":[{"id":90537,"href":"https:\/\/gazdasagportal.hu\/index.php\/wp-json\/wp\/v2\/posts\/90531\/revisions\/90537"}],"wp:attachment":[{"href":"https:\/\/gazdasagportal.hu\/index.php\/wp-json\/wp\/v2\/media?parent=90531"}],"wp:term":[{"taxonomy":"category","embeddable":true,"href":"https:\/\/gazdasagportal.hu\/index.php\/wp-json\/wp\/v2\/categories?post=90531"},{"taxonomy":"post_tag","embeddable":true,"href":"https:\/\/gazdasagportal.hu\/index.php\/wp-json\/wp\/v2\/tags?post=90531"}],"curies":[{"name":"wp","href":"https:\/\/api.w.org\/{rel}","templated":true}]}}