{"id":90527,"date":"2017-02-27T12:28:09","date_gmt":"2017-02-27T11:28:09","guid":{"rendered":"http:\/\/gazdasagportal.hu\/?p=90527"},"modified":"2017-02-27T14:29:32","modified_gmt":"2017-02-27T13:29:32","slug":"a-gvh-jogserto-reklamok-miatt-megbirsagolta-a-telekomot","status":"publish","type":"post","link":"https:\/\/gazdasagportal.hu\/index.php\/a-gvh-jogserto-reklamok-miatt-megbirsagolta-a-telekomot\/","title":{"rendered":"A GVH jogs\u00e9rt\u0151 rekl\u00e1mok miatt megb\u00edrs\u00e1golta a Telekomot"},"content":{"rendered":"<p><strong>A Gazdas\u00e1gi Versenyhivatal (GVH) jogs\u00e9rt\u0151nek \u00edt\u00e9lte a Magyar Telekom Nyrt. \u00f6sszehasonl\u00edt\u00f3 rekl\u00e1mjait, ez\u00e9rt 35 milli\u00f3 forintos b\u00edrs\u00e1got szabott ki a v\u00e1llalatra &#8211; k\u00f6z\u00f6lte a hivatal h\u00e9tf\u0151n az MTI-vel.<\/strong><!--more--><\/p>\n<div class=\"ads-in-post1\"><div id=\"gazdasagportal.hu_fullbanner_wideboard\"><\/div>\r\n<\/div>\n<p>    A GVH t\u00e1j\u00e9koztat\u00e1sa szerint &#8222;A Telekom 4G mobilinternetet v\u00e1lasztj\u00e1k a legt\u00f6bben. B\u00edzd r\u00e1 magad!&#8221; szlogen\u0171 kamp\u00e1nyban a t\u00e1rsas\u00e1g nem t\u00e1rgyilagosan hasonl\u00edtotta \u00f6ssze a saj\u00e1t szolg\u00e1ltat\u00e1s\u00e1t a versenyt\u00e1rsak\u00e9val. Felid\u00e9zt\u00e9k, hogy a hirdet\u00e9s \u00fczenete szerint a Magyar Telekom 4G mobilinternetet t\u00f6bben haszn\u00e1lj\u00e1k, mint a Telenor vagy a Vodafone 4G mobilinternet-szolg\u00e1ltat\u00e1s\u00e1t.<br \/>\n    A hivatal k\u00f6z\u00f6lte, hogy a hirdet\u00e9sben nem teljes\u00fclt az ellen\u0151rizhet\u0151s\u00e9g k\u00f6vetelm\u00e9nye. A Magyar Telekom \u00e1ll\u00edt\u00e1sait a hivatkozott gyorsjelent\u00e9sek nem t\u00e1masztj\u00e1k al\u00e1, mivel azok 2014 janu\u00e1rj\u00e1ban k\u00e9sz\u00fcltek utolj\u00e1ra, tov\u00e1bb\u00e1 nem tartalmaznak adatokat a 4G h\u00e1l\u00f3zat haszn\u00e1l\u00f3ir\u00f3l &#8211; \u00edrt\u00e1k. A GVH szerint csak a l\u00e9nyeges, meghat\u00e1roz\u00f3, jellemz\u0151 \u00e9s ellen\u0151rizhet\u0151 tulajdons\u00e1gra vonatkoz\u00f3 \u00f6sszehasonl\u00edt\u00f3 rekl\u00e1mok jogszer\u0171ek \u00e9s az \u00f6sszehasonl\u00edt\u00e1snak is t\u00e1rgyilagosnak kell lennie.<br \/>\n    Meg\u00e1llap\u00edtott\u00e1k tov\u00e1bb\u00e1, hogy az ellen\u0151rizhet\u0151s\u00e9g akkor sem teljes\u00fcl, ha a rekl\u00e1m hiteless\u00e9g\u00e9t a fogyaszt\u00f3 nem tudja ellen\u0151rizni, mert az csak b\u00edr\u00f3s\u00e1gi perrel vagy egy hat\u00f3s\u00e1gi elj\u00e1r\u00e1ssal igazolhat\u00f3. Utaltak arra is, hogy a kamp\u00e1ny idej\u00e9n a mobilinternet-piac jelent\u0151sen \u00e1talakult a h\u00e1l\u00f3zatfejleszt\u00e9sek miatt, ez\u00e9rt a rekl\u00e1mok val\u00f3s\u00e1gtartalma, hiteless\u00e9ge csak k\u00e9s\u0151bb &#8211; ak\u00e1r t\u00f6bb \u00e9v eltelt\u00e9vel &#8211; \u00e1llap\u00edthat\u00f3 meg, \u00edgy azok k\u00f6zz\u00e9t\u00e9tele a hivatal szerint tisztess\u00e9gtelen volt.<br \/>\n    A GVH a kommunik\u00e1ci\u00f3s kamp\u00e1ny 2015 j\u00faliusa \u00e9s augusztusa k\u00f6z\u00f6tt megjelent t\u00e1j\u00e9koztat\u00e1sait vizsg\u00e1lta, a b\u00edrs\u00e1g kiszab\u00e1sakor a kommunik\u00e1ci\u00f3s k\u00f6lts\u00e9gekre alapozott. S\u00falyos\u00edt\u00f3 k\u00f6r\u00fclm\u00e9nyk\u00e9nt \u00e9rt\u00e9kelt\u00e9k, hogy a 4G szolg\u00e1ltat\u00e1s a kamp\u00e1ny idej\u00e9n sok fogyaszt\u00f3 el\u0151tt m\u00e9g ismeretlen volt, ez\u00e1ltal a szolg\u00e1ltat\u00f3 inform\u00e1ci\u00f3s el\u0151nyh\u00f6z jutott &#8211; \u00e1ll a k\u00f6zlem\u00e9nyben.<\/p>\n<p>    A Magyar Telekom azt k\u00f6z\u00f6lte az MTI-vel, hogy v\u00e1rhat\u00f3an b\u00edr\u00f3s\u00e1gon t\u00e1madja meg a hat\u00e1rozatot. Felid\u00e9zt\u00e9k, hogy a GVH egy kor\u00e1bbi hat\u00e1rozata miatt szint\u00e9n b\u00edr\u00f3s\u00e1ghoz fordultak, k\u00e9t m\u00e1sik kamp\u00e1nyuk eset\u00e9ben pedig a hivatal nem tal\u00e1lt jogs\u00e9rt\u00e9st. Hozz\u00e1tett\u00e9k, hogy az elm\u00falt h\u00f3napban joger\u0151sen pert nyertek a Vodafone ellen, amely kifog\u00e1solta, hogy a Magyar Telekom a h\u00e1rom magyarorsz\u00e1gi szolg\u00e1ltat\u00f3 4G h\u00e1l\u00f3zat sebess\u00e9g\u00e9t hasonl\u00edtotta \u00f6ssze egy kor\u00e1bbi kamp\u00e1ny\u00e1ban.<br \/>\n(MTI)<\/p><div id=\"gazda-10477370\" class=\"gazda-tartalomban gazda-entity-placement\"><script async src=\"https:\/\/pagead2.googlesyndication.com\/pagead\/js\/adsbygoogle.js\"><\/script>\r\n<ins class=\"adsbygoogle\"\r\n     style=\"display:block\"\r\n     data-ad-format=\"fluid\"\r\n     data-ad-layout-key=\"-6t+ed+2i-1n-4w\"\r\n     data-ad-client=\"ca-pub-1959107119989764\"\r\n     data-ad-slot=\"4008251320\"><\/ins>\r\n<script>\r\n     (adsbygoogle = window.adsbygoogle || []).push({});\r\n<\/script><\/div>\n","protected":false},"excerpt":{"rendered":"<p>A Gazdas\u00e1gi Versenyhivatal (GVH) jogs\u00e9rt\u0151nek \u00edt\u00e9lte a Magyar Telekom Nyrt. \u00f6sszehasonl\u00edt\u00f3 rekl\u00e1mjait, ez\u00e9rt 35 milli\u00f3 forintos b\u00edrs\u00e1got szabott ki a v\u00e1llalatra &#8211; k\u00f6z\u00f6lte a hivatal h\u00e9tf\u0151n az MTI-vel.<\/p>\n","protected":false},"author":1,"featured_media":0,"comment_status":"open","ping_status":"closed","sticky":false,"template":"","format":"standard","meta":[],"categories":[19],"tags":[],"_links":{"self":[{"href":"https:\/\/gazdasagportal.hu\/index.php\/wp-json\/wp\/v2\/posts\/90527"}],"collection":[{"href":"https:\/\/gazdasagportal.hu\/index.php\/wp-json\/wp\/v2\/posts"}],"about":[{"href":"https:\/\/gazdasagportal.hu\/index.php\/wp-json\/wp\/v2\/types\/post"}],"author":[{"embeddable":true,"href":"https:\/\/gazdasagportal.hu\/index.php\/wp-json\/wp\/v2\/users\/1"}],"replies":[{"embeddable":true,"href":"https:\/\/gazdasagportal.hu\/index.php\/wp-json\/wp\/v2\/comments?post=90527"}],"version-history":[{"count":2,"href":"https:\/\/gazdasagportal.hu\/index.php\/wp-json\/wp\/v2\/posts\/90527\/revisions"}],"predecessor-version":[{"id":90536,"href":"https:\/\/gazdasagportal.hu\/index.php\/wp-json\/wp\/v2\/posts\/90527\/revisions\/90536"}],"wp:attachment":[{"href":"https:\/\/gazdasagportal.hu\/index.php\/wp-json\/wp\/v2\/media?parent=90527"}],"wp:term":[{"taxonomy":"category","embeddable":true,"href":"https:\/\/gazdasagportal.hu\/index.php\/wp-json\/wp\/v2\/categories?post=90527"},{"taxonomy":"post_tag","embeddable":true,"href":"https:\/\/gazdasagportal.hu\/index.php\/wp-json\/wp\/v2\/tags?post=90527"}],"curies":[{"name":"wp","href":"https:\/\/api.w.org\/{rel}","templated":true}]}}