{"id":90525,"date":"2017-02-27T12:01:17","date_gmt":"2017-02-27T11:01:17","guid":{"rendered":"http:\/\/gazdasagportal.hu\/?p=90525"},"modified":"2017-02-27T12:01:18","modified_gmt":"2017-02-27T11:01:18","slug":"elemzok-folytatodhat-a-foglalkoztatas-novekedese-de-utemet-fekezheti-a-szakemberhiany","status":"publish","type":"post","link":"https:\/\/gazdasagportal.hu\/index.php\/elemzok-folytatodhat-a-foglalkoztatas-novekedese-de-utemet-fekezheti-a-szakemberhiany\/","title":{"rendered":"Elemz\u0151k: folytat\u00f3dhat a foglalkoztat\u00e1s n\u00f6veked\u00e9se, de \u00fctem\u00e9t f\u00e9kezheti a szakemberhi\u00e1ny"},"content":{"rendered":"<p><strong>Folytat\u00f3dhat a foglalkoztatottak sz\u00e1m\u00e1nak n\u00f6veked\u00e9se, illetve a munkan\u00e9lk\u00fcliek sz\u00e1m\u00e1nak cs\u00f6kken\u00e9se az id\u00e9n, de a folyamat a szakemberhi\u00e1ny miatt m\u00e1r komolyabb akad\u00e1lyokba \u00fctk\u00f6zhet &#8211; komment\u00e1lt\u00e1k a K\u00f6zponti Statisztikai Hivatal (KSH) legfrissebb adatait az MTI-nek nyilatkoz\u00f3 elemz\u0151k.<\/strong><!--more--><\/p>\n<div class=\"ads-in-post1\"><div id=\"gazdasagportal.hu_fullbanner_wideboard\"><\/div>\r\n<\/div>\n<p>    A KSH h\u00e9tf\u0151i k\u00f6zl\u00e9se szerint 2016. november-2017. janu\u00e1rban a foglalkoztatottak \u00e1tlagos l\u00e9tsz\u00e1ma 4 milli\u00f3 401 ezer volt, 161 ezerrel t\u00f6bb, mint egy \u00e9vvel kor\u00e1bban. Az adat 10 ezres cs\u00f6kken\u00e9st mutat az el\u0151z\u0151 h\u00e1rom havi adathoz, a tavalyi negyedik negyed\u00e9v\u00e9hez k\u00e9pest. A munkan\u00e9lk\u00fclis\u00e9gi r\u00e1ta 1,9 sz\u00e1zal\u00e9kponttal 4,3 sz\u00e1zal\u00e9kra cs\u00f6kkent az el\u0151z\u0151 \u00e9v azonos id\u0151szak\u00e1hoz k\u00e9pest, \u00e9s 0,1 sz\u00e1zal\u00e9kponttal alacsonyabb a tavalyi negyedik negyed\u00e9vin\u00e9l. A munkan\u00e9lk\u00fcliek sz\u00e1ma 198 ezerre cs\u00f6kkent, ami 82 ezerrel alacsonyabb az egy \u00e9vvel kor\u00e1bbin\u00e1l.<br \/>\n    Virov\u00e1cz P\u00e9ter, az ING Bank vezet\u0151 elemz\u0151je komment\u00e1rj\u00e1ban felh\u00edvta a figyelmet, hogy a munkak\u00e9pes kor\u00fa lakoss\u00e1g aktivit\u00e1si r\u00e1t\u00e1ja 70,5 sz\u00e1zal\u00e9k volt november-janu\u00e1rban, enyh\u00e9n m\u00e9rs\u00e9kl\u0151d\u00f6tt az elm\u00falt h\u00f3napokhoz k\u00e9pest, ahogy a foglalkoztat\u00e1si r\u00e1ta is.<br \/>\n    Kiemelte: a foglalkoztatotts\u00e1g n\u00f6veked\u00e9s\u00e9nek megakad\u00e1sa azt jelezheti, hogy egyre nehezebb\u00e9 v\u00e1lik a hazai munkaer\u0151hi\u00e1nyos k\u00f6rnyezetben a tov\u00e1bbi l\u00e9tsz\u00e1mb\u0151v\u00edt\u00e9s a v\u00e1llalatoknak. Hozz\u00e1tette azt is, hogy n\u0151 a nyugd\u00edjba vonul\u00f3k sz\u00e1ma.<br \/>\n    A szak\u00e9rt\u0151 szerint a foglalkoztat\u00e1s emelked\u00e9se \u00e9s a munkan\u00e9lk\u00fclis\u00e9g cs\u00f6kken\u00e9se m\u00e1r komolyabb akad\u00e1lyokba \u00fctk\u00f6zhet id\u00e9n, a munkaer\u0151piaci helyzet els\u0151sorban a b\u00e9rek emelked\u00e9s\u00e9vel javulhat tov\u00e1bb, a b\u00e9rek \u00e9ves n\u00f6veked\u00e9si r\u00e1t\u00e1ja el\u00e9rheti ak\u00e1r a k\u00e9tsz\u00e1mjegy\u0171 \u00e1tlagot is. A munkan\u00e9lk\u00fclis\u00e9gi r\u00e1ta v\u00e1rhat\u00f3an 4 sz\u00e1zal\u00e9k k\u00f6r\u00fcl ker\u00fclhet nyugv\u00f3pontra &#8211; jelezte Virov\u00e1cz P\u00e9ter.<br \/>\n    Suppan Gergely, a Takar\u00e9kbank elemz\u0151je hangs\u00falyozta: a foglalkoztat\u00e1s \u00fctem\u00e9nek n\u00f6veked\u00e9s\u00e9t a k\u00f6zelj\u00f6v\u0151ben f\u00e9kezheti az egyre t\u00f6bb \u00e1gazatban jelentkez\u0151 szakemberhi\u00e1ny, ugyanakkor a k\u00f6ztisztvisel\u0151i \u00e1llom\u00e1ny, valamint a k\u00f6zfoglalkoztatottak sz\u00e1m\u00e1nak tervezett cs\u00f6kkent\u00e9se seg\u00edtheti, hogy a munkaer\u0151piac szerkezete kedvez\u0151 ir\u00e1nyba mozduljon.<br \/>\n    Hozz\u00e1tette, hogy a v\u00e1llalkoz\u00e1sokn\u00e1l a munkaer\u0151hi\u00e1ny kik\u00e9nyszer\u00edtheti a termel\u00e9kenys\u00e9g fokoz\u00e1s\u00e1t.<br \/>\n    A szak\u00e9rt\u0151 komment\u00e1rja szerint a k\u00f6vetkez\u0151 h\u00f3napokban a foglalkoztatottak sz\u00e1ma szezon\u00e1lis hat\u00e1sok miatt \u00e1tmenetileg 4,4 milli\u00f3 al\u00e1 cs\u00f6kkenhet, \u00edgy az idei \u00e9v elej\u00e9n szint\u00e9n szezon\u00e1lis hat\u00e1sok miatt \u00e1tmenetileg \u00fajra 4,5 sz\u00e1zal\u00e9k f\u00f6l\u00e9 emelkedhet a munkan\u00e9lk\u00fclis\u00e9gi r\u00e1ta.<br \/>\n    A foglalkoztatottak sz\u00e1m\u00e1nak n\u00f6veked\u00e9se, illetve a munkan\u00e9lk\u00fcliek sz\u00e1m\u00e1nak cs\u00f6kken\u00e9se azonban ebben az \u00e9vben is folytat\u00f3dhat, az \u00e9v m\u00e1sodik fel\u00e9ben m\u00e1r 4 sz\u00e1zal\u00e9k k\u00f6zel\u00e9be m\u00e9rs\u00e9kl\u0151dhet a munkan\u00e9lk\u00fclis\u00e9gi r\u00e1ta. Id\u00e9n 4,1 sz\u00e1zal\u00e9kra cs\u00f6kkenhet az \u00e1tlagos munkan\u00e9lk\u00fclis\u00e9gi r\u00e1ta a tavalyi 5,1 sz\u00e1zal\u00e9kr\u00f3l &#8211; k\u00f6z\u00f6lte Suppan Gergely.<br \/>\n    \u00dcrm\u00f6ssy Gergely, az Erste Bank vezet\u0151 makrogazdas\u00e1gi elemz\u0151je is \u00fagy l\u00e1tja, hogy a munkaer\u0151piac tov\u00e1bb feszesedik id\u00e9n, illetve folytat\u00f3dhat a munkan\u00e9lk\u00fclis\u00e9gi r\u00e1ta m\u00e9rs\u00e9kl\u0151d\u00e9se, c\u00e9lba veheti a 4 sz\u00e1zal\u00e9kos szintet.<br \/>\n    Komment\u00e1rj\u00e1ban szint\u00e9n kiemelte, hogy a tavalyi gyors \u00fctem\u0171 b\u00e9rn\u00f6veked\u00e9s is folytat\u00f3dhat, illetve gyorsulhat.<br \/>\n    A szak\u00e9rt\u0151 szerint a b\u00e9rinfl\u00e1ci\u00f3 hat\u00e1sa hamarosan megjelenik a fogyaszt\u00f3i \u00e1rakban, az infl\u00e1ci\u00f3s r\u00e1ta egy-m\u00e1sf\u00e9l \u00e9ven bel\u00fcl \u00e1tl\u00e9pheti a jegybank 3 sz\u00e1zal\u00e9kos infl\u00e1ci\u00f3s c\u00e9lj\u00e1t.<br \/>\n    Annak ellen\u00e9re, hogy gyorsul az infl\u00e1ci\u00f3, az MNB Monet\u00e1ris Tan\u00e1csa nem fog kamatemel\u00e9ssel reag\u00e1lni, a tan\u00e1cs tagjai t\u00f6bbsz\u00f6r is hangs\u00falyozt\u00e1k, hogy a negat\u00edv re\u00e1lkamat fenntart\u00e1s\u00e1t prefer\u00e1lj\u00e1k. Emiatt az Erst\u00e9n\u00e9l nem sz\u00e1m\u00edtanak az alapkamat v\u00e1ltoz\u00e1s\u00e1ra sem id\u00e9n, sem j\u00f6v\u0151re &#8211; fejtette ki \u00dcrm\u00f6ssy Gergely.(MTI)<\/p>\n","protected":false},"excerpt":{"rendered":"<p>Folytat\u00f3dhat a foglalkoztatottak sz\u00e1m\u00e1nak n\u00f6veked\u00e9se, illetve a munkan\u00e9lk\u00fcliek sz\u00e1m\u00e1nak cs\u00f6kken\u00e9se az id\u00e9n, de a folyamat a szakemberhi\u00e1ny miatt m\u00e1r komolyabb akad\u00e1lyokba \u00fctk\u00f6zhet &#8211; komment\u00e1lt\u00e1k a K\u00f6zponti Statisztikai Hivatal (KSH) legfrissebb adatait az MTI-nek nyilatkoz\u00f3 elemz\u0151k.<\/p>\n","protected":false},"author":1,"featured_media":0,"comment_status":"open","ping_status":"closed","sticky":false,"template":"","format":"standard","meta":[],"categories":[19],"tags":[],"_links":{"self":[{"href":"https:\/\/gazdasagportal.hu\/index.php\/wp-json\/wp\/v2\/posts\/90525"}],"collection":[{"href":"https:\/\/gazdasagportal.hu\/index.php\/wp-json\/wp\/v2\/posts"}],"about":[{"href":"https:\/\/gazdasagportal.hu\/index.php\/wp-json\/wp\/v2\/types\/post"}],"author":[{"embeddable":true,"href":"https:\/\/gazdasagportal.hu\/index.php\/wp-json\/wp\/v2\/users\/1"}],"replies":[{"embeddable":true,"href":"https:\/\/gazdasagportal.hu\/index.php\/wp-json\/wp\/v2\/comments?post=90525"}],"version-history":[{"count":1,"href":"https:\/\/gazdasagportal.hu\/index.php\/wp-json\/wp\/v2\/posts\/90525\/revisions"}],"predecessor-version":[{"id":90526,"href":"https:\/\/gazdasagportal.hu\/index.php\/wp-json\/wp\/v2\/posts\/90525\/revisions\/90526"}],"wp:attachment":[{"href":"https:\/\/gazdasagportal.hu\/index.php\/wp-json\/wp\/v2\/media?parent=90525"}],"wp:term":[{"taxonomy":"category","embeddable":true,"href":"https:\/\/gazdasagportal.hu\/index.php\/wp-json\/wp\/v2\/categories?post=90525"},{"taxonomy":"post_tag","embeddable":true,"href":"https:\/\/gazdasagportal.hu\/index.php\/wp-json\/wp\/v2\/tags?post=90525"}],"curies":[{"name":"wp","href":"https:\/\/api.w.org\/{rel}","templated":true}]}}