{"id":90513,"date":"2017-02-27T07:05:22","date_gmt":"2017-02-27T06:05:22","guid":{"rendered":"http:\/\/gazdasagportal.hu\/?p=90513"},"modified":"2017-02-27T07:05:22","modified_gmt":"2017-02-27T06:05:22","slug":"gki-februarban-megallt-a-konjunkturaindex-emelkedese","status":"publish","type":"post","link":"https:\/\/gazdasagportal.hu\/index.php\/gki-februarban-megallt-a-konjunkturaindex-emelkedese\/","title":{"rendered":"GKI: febru\u00e1rban meg\u00e1llt a konjunkt\u00faraindex emelked\u00e9se"},"content":{"rendered":"<p><strong>Febru\u00e1rban, h\u00e1rom h\u00f3napos emelked\u00e9s ut\u00e1n meg\u00e1llt a GKI konjunkt\u00faraindex\u00e9nek javul\u00e1sa, az \u00fczleti v\u00e1rakoz\u00e1sok nem v\u00e1ltoztak, a fogyaszt\u00f3iak kism\u00e9rt\u00e9kben romlottak. Az index mintegy h\u00e1rom \u00e9ve viszonylag sz\u0171k s\u00e1vban ingadozik, ennek janu\u00e1rhoz hasonl\u00f3an most is a fels\u0151 r\u00e9sz\u00e9n tal\u00e1lhat\u00f3 &#8211; k\u00f6z\u00f6lte a GKI Gazdas\u00e1gkutat\u00f3 Zrt.<\/strong><!--more--><\/p>\n<div class=\"ads-in-post1\"><div id=\"gazdasagportal.hu_fullbanner_wideboard\"><\/div>\r\n<\/div>\n<p>    Az Eur\u00f3pai Uni\u00f3 t\u00e1mogat\u00e1s\u00e1val k\u00e9sz\u00edtett felm\u00e9r\u00e9s szerint a konjunkt\u00faraindex a janu\u00e1ri 0,2 pontr\u00f3l 0,1 pontra romlott, az \u00fczleti bizalmi index 4,4 pontr\u00f3l 4,5 pontra emelkedett, a fogyaszt\u00f3i bizalmi index pedig m\u00ednusz 11,7 pontr\u00f3l m\u00ednusz 12,4 pontra romlott febru\u00e1rban.<br \/>\n    Az \u00fczleti bizalmi indexen bel\u00fcl febru\u00e1rban az ipari \u00e9rezhet\u0151en romlott, a t\u00f6bbi \u00e1gazat\u00e9 kisebb-nagyobb m\u00e9rt\u00e9kben emelkedett. Az iparban rosszabb lett az elm\u00falt \u00e9s a k\u00f6vetkez\u0151 id\u0151szaki termel\u00e9s valamint a rendel\u00e9s\u00e1llom\u00e1ny &#8211; bele\u00e9rtve ebbe az exportrendel\u00e9seket is &#8211; meg\u00edt\u00e9l\u00e9se. A v\u00e1laszol\u00f3k a szok\u00e1sosn\u00e1l kiss\u00e9 magasabbnak \u00e9rezt\u00e9k a k\u00e9szlet\u00e1llom\u00e1nyt is.<br \/>\n    Az \u00e9p\u00edt\u0151ipari kil\u00e1t\u00e1sok febru\u00e1rban m\u00e1r a 4. egym\u00e1st k\u00f6vet\u0151 h\u00f3napban javultak, \u00e9s 28 havi cs\u00facsukra emelkedtek. B\u00e1r a magas\u00e9p\u00edt\u0151 c\u00e9gek tov\u00e1bbra is sokkal optimist\u00e1bbak, a javul\u00e1s id\u00e9n eddig a m\u00e9ly\u00e9p\u00edt\u0151k c\u00e9gek k\u00f6r\u00e9ben volt ugr\u00e1sszer\u0171. Az el\u0151z\u0151 h\u00e1romhavi termel\u00e9s meg\u00edt\u00e9l\u00e9se valamelyest, a rendel\u00e9s\u00e1llom\u00e1ny \u00e9rt\u00e9kel\u00e9se sz\u00e1mottev\u0151en javult janu\u00e1rhoz k\u00e9pest.<br \/>\n    A kereskedelmi bizalmi index febru\u00e1rban harmadik h\u00f3napja emelkedett, de ezzel is bennmaradt az elm\u00falt 3 \u00e9vet jellemz\u0151 viszonylag keskeny s\u00e1vban. Az elad\u00e1si poz\u00edci\u00f3 \u00e9s a k\u00e9szletek meg\u00edt\u00e9l\u00e9se javult, a rendel\u00e9sek\u00e9 viszont kiss\u00e9 romlott.<br \/>\n    A szolg\u00e1ltat\u00f3i bizalmi index febru\u00e1rban visszaemelkedett a tavaly ny\u00e1ri szintre. Az \u00e1ltal\u00e1nos \u00fczletmenetr\u0151l \u00e9s az el\u0151z\u0151 id\u0151szaki forgalomr\u00f3l alkotott v\u00e9lem\u00e9ny kedvez\u0151bb lett, de a forgalmi kil\u00e1t\u00e1sok kiss\u00e9 romlottak.<br \/>\n    A foglalkoztat\u00e1si sz\u00e1nd\u00e9k az iparban h\u00e1romhavi javul\u00e1s ut\u00e1n visszaesett az okt\u00f3beri szintre, romlott a kereskedelmi \u00e9s a szolg\u00e1ltat\u00f3 c\u00e9gek k\u00f6r\u00e9ben is, mik\u00f6zben az \u00e9p\u00edt\u0151iparban er\u0151s\u00f6d\u00e9s volt tapasztalhat\u00f3. Ugyanakkor kiss\u00e9 tov\u00e1bb m\u00e9rs\u00e9kl\u0151d\u00f6tt a lakoss\u00e1g munkan\u00e9lk\u00fclis\u00e9gt\u0151l val\u00f3 am\u00fagy is alacsony szint\u0171 f\u00e9lelme. Az \u00e1remel\u00e9si sz\u00e1nd\u00e9k az \u00e9p\u00edt\u0151iparban a decemberi \u00e9s janu\u00e1ri nagy ugr\u00e1s ut\u00e1n febru\u00e1rban kiss\u00e9 visszafogottabb lett, a t\u00f6bbi \u00e1gazatban viszont nem v\u00e1ltozott. A c\u00e9gek nagyobbik fele &#8211; az iparban csaknem h\u00e1romnegyede &#8211; v\u00e1ltozatlan \u00e1rakra sz\u00e1m\u00edt. Er\u0151s\u00f6d\u00f6tt viszont a fogyaszt\u00f3k infl\u00e1ci\u00f3s v\u00e1rakoz\u00e1sa.<br \/>\n    A magyar gazdas\u00e1g kil\u00e1t\u00e1sainak meg\u00edt\u00e9l\u00e9se minden \u00e1gazatban \u00e9s a fogyaszt\u00f3k k\u00f6r\u00e9ben is \u00e9rezhet\u0151en romlott, legkev\u00e9sb\u00e9 az \u00e9p\u00edt\u0151iparban \u00e9s a lakoss\u00e1g k\u00f6r\u00e9ben.<br \/>\n    A GKI fogyaszt\u00f3i bizalmi index febru\u00e1rban 3 h\u00f3napos emelked\u00e9s ut\u00e1n kis m\u00e9rt\u00e9kben cs\u00f6kkent. A lakoss\u00e1g saj\u00e1t p\u00e9nz\u00fcgyi helyzet\u00e9nek k\u00f6vetkez\u0151 egy \u00e9v\u00e9t a janu\u00e1rin\u00e1l valamivel rosszabbnak, v\u00e1rhat\u00f3 megtakar\u00edt\u00e1si k\u00e9pess\u00e9geit viszont kiss\u00e9 jobbnak \u00edt\u00e9lte. Az emberek a nagy \u00e9rt\u00e9k\u0171 tart\u00f3s fogyaszt\u00e1si cikkek v\u00e1s\u00e1rl\u00e1si lehet\u0151s\u00e9g\u00e9t a kor\u00e1bbihoz hasonl\u00f3nak min\u0151s\u00edtett\u00e9k.(MTI)<\/p>\n","protected":false},"excerpt":{"rendered":"<p>Febru\u00e1rban, h\u00e1rom h\u00f3napos emelked\u00e9s ut\u00e1n meg\u00e1llt a GKI konjunkt\u00faraindex\u00e9nek javul\u00e1sa, az \u00fczleti v\u00e1rakoz\u00e1sok nem v\u00e1ltoztak, a fogyaszt\u00f3iak kism\u00e9rt\u00e9kben romlottak. Az index mintegy h\u00e1rom \u00e9ve viszonylag sz\u0171k s\u00e1vban ingadozik, ennek janu\u00e1rhoz hasonl\u00f3an most is a fels\u0151 r\u00e9sz\u00e9n tal\u00e1lhat\u00f3 &#8211; k\u00f6z\u00f6lte a GKI Gazdas\u00e1gkutat\u00f3 Zrt.<\/p>\n","protected":false},"author":1,"featured_media":0,"comment_status":"open","ping_status":"closed","sticky":false,"template":"","format":"standard","meta":[],"categories":[19],"tags":[],"_links":{"self":[{"href":"https:\/\/gazdasagportal.hu\/index.php\/wp-json\/wp\/v2\/posts\/90513"}],"collection":[{"href":"https:\/\/gazdasagportal.hu\/index.php\/wp-json\/wp\/v2\/posts"}],"about":[{"href":"https:\/\/gazdasagportal.hu\/index.php\/wp-json\/wp\/v2\/types\/post"}],"author":[{"embeddable":true,"href":"https:\/\/gazdasagportal.hu\/index.php\/wp-json\/wp\/v2\/users\/1"}],"replies":[{"embeddable":true,"href":"https:\/\/gazdasagportal.hu\/index.php\/wp-json\/wp\/v2\/comments?post=90513"}],"version-history":[{"count":1,"href":"https:\/\/gazdasagportal.hu\/index.php\/wp-json\/wp\/v2\/posts\/90513\/revisions"}],"predecessor-version":[{"id":90514,"href":"https:\/\/gazdasagportal.hu\/index.php\/wp-json\/wp\/v2\/posts\/90513\/revisions\/90514"}],"wp:attachment":[{"href":"https:\/\/gazdasagportal.hu\/index.php\/wp-json\/wp\/v2\/media?parent=90513"}],"wp:term":[{"taxonomy":"category","embeddable":true,"href":"https:\/\/gazdasagportal.hu\/index.php\/wp-json\/wp\/v2\/categories?post=90513"},{"taxonomy":"post_tag","embeddable":true,"href":"https:\/\/gazdasagportal.hu\/index.php\/wp-json\/wp\/v2\/tags?post=90513"}],"curies":[{"name":"wp","href":"https:\/\/api.w.org\/{rel}","templated":true}]}}