{"id":90418,"date":"2017-02-23T12:58:57","date_gmt":"2017-02-23T11:58:57","guid":{"rendered":"http:\/\/gazdasagportal.hu\/?p=90418"},"modified":"2017-02-23T12:20:38","modified_gmt":"2017-02-23T11:20:38","slug":"az-aaa-auto-jelentosen-novekedett-tavaly-iden-budan-terjeszkednenek","status":"publish","type":"post","link":"https:\/\/gazdasagportal.hu\/index.php\/az-aaa-auto-jelentosen-novekedett-tavaly-iden-budan-terjeszkednenek\/","title":{"rendered":"Az AAA AUTO jelent\u0151sen n\u00f6vekedett tavaly, id\u00e9n Bud\u00e1n terjeszkedn\u00e9nek"},"content":{"rendered":"<p><strong>Az id\u00e9n 25 \u00e9ves c\u00e9g operat\u00edv igazgat\u00f3j\u00e1t, Peter Van\u011b\u010dek-et k\u00e9rdezt\u00fck a c\u00e9gcsoport teljes\u00edtm\u00e9ny\u00e9r\u0151l. K\u00e9zzel foghat\u00f3 a n\u00f6veked\u00e9s\u00fck, csak az idei \u00e9v janu\u00e1rja sor\u00e1n 9 sz\u00e1zal\u00e9kkal n\u0151tt az \u00e9rt\u00e9kes\u00edt\u00e9s az el\u0151z\u0151 \u00e9v azonos id\u0151szak\u00e1hoz k\u00e9pest. Cs\u00facson a haszn\u00e1ltaut\u00f3-piac?<\/strong><!--more--><\/p>\n<div class=\"ads-in-post1\"><div id=\"gazdasagportal.hu_fullbanner_wideboard\"><\/div>\r\n<\/div>\n<p>Cs\u00facs k\u00f6zel\u00e9be \u00e9rkezhetett a magyar haszn\u00e1ltaut\u00f3 piac, negyed\u00e9vr\u0151l-negyed\u00e9vre n\u0151tt az \u00e9rt\u00e9kes\u00edt\u00e9s az elm\u00falt \u00e9vekben. 2016-ban k\u00f6zel 13 sz\u00e1zal\u00e9kkal t\u00f6bb aut\u00f3 cser\u00e9lt gazd\u00e1t, mik\u00f6zben a k\u00edn\u00e1lati \u00e1rak mintegy 6 sz\u00e1zal\u00e9kkal emelkedtek. Az el\u0151rejelz\u00e9sek szerint 2017-ben is folytat\u00f3dik egy lass\u00fa n\u00f6veked\u00e9s. Ebb\u0151l az emelked\u00e9sb\u0151l az \u00e9rt\u00e9kes\u00edt\u00e9si oldal is profit\u00e1l, \u00edgy h\u00e1t megkerest\u00fck a cseh k\u00f6zpont\u00fa AAA Auto vezet\u0151s\u00e9g\u00e9t, hogy avassanak be minket, milyen trendeket l\u00e1tnak Magyarorsz\u00e1gon. Pozsonyban tal\u00e1lkoztunk a c\u00e9g operat\u00edv igazgat\u00f3j\u00e1val. Az al\u00e1bbiakat k\u00e9rdezt\u00fck:<\/p>\n<p>Mekkora teljes\u00edtm\u00e9ny\u0171 \u00e9s m\u00e9ret\u0171 modellek mennek Magyarorsz\u00e1gon?<br \/>\nMennyi az \u00e1tlagos v\u00e9tel\u00e1r Magyarorsz\u00e1gon?<br \/>\nMi a 3 legn\u00e9pszer\u0171bb m\u00e1rka Magyarorsz\u00e1gon?<br \/>\nHasonl\u00f3ak a trendek m\u00e1s k\u00f6z\u00e9p-kelet-eur\u00f3pai orsz\u00e1gokban?<br \/>\nMelyik orsz\u00e1gban n\u0151tt legink\u00e1bb az \u00fczleti eredm\u00e9ny\u00fck?<br \/>\nMagyarorsz\u00e1gon mennyire tudtak n\u00f6vekedni?<br \/>\nTervezik-e a b\u0151v\u00edt\u00e9st Magyarorsz\u00e1gon?<br \/>\nA haszn\u00e1lt elektromos aut\u00f3k ir\u00e1nt n\u0151 a kereslet?<\/p><div id=\"gazda-2189831345\" class=\"gazda-tartalomban gazda-entity-placement\"><script async src=\"https:\/\/pagead2.googlesyndication.com\/pagead\/js\/adsbygoogle.js\"><\/script>\r\n<ins class=\"adsbygoogle\"\r\n     style=\"display:block\"\r\n     data-ad-format=\"fluid\"\r\n     data-ad-layout-key=\"-6t+ed+2i-1n-4w\"\r\n     data-ad-client=\"ca-pub-1959107119989764\"\r\n     data-ad-slot=\"4008251320\"><\/ins>\r\n<script>\r\n     (adsbygoogle = window.adsbygoogle || []).push({});\r\n<\/script><\/div>\n<p>Az AAA AUTO Csoport 2016-os \u00e9rt\u00e9kes\u00edt\u00e9si adatai alapj\u00e1n a max. 69 kW (92 l\u00f3er\u0151) teljes\u00edtm\u00e9ny\u0171, ferdeh\u00e1t\u00fa, k\u00e9tker\u00e9k-meghajt\u00e1s\u00fa, benzin\u00fczem\u0171, k\u00e9zi sebess\u00e9gv\u00e1lt\u00f3s aut\u00f3k voltak a legkeresettebbek a magyar haszn\u00e1ltaut\u00f3-v\u00e1s\u00e1rl\u00f3k k\u00f6r\u00e9ben a tavalyi \u00e9vben. Magyarorsz\u00e1gon a sz\u00fcrke volt a legkedveltebb sz\u00edn, a ferdeh\u00e1t\u00fa modelleket pedig a szed\u00e1nok k\u00f6vett\u00e9k a n\u00e9pszer\u0171s\u00e9gi list\u00e1n. Az AAA AUTO 2016-ra vonatkoz\u00f3 \u00e9rt\u00e9kes\u00edt\u00e9si adatai alapj\u00e1n az Opel Astra, a Suzuki Swift \u00e9s a Ford Focus voltak a legn\u00e9pszer\u0171bb modellek Magyarorsz\u00e1gon. A c\u00e9g csoportszinten 69 ezer haszn\u00e1lt aut\u00f3t \u00e9rt\u00e9kes\u00edtett 2016-ban. A t\u00e1rsas\u00e1g a j\u00f6v\u0151ben tov\u00e1bb n\u00f6veli telephelyeinek sz\u00e1m\u00e1t \u00e9s b\u0151v\u00edti az elad\u00e1sra k\u00edn\u00e1lt g\u00e9pkocsik mennyis\u00e9g\u00e9t.<\/p>\n<p><iframe loading=\"lazy\" width=\"509\" height=\"319\" src=\"http:\/\/gazdasagtv.hu\/iframe.php?id=10955\" style=\"border: none; overflow: hidden\" scrolling=\"no\"><\/iframe><br \/>Forr\u00e1s: <a href=\"http:\/\/gazdasagtv.hu\" style=\"color: #df1100; font-weight: bold; text-decoration: none;\" target=\"_blank\" rel=\"noopener\">Gazdas\u00e1gTV.hu<\/a><\/p>\n","protected":false},"excerpt":{"rendered":"<p>Az id\u00e9n 25 \u00e9ves c\u00e9g operat\u00edv igazgat\u00f3j\u00e1t, Peter Van\u011b\u010dek-et k\u00e9rdezt\u00fck a c\u00e9gcsoport teljes\u00edtm\u00e9ny\u00e9r\u0151l. K\u00e9zzel foghat\u00f3 a n\u00f6veked\u00e9s\u00fck, csak az idei \u00e9v janu\u00e1rja sor\u00e1n 9 sz\u00e1zal\u00e9kkal n\u0151tt az \u00e9rt\u00e9kes\u00edt\u00e9s az el\u0151z\u0151 \u00e9v azonos id\u0151szak\u00e1hoz k\u00e9pest. Cs\u00facson a haszn\u00e1ltaut\u00f3-piac?<\/p>\n","protected":false},"author":1,"featured_media":0,"comment_status":"open","ping_status":"closed","sticky":false,"template":"","format":"standard","meta":[],"categories":[19],"tags":[],"_links":{"self":[{"href":"https:\/\/gazdasagportal.hu\/index.php\/wp-json\/wp\/v2\/posts\/90418"}],"collection":[{"href":"https:\/\/gazdasagportal.hu\/index.php\/wp-json\/wp\/v2\/posts"}],"about":[{"href":"https:\/\/gazdasagportal.hu\/index.php\/wp-json\/wp\/v2\/types\/post"}],"author":[{"embeddable":true,"href":"https:\/\/gazdasagportal.hu\/index.php\/wp-json\/wp\/v2\/users\/1"}],"replies":[{"embeddable":true,"href":"https:\/\/gazdasagportal.hu\/index.php\/wp-json\/wp\/v2\/comments?post=90418"}],"version-history":[{"count":1,"href":"https:\/\/gazdasagportal.hu\/index.php\/wp-json\/wp\/v2\/posts\/90418\/revisions"}],"predecessor-version":[{"id":90419,"href":"https:\/\/gazdasagportal.hu\/index.php\/wp-json\/wp\/v2\/posts\/90418\/revisions\/90419"}],"wp:attachment":[{"href":"https:\/\/gazdasagportal.hu\/index.php\/wp-json\/wp\/v2\/media?parent=90418"}],"wp:term":[{"taxonomy":"category","embeddable":true,"href":"https:\/\/gazdasagportal.hu\/index.php\/wp-json\/wp\/v2\/categories?post=90418"},{"taxonomy":"post_tag","embeddable":true,"href":"https:\/\/gazdasagportal.hu\/index.php\/wp-json\/wp\/v2\/tags?post=90418"}],"curies":[{"name":"wp","href":"https:\/\/api.w.org\/{rel}","templated":true}]}}