{"id":90414,"date":"2017-02-23T12:04:14","date_gmt":"2017-02-23T11:04:14","guid":{"rendered":"http:\/\/gazdasagportal.hu\/?p=90414"},"modified":"2017-02-23T12:04:14","modified_gmt":"2017-02-23T11:04:14","slug":"egyre-intenzivebb-verseny-indult-a-munkaeroert-magyarorszagon","status":"publish","type":"post","link":"https:\/\/gazdasagportal.hu\/index.php\/egyre-intenzivebb-verseny-indult-a-munkaeroert-magyarorszagon\/","title":{"rendered":"Egyre intenz\u00edvebb verseny indult a munkaer\u0151\u00e9rt Magyarorsz\u00e1gon"},"content":{"rendered":"<p><strong>Egyre intenz\u00edvebb verseny indult a munkaer\u0151\u00e9rt Magyarorsz\u00e1gon &#8211; mondta Simon Attila, a Nemzetgazdas\u00e1gi Miniszt\u00e9rium (NGM) munkaer\u0151piac\u00e9rt felel\u0151s helyettes \u00e1llamtitk\u00e1ra cs\u00fct\u00f6rt\u00f6k\u00f6n a Piac \u00e9s Profit, valamint a Budapesti Kereskedelmi \u00e9s Iparkamara (BKIK) Munkaer\u0151 &#8211; 2017 c\u00edmmel rendezett konferenci\u00e1j\u00e1n.<\/strong><!--more--><\/p>\n<div class=\"ads-in-post1\"><div id=\"gazdasagportal.hu_fullbanner_wideboard\"><\/div>\r\n<\/div>\n<p>    Kifejtette: a magyar munkaer\u0151piacot a munkaer\u0151 ir\u00e1nti kereslet \u00e9s k\u00edn\u00e1lat egyens\u00falytalans\u00e1ga jellemzi, a hi\u00e1ny t\u00f6bbnyire egyes \u00e1gazatokat \u00e9rint, mik\u00f6zben munkaer\u0151tartal\u00e9k els\u0151sorban Magyarorsz\u00e1g keleti \u00e9s d\u00e9l-nyugati r\u00e9sz\u00e9n van.<br \/>\n    A helyettes \u00e1llamtitk\u00e1r hangs\u00falyozta, hogy a korm\u00e1ny er\u0151teljesebben seg\u00edti a munkaer\u0151mobilit\u00e1st, 2017 janu\u00e1rt\u00f3l emelt\u00e9k a munk\u00e1baj\u00e1r\u00e1s \u00e9s a lakhat\u00e1s t\u00e1mogat\u00e1s\u00e1t.<br \/>\n    Simon Attila kit\u00e9rt arra, hogy az ut\u00f3bbi id\u0151ben az \u00fcres \u00e1ll\u00e1shelyek sz\u00e1ma nagyobb ar\u00e1nyban n\u00f6vekedett a versenyszf\u00e9r\u00e1ban, mint a k\u00f6lts\u00e9gvet\u00e9siben, a hi\u00e1ny pedig a versenyszf\u00e9r\u00e1ban legink\u00e1bb az IT-szektort \u00e9s a feldolgoz\u00f3ipart \u00e9rinti.<br \/>\n    Fontosnak nevezte a helyettes \u00e1llamtitk\u00e1r a munkaer\u0151ut\u00e1np\u00f3tl\u00e1s \u00e9rdek\u00e9ben a szakk\u00e9pz\u00e9s min\u0151s\u00e9gi fejleszt\u00e9s\u00e9t, az \u00e9lethosszig tart\u00f3 tanul\u00e1s kiterjeszt\u00e9s\u00e9t egyre t\u00f6bb \u00e1gazatra.<br \/>\n    Simon Attila kiemelte, a korm\u00e1ny tov\u00e1bbra is seg\u00edti, hogy a k\u00f6zfoglalkoztatottak k\u00f6z\u00fcl min\u00e9l t\u00f6bben a versenyszf\u00e9r\u00e1ban kapjanak \u00e1ll\u00e1st, sz\u00e1m\u00edt\u00e1suk szerint a mostani 230-250 ezer k\u00f6zfoglalkoztatott k\u00f6z\u00fcl 50-80 ezret lehetne n\u00e9mi seg\u00edts\u00e9ggel tart\u00f3san az els\u0151dleges munkaer\u0151piacra juttatni.<br \/>\n    A helyettes \u00e1llamtitk\u00e1r hangs\u00falyozta, hogy a korm\u00e1ny k\u00fcl\u00f6nb\u00f6z\u0151 programokkal seg\u00edti a fiatalok foglalkoztat\u00e1s\u00e1t, a fiatalok v\u00e1llalkoz\u00f3v\u00e1 v\u00e1l\u00e1s\u00e1t, a rugalmas foglalkoztat\u00e1s terjed\u00e9s\u00e9t.<br \/>\n    A konferenci\u00e1n Simon Attila felh\u00edvta a figyelmet arra, hogy a szakt\u00e1rca is megjelenteti 2017 m\u00e1rcius 31-\u00e9ig a 2020-ig sz\u00f3l\u00f3 uni\u00f3s fejleszt\u00e9si program munkaer\u0151piaci p\u00e1ly\u00e1zati felh\u00edv\u00e1sait.(MTI)<\/p>\n","protected":false},"excerpt":{"rendered":"<p>Egyre intenz\u00edvebb verseny indult a munkaer\u0151\u00e9rt Magyarorsz\u00e1gon &#8211; mondta Simon Attila, a Nemzetgazdas\u00e1gi Miniszt\u00e9rium (NGM) munkaer\u0151piac\u00e9rt felel\u0151s helyettes \u00e1llamtitk\u00e1ra cs\u00fct\u00f6rt\u00f6k\u00f6n a Piac \u00e9s Profit, valamint a Budapesti Kereskedelmi \u00e9s Iparkamara (BKIK) Munkaer\u0151 &#8211; 2017 c\u00edmmel rendezett konferenci\u00e1j\u00e1n.<\/p>\n","protected":false},"author":1,"featured_media":0,"comment_status":"open","ping_status":"closed","sticky":false,"template":"","format":"standard","meta":[],"categories":[19],"tags":[],"_links":{"self":[{"href":"https:\/\/gazdasagportal.hu\/index.php\/wp-json\/wp\/v2\/posts\/90414"}],"collection":[{"href":"https:\/\/gazdasagportal.hu\/index.php\/wp-json\/wp\/v2\/posts"}],"about":[{"href":"https:\/\/gazdasagportal.hu\/index.php\/wp-json\/wp\/v2\/types\/post"}],"author":[{"embeddable":true,"href":"https:\/\/gazdasagportal.hu\/index.php\/wp-json\/wp\/v2\/users\/1"}],"replies":[{"embeddable":true,"href":"https:\/\/gazdasagportal.hu\/index.php\/wp-json\/wp\/v2\/comments?post=90414"}],"version-history":[{"count":1,"href":"https:\/\/gazdasagportal.hu\/index.php\/wp-json\/wp\/v2\/posts\/90414\/revisions"}],"predecessor-version":[{"id":90415,"href":"https:\/\/gazdasagportal.hu\/index.php\/wp-json\/wp\/v2\/posts\/90414\/revisions\/90415"}],"wp:attachment":[{"href":"https:\/\/gazdasagportal.hu\/index.php\/wp-json\/wp\/v2\/media?parent=90414"}],"wp:term":[{"taxonomy":"category","embeddable":true,"href":"https:\/\/gazdasagportal.hu\/index.php\/wp-json\/wp\/v2\/categories?post=90414"},{"taxonomy":"post_tag","embeddable":true,"href":"https:\/\/gazdasagportal.hu\/index.php\/wp-json\/wp\/v2\/tags?post=90414"}],"curies":[{"name":"wp","href":"https:\/\/api.w.org\/{rel}","templated":true}]}}