{"id":90412,"date":"2017-02-23T11:41:11","date_gmt":"2017-02-23T10:41:11","guid":{"rendered":"http:\/\/gazdasagportal.hu\/?p=90412"},"modified":"2017-02-23T11:41:11","modified_gmt":"2017-02-23T10:41:11","slug":"drasztikusan-csokkenti-cukorfelhasznalasat-a-nestle","status":"publish","type":"post","link":"https:\/\/gazdasagportal.hu\/index.php\/drasztikusan-csokkenti-cukorfelhasznalasat-a-nestle\/","title":{"rendered":"Drasztikusan cs\u00f6kkenti cukorfelhaszn\u00e1l\u00e1s\u00e1t a Nestl\u00e9"},"content":{"rendered":"<p><strong>Drasztikusan cs\u00f6kkenti cukorfelhaszn\u00e1l\u00e1s\u00e1t a Nestl\u00e9, a sv\u00e1jci \u00e9lelmiszeripari v\u00e1llalat 18 ezer tonn\u00e1val kevesebb cukrot haszn\u00e1l fel Eur\u00f3p\u00e1ban 2020-ig, \u00edgy \u00e1tlagosan 5 sz\u00e1zal\u00e9kkal cs\u00f6kken term\u00e9kei cukortartalma &#8211; k\u00f6z\u00f6lte a c\u00e9g cs\u00fct\u00f6rt\u00f6k\u00f6n az MTI-vel.<\/strong><!--more--><\/p>\n<div class=\"ads-in-post1\"><div id=\"gazdasagportal.hu_fullbanner_wideboard\"><\/div>\r\n<\/div>\n<p>    A k\u00f6zlem\u00e9ny szerint a c\u00e9g folyamatosan cs\u00f6kkenti term\u00e9kei cukor-, s\u00f3- \u00e9s zs\u00edrtartalm\u00e1t, ezzel egy\u00fctt n\u00f6veli olyan hasznos \u00f6sszetev\u0151k, mint a teljes \u00e9rt\u00e9k\u0171 gabona ar\u00e1ny\u00e1t. Az innov\u00e1ci\u00f3k r\u00e9v\u00e9n ak\u00e1r 40 sz\u00e1zal\u00e9kkal cs\u00f6kken az \u00e9dess\u00e9gek cukortartalma, mik\u00f6zben azok megszokott \u00edze megmarad. A Nestl\u00e9 csak az elm\u00falt h\u00e1rom \u00e9vben m\u00e1r t\u00f6bb mint 11 ezer tonn\u00e1val cs\u00f6kkentette term\u00e9kei cukortartalm\u00e1t Eur\u00f3p\u00e1ban &#8211; \u00edrt\u00e1k.<br \/>\n    A t\u00e1j\u00e9koztat\u00e1s szerint a gyermekeknek sz\u00e1nt reggeliz\u0151pelyhekben 2014 \u00e9v v\u00e9g\u00e9re adagonk\u00e9nt 9 grammra m\u00e9rs\u00e9kl\u0151d\u00f6tt a cukor. Magyarorsz\u00e1g az els\u0151 orsz\u00e1gok k\u00f6z\u00f6tt volt, ahol bevezett\u00e9k a kor\u00e1bbin\u00e1l 50 sz\u00e1zal\u00e9kkal kevesebb cukrot tartalmaz\u00f3 kaka\u00f3italport, a magyar szakemberek a fejleszt\u00e9sben is r\u00e9szt vettek.<br \/>\n    A k\u00f6zlem\u00e9ny szerint Marco Settembri, a Nestl\u00e9 EMENA (Eur\u00f3pa, K\u00f6zel-Kelet \u00e9s \u00c9szak-Afrika) z\u00f3n\u00e1j\u00e1nak vezet\u0151je M\u00e1lt\u00e1n, az Eur\u00f3pai Uni\u00f3 gyermekelh\u00edz\u00e1sr\u00f3l rendezett konferenci\u00e1j\u00e1n elmondta: am\u00edg Eur\u00f3p\u00e1ban h\u00e1rom gyermekb\u0151l egy t\u00fals\u00falyos, fontos, hogy kiegyens\u00falyozottabb \u00f6sszet\u00e9tel\u0171 term\u00e9keket k\u00edn\u00e1ljanak, \u00e9s felh\u00edvj\u00e1k a figyelmet az akt\u00edv \u00e9letm\u00f3dra.<br \/>\n    A Nestl\u00e9 egyet\u00e9rt az Eur\u00f3pai Bizotts\u00e1ggal \u00e9s az uni\u00f3s tag\u00e1llamokkal abban, hogy 2017 v\u00e9g\u00e9ig akci\u00f3tervet kell k\u00e9sz\u00edteni az \u00e9lelmiszerek hozz\u00e1adott cukortartalm\u00e1nak cs\u00f6kkent\u00e9s\u00e9re. Mivel m\u00e1r t\u00f6bb orsz\u00e1g dolgozik e c\u00e9l el\u00e9r\u00e9s\u00e9n, a Nestl\u00e9 azt szorgalmazza, hogy a munk\u00e1t az Eur\u00f3pai Uni\u00f3 koordin\u00e1lja, \u00e9s minden orsz\u00e1gra \u00e9rv\u00e9nyes egys\u00e9ges ir\u00e1nyelvet alkosson &#8211; \u00e1ll a k\u00f6zlem\u00e9nyben.(MTI)<\/p>\n","protected":false},"excerpt":{"rendered":"<p>Drasztikusan cs\u00f6kkenti cukorfelhaszn\u00e1l\u00e1s\u00e1t a Nestl\u00e9, a sv\u00e1jci \u00e9lelmiszeripari v\u00e1llalat 18 ezer tonn\u00e1val kevesebb cukrot haszn\u00e1l fel Eur\u00f3p\u00e1ban 2020-ig, \u00edgy \u00e1tlagosan 5 sz\u00e1zal\u00e9kkal cs\u00f6kken term\u00e9kei cukortartalma &#8211; k\u00f6z\u00f6lte a c\u00e9g cs\u00fct\u00f6rt\u00f6k\u00f6n az MTI-vel.<\/p>\n","protected":false},"author":1,"featured_media":0,"comment_status":"open","ping_status":"closed","sticky":false,"template":"","format":"standard","meta":[],"categories":[246],"tags":[],"_links":{"self":[{"href":"https:\/\/gazdasagportal.hu\/index.php\/wp-json\/wp\/v2\/posts\/90412"}],"collection":[{"href":"https:\/\/gazdasagportal.hu\/index.php\/wp-json\/wp\/v2\/posts"}],"about":[{"href":"https:\/\/gazdasagportal.hu\/index.php\/wp-json\/wp\/v2\/types\/post"}],"author":[{"embeddable":true,"href":"https:\/\/gazdasagportal.hu\/index.php\/wp-json\/wp\/v2\/users\/1"}],"replies":[{"embeddable":true,"href":"https:\/\/gazdasagportal.hu\/index.php\/wp-json\/wp\/v2\/comments?post=90412"}],"version-history":[{"count":1,"href":"https:\/\/gazdasagportal.hu\/index.php\/wp-json\/wp\/v2\/posts\/90412\/revisions"}],"predecessor-version":[{"id":90413,"href":"https:\/\/gazdasagportal.hu\/index.php\/wp-json\/wp\/v2\/posts\/90412\/revisions\/90413"}],"wp:attachment":[{"href":"https:\/\/gazdasagportal.hu\/index.php\/wp-json\/wp\/v2\/media?parent=90412"}],"wp:term":[{"taxonomy":"category","embeddable":true,"href":"https:\/\/gazdasagportal.hu\/index.php\/wp-json\/wp\/v2\/categories?post=90412"},{"taxonomy":"post_tag","embeddable":true,"href":"https:\/\/gazdasagportal.hu\/index.php\/wp-json\/wp\/v2\/tags?post=90412"}],"curies":[{"name":"wp","href":"https:\/\/api.w.org\/{rel}","templated":true}]}}