{"id":90410,"date":"2017-02-23T11:19:54","date_gmt":"2017-02-23T10:19:54","guid":{"rendered":"http:\/\/gazdasagportal.hu\/?p=90410"},"modified":"2017-02-23T11:19:54","modified_gmt":"2017-02-23T10:19:54","slug":"gyorsjelentes-erosebb-versenyre-csokkeno-bevetelre-es-eredmenyre-szamit-a-telekom","status":"publish","type":"post","link":"https:\/\/gazdasagportal.hu\/index.php\/gyorsjelentes-erosebb-versenyre-csokkeno-bevetelre-es-eredmenyre-szamit-a-telekom\/","title":{"rendered":"Gyorsjelent\u00e9s: Er\u0151sebb versenyre, cs\u00f6kken\u0151 bev\u00e9telre \u00e9s eredm\u00e9nyre sz\u00e1m\u00edt a Telekom"},"content":{"rendered":"<p><a href=\"https:\/\/gazdasagportal.hu\/wp-content\/uploads\/2014\/08\/telekom8.jpg\"><img decoding=\"async\" loading=\"lazy\" src=\"https:\/\/gazdasagportal.hu\/wp-content\/uploads\/2014\/08\/telekom8.jpg\" alt=\"telekom8\" width=\"600\" height=\"338\" class=\"aligncenter size-full wp-image-41185\" srcset=\"https:\/\/gazdasagportal.hu\/wp-content\/uploads\/2014\/08\/telekom8.jpg 600w, https:\/\/gazdasagportal.hu\/wp-content\/uploads\/2014\/08\/telekom8-300x169.jpg 300w\" sizes=\"(max-width: 600px) 100vw, 600px\" \/><\/a><br \/>\n<strong>Tov\u00e1bb er\u0151s\u00f6dik a verseny a magyar t\u00e1vk\u00f6zl\u00e9si piacon, \u00e9s r\u00e9szben ez az indoka annak, hogy az id\u00e9n a Magyar Telekom kisebb bev\u00e9telt \u00e9s eredm\u00e9nyt v\u00e1r.<\/strong><!--more--><\/p>\n<div class=\"ads-in-post1\"><div id=\"gazdasagportal.hu_fullbanner_wideboard\"><\/div>\r\n<\/div>\n<p>    Szab\u00f3 J\u00e1nos, a Magyar Telekom gazdas\u00e1gi vez\u00e9rigazgat\u00f3-helyettese cs\u00fct\u00f6rt\u00f6k\u00f6n, az \u00e9v\u00e9rt\u00e9kel\u0151 sajt\u00f3t\u00e1j\u00e9koztat\u00f3n kih\u00edv\u00e1sokkal telinek nevezte a t\u00e1ras\u00e1g idei \u00e9vi p\u00e9nz\u00fcgyi terveit, amelyben 2 sz\u00e1zal\u00e9kos bev\u00e9tel- \u00e9s 3,2 sz\u00e1zal\u00e9kos EBITDA (kamatfizet\u00e9s, ad\u00f3z\u00e1s \u00e9s \u00e9rt\u00e9kcs\u00f6kken\u00e9si le\u00edr\u00e1s el\u0151tti) eredm\u00e9ny-cs\u00f6kken\u00e9st kalkul\u00e1lt a v\u00e1llalat.<br \/>\n    Hozz\u00e1tette, a visszaes\u00e9st a Telekom a beruh\u00e1z\u00e1sok kism\u00e9rt\u00e9k\u0171 m\u00e9rs\u00e9kl\u00e9s\u00e9vel igyekszik kompenz\u00e1lni. Elmondta, a cs\u00f6kken\u00e9s r\u00e9szben azzal is indokolhat\u00f3, hogy az el\u0151z\u0151 \u00e9vekben a beruh\u00e1z\u00e1sok m\u00e9rt\u00e9ke felfokozott volt a h\u00e1l\u00f3zatfejleszt\u00e9sek miatt.<br \/>\n    Arra a k\u00e9rd\u00e9sre, hogy a kiugr\u00f3 2016-os eredm\u00e9nyek \u00e9s k\u00e9szp\u00e9nztermel\u0151 k\u00e9pess\u00e9g ellen\u00e9re mi\u00e9rt javasol az igazgat\u00f3tan\u00e1cs az elemz\u0151k \u00e1ltal v\u00e1rt 32 forintn\u00e1l alacsonyabb, 25 forintos osztal\u00e9kot, Szab\u00f3 J\u00e1nos elmondta: a c\u00e9g nett\u00f3 elad\u00f3sodotts\u00e1gi r\u00e1t\u00e1ja (a nett\u00f3 ad\u00f3ss\u00e1gnak az \u00f6sszes t\u0151k\u00e9re vet\u00edtett ar\u00e1nya) rendszeresen t\u00fall\u00e9pte a 30-40 sz\u00e1zal\u00e9k k\u00f6z\u00f6tti tartom\u00e1nyt. K\u00f6z\u00f6lte, 2016 v\u00e9g\u00e9re a r\u00e1ta 39,3 sz\u00e1zal\u00e9kra javult, de &#8222;komfortosabb szintet&#8221; szeretn\u00e9nek el\u00e9rni, a s\u00e1v k\u00f6zep\u00e9t. Emellett a verseny- \u00e9s szab\u00e1lyoz\u00e1si k\u00f6rnyezet, a bizonytalans\u00e1gi t\u00e9nyez\u0151k miatt tartal\u00e9kk\u00e9pz\u00e9sre is sz\u00fcks\u00e9g van, ez\u00e9rt a felszabadul\u00f3 er\u0151forr\u00e1snak csak egy r\u00e9sz\u00e9t fizetik ki osztal\u00e9kk\u00e9nt &#8211; mondta.<br \/>\n    Christopher Mattheisen vez\u00e9rigazgat\u00f3 az esem\u00e9nyen sikernek nevezte a v\u00e1llalat 2016-os eredm\u00e9nyeit. Kiemelte, hogy a vezet\u00e9kes h\u00e1l\u00f3zatfejleszt\u00e9s eredm\u00e9nyek\u00e9nt k\u00e9t \u00e9v alatt egymilli\u00f3 \u00faj h\u00e1ztart\u00e1st \u00e9rtek el nagysebess\u00e9g\u0171 sz\u00e9less\u00e1v\u00fa internettel, az id\u00e9n pedig 270 ezer h\u00e1ztart\u00e1s el\u00e9r\u00e9se a c\u00e9l, ezzel t\u00f6bb mint 3 milli\u00f3 magyar h\u00e1ztart\u00e1sban lesz el\u00e9rhet\u0151 a m\u00e1sodpercenk\u00e9nt legal\u00e1bb 30 megabites let\u00f6lt\u00e9si sebess\u00e9g\u0171 internet. Hozz\u00e1tette: az idei vezet\u00e9kes fejleszt\u00e9sek mintegy \u00f6t\u00f6de uni\u00f3s forr\u00e1ssal val\u00f3sul meg.<br \/>\n    A vez\u00e9rigazgat\u00f3 elmondta, hogy 2016. a nagy beruh\u00e1z\u00e1sok \u00e9ve volt nemcsak a vezet\u00e9kes, hanem a mobil \u00fczlet\u00e1gban is. A lakoss\u00e1gi 4G h\u00e1l\u00f3zat orsz\u00e1gos k\u00fcls\u0151 lefedetts\u00e9ge 98 sz\u00e1zal\u00e9kra n\u0151tt, a belt\u00e9ri lefedetts\u00e9g pedig 87 sz\u00e1zal\u00e9kos lett.     A t\u00e1vk\u00f6zl\u00e9si t\u00e1rsas\u00e1g \u00e9ves \u00e1rbev\u00e9tele 2016-ban 602,65 milli\u00e1rd forint volt, 8,2 sz\u00e1zal\u00e9kkal alacsonyabb a 2015. \u00e9vi 656,3 milli\u00e1rdn\u00e1l, a t\u00e1rsas\u00e1g r\u00e9szv\u00e9nyeseire jut\u00f3 nett\u00f3 eredm\u00e9ny viszont csaknem dupl\u00e1j\u00e1ra, 54,28 milli\u00e1rd forintra emelkedett. A Telekom szerd\u00e1n bejelentette, hogy a 2016. \u00e9v ut\u00e1n 25 forint osztal\u00e9kfizet\u00e9st javasol a k\u00f6zgy\u0171l\u00e9snek, a cs\u00fct\u00f6rt\u00f6ki sajt\u00f3t\u00e1j\u00e9koztat\u00f3n elhangzott, hogy a 2017. \u00e9vi eredm\u00e9ny ut\u00e1n szint\u00e9n 25 forintos osztal\u00e9kot c\u00e9loznak meg. A v\u00e1llalat tavaly 15 forint osztal\u00e9kot fizetett.(MTI)<\/p>\n","protected":false},"excerpt":{"rendered":"<p>Tov\u00e1bb er\u0151s\u00f6dik a verseny a magyar t\u00e1vk\u00f6zl\u00e9si piacon, \u00e9s r\u00e9szben ez az indoka annak, hogy az id\u00e9n a Magyar Telekom kisebb bev\u00e9telt \u00e9s eredm\u00e9nyt v\u00e1r.<\/p>\n","protected":false},"author":1,"featured_media":41185,"comment_status":"open","ping_status":"closed","sticky":false,"template":"","format":"standard","meta":[],"categories":[403,146,7,47,34],"tags":[],"_links":{"self":[{"href":"https:\/\/gazdasagportal.hu\/index.php\/wp-json\/wp\/v2\/posts\/90410"}],"collection":[{"href":"https:\/\/gazdasagportal.hu\/index.php\/wp-json\/wp\/v2\/posts"}],"about":[{"href":"https:\/\/gazdasagportal.hu\/index.php\/wp-json\/wp\/v2\/types\/post"}],"author":[{"embeddable":true,"href":"https:\/\/gazdasagportal.hu\/index.php\/wp-json\/wp\/v2\/users\/1"}],"replies":[{"embeddable":true,"href":"https:\/\/gazdasagportal.hu\/index.php\/wp-json\/wp\/v2\/comments?post=90410"}],"version-history":[{"count":1,"href":"https:\/\/gazdasagportal.hu\/index.php\/wp-json\/wp\/v2\/posts\/90410\/revisions"}],"predecessor-version":[{"id":90411,"href":"https:\/\/gazdasagportal.hu\/index.php\/wp-json\/wp\/v2\/posts\/90410\/revisions\/90411"}],"wp:featuredmedia":[{"embeddable":true,"href":"https:\/\/gazdasagportal.hu\/index.php\/wp-json\/wp\/v2\/media\/41185"}],"wp:attachment":[{"href":"https:\/\/gazdasagportal.hu\/index.php\/wp-json\/wp\/v2\/media?parent=90410"}],"wp:term":[{"taxonomy":"category","embeddable":true,"href":"https:\/\/gazdasagportal.hu\/index.php\/wp-json\/wp\/v2\/categories?post=90410"},{"taxonomy":"post_tag","embeddable":true,"href":"https:\/\/gazdasagportal.hu\/index.php\/wp-json\/wp\/v2\/tags?post=90410"}],"curies":[{"name":"wp","href":"https:\/\/api.w.org\/{rel}","templated":true}]}}