{"id":90365,"date":"2017-02-22T15:30:18","date_gmt":"2017-02-22T14:30:18","guid":{"rendered":"http:\/\/gazdasagportal.hu\/?p=90365"},"modified":"2017-02-22T15:30:18","modified_gmt":"2017-02-22T14:30:18","slug":"ngm-az-europai-bizottsag-is-elismeri-a-magyar-gazdasag-eredmenyeit","status":"publish","type":"post","link":"https:\/\/gazdasagportal.hu\/index.php\/ngm-az-europai-bizottsag-is-elismeri-a-magyar-gazdasag-eredmenyeit\/","title":{"rendered":"NGM: az Eur\u00f3pai Bizotts\u00e1g is elismeri a magyar gazdas\u00e1g eredm\u00e9nyeit"},"content":{"rendered":"<p><strong>Az Eur\u00f3pai Bizotts\u00e1g (EB) 2017. \u00e9vi orsz\u00e1gjelent\u00e9s\u00e9ben foglaltak is azt mutatj\u00e1k, hogy Magyarorsz\u00e1g er\u0151s\u00f6dik, \u00e9s a gazdas\u00e1g teljes\u00edtm\u00e9ny\u00e9t m\u00e1r a nemzetk\u00f6zi szervezetek is elismerik &#8211; k\u00f6z\u00f6lte a Nemzetgazdas\u00e1gi Miniszt\u00e9rium (NGM) szerd\u00e1n az MTI-vel.<\/strong><!--more--><\/p>\n<div class=\"ads-in-post1\"><div id=\"gazdasagportal.hu_fullbanner_wideboard\"><\/div>\r\n<\/div>\n<p>    A k\u00f6zlem\u00e9ny szerint az EB elismer\u0151en \u00edr az ad\u00f3ss\u00e1gcs\u00f6kkent\u00e9sr\u0151l, a gazdas\u00e1gi n\u00f6veked\u00e9sr\u0151l, a munkahelyteremt\u00e9sr\u0151l, pozit\u00edvan \u00e9rt\u00e9keli a k\u00f6zelm\u00falt korm\u00e1nyzati int\u00e9zked\u00e9seit is.<br \/>\n    Az EB szerd\u00e1n k\u00f6z\u00f6lt jelent\u00e9se szerint sz\u00e1mottev\u0151en javult a magyar gazdas\u00e1g k\u00fcls\u0151- \u00e9s bels\u0151 egyens\u00falyi poz\u00edci\u00f3ja, jelent\u0151sen cs\u00f6kkent elad\u00f3sodotts\u00e1ga \u00e9s s\u00e9r\u00fcl\u00e9kenys\u00e9ge, a tart\u00f3s \u00e9s egyre kiegyens\u00falyozottabb szerkezet\u0171 brutt\u00f3 hazai term\u00e9k (GDP) n\u00f6veked\u00e9se mellett.<br \/>\n    A bizotts\u00e1g k\u00f6z\u00f6lte, a magyar gazdas\u00e1g teljes\u00edtm\u00e9nye a kor\u00e1bbi jelent\u00e9ssel megegyez\u0151en szil\u00e1rd, noha Magyarorsz\u00e1g korl\u00e1tozott halad\u00e1st mutat az Eur\u00f3pai Bizotts\u00e1g orsz\u00e1gspecifikus aj\u00e1nl\u00e1sainak v\u00e9grehajt\u00e1s\u00e1ban. Hangs\u00falyozt\u00e1k, hogy a magyar gazdas\u00e1g stabilit\u00e1s\u00e1t az egyre n\u00f6vekv\u0151 hazai kereslet eredm\u00e9nyezte.<br \/>\n    A korm\u00e1ny fegyelmezett k\u00f6lts\u00e9gvet\u00e9si politik\u00e1j\u00e1nak k\u00f6sz\u00f6nhet\u0151en a hi\u00e1ny j\u00f3val a GDP 3 sz\u00e1zal\u00e9ka alatt marad &#8211; \u00edrta az NGM. Az alacsony hi\u00e1ny \u00e9s a javul\u00f3 n\u00f6veked\u00e9s k\u00f6vetkezt\u00e9ben a GDP-ar\u00e1nyos \u00e1llamad\u00f3ss\u00e1g p\u00e1ly\u00e1ja tov\u00e1bbra is cs\u00f6kken\u0151, 2018-ra a GDP 71 sz\u00e1zal\u00e9k\u00e1ra m\u00e9rs\u00e9kl\u0151dhet a r\u00e1ta. A javul\u00f3 versenyk\u00e9pess\u00e9gnek \u00e9s exportteljes\u00edtm\u00e9nynek is k\u00f6sz\u00f6nhet\u0151en a k\u00fclkereskedelemi- \u00e9s a foly\u00f3 fizet\u00e9si m\u00e9rleg is jelent\u0151s akt\u00edvumot mutat.<br \/>\n    Az NGM szerint az orsz\u00e1gjelent\u00e9sben fontos helyet kap, hogy a 2016 november\u00e9ben megk\u00f6t\u00f6tt b\u00e9rmeg\u00e1llapod\u00e1s keret\u00e9ben a t\u00f6bb l\u00e9pcs\u0151ben megval\u00f3sul\u00f3 minim\u00e1lb\u00e9r- \u00e9s szakmai b\u00e9rminimum-emel\u00e9s, \u00e9s az ahhoz kapcsol\u00f3d\u00f3 munk\u00e1ltat\u00f3i j\u00e1rul\u00e9kcs\u00f6kkent\u00e9s az elk\u00f6vetkez\u0151 \u00e9vekben nagym\u00e9rt\u00e9kben er\u0151s\u00edti a gazdas\u00e1gi n\u00f6veked\u00e9st, m\u00e9rs\u00e9kli az ad\u00f3terhel\u00e9st, tov\u00e1bb\u00e1 hozz\u00e1j\u00e1rul a termel\u00e9kenys\u00e9g n\u00f6veked\u00e9s\u00e9hez.<br \/>\n    A dokumentum a kor\u00e1bbi kritikus hangv\u00e9tel\u0171 meg\u00e1llap\u00edt\u00e1sok helyett ez\u00fattal elismeri a t\u00e1rca szerint, hogy az elm\u00falt \u00e9vek korm\u00e1nyzati int\u00e9zked\u00e9sei hozz\u00e1j\u00e1rultak a lakoss\u00e1gi-, \u00e9s a v\u00e1llalati hitelez\u00e9s beindul\u00e1s\u00e1hoz. A bankok finansz\u00edroz\u00e1si- \u00e9s t\u0151kehelyzete er\u0151s, a devizahitelek forintos\u00edt\u00e1s\u00e1val pedig a korm\u00e1ny kiiktatta a bankrendszer legjelent\u0151sebb s\u00e9r\u00fcl\u00e9kenys\u00e9gi forr\u00e1s\u00e1t &#8211; \u00edrt\u00e1k.<br \/>\n    A bizotts\u00e1gi \u00e9rt\u00e9kel\u00e9s pozit\u00edvan sz\u00f3l arr\u00f3l, hogy jelent\u0151sen javult a munkaer\u0151-piaci helyzet, nemcsak a munkan\u00e9lk\u00fcliek sz\u00e1ma, hanem a tart\u00f3s \u00e9s az ifj\u00fas\u00e1gi munkan\u00e9lk\u00fclis\u00e9g is cs\u00f6kkent.<br \/>\n    Az NMG t\u00e1j\u00e9koztat\u00e1sa szerint az EB ez\u00fattal r\u00e9szletesen sz\u00f3lt a k\u00f6zmunkaprogram eredm\u00e9nyeir\u0151l is. Elkezdett cs\u00f6kkenni a k\u00f6zfoglalkoztatottak sz\u00e1ma, ami a javul\u00f3 munkaer\u0151-piaci folyamatokat t\u00fckr\u00f6zi. A bizotts\u00e1g \u00fcdv\u00f6z\u00f6lte, hogy a korm\u00e1ny nem tervezi a rendszer b\u0151v\u00edt\u00e9s\u00e9t \u00e9s int\u00e9zked\u00e9seket fogadott el, hogy jav\u00edtsa az \u00e1tmenetet az els\u0151dleges munkaer\u0151piacra &#8211; \u00edrta az NGM.<br \/>\n(MTI)<\/p>\n","protected":false},"excerpt":{"rendered":"<p>Az Eur\u00f3pai Bizotts\u00e1g (EB) 2017. \u00e9vi orsz\u00e1gjelent\u00e9s\u00e9ben foglaltak is azt mutatj\u00e1k, hogy Magyarorsz\u00e1g er\u0151s\u00f6dik, \u00e9s a gazdas\u00e1g teljes\u00edtm\u00e9ny\u00e9t m\u00e1r a nemzetk\u00f6zi szervezetek is elismerik &#8211; k\u00f6z\u00f6lte a Nemzetgazdas\u00e1gi Miniszt\u00e9rium (NGM) szerd\u00e1n az MTI-vel.<\/p>\n","protected":false},"author":1,"featured_media":0,"comment_status":"open","ping_status":"closed","sticky":false,"template":"","format":"standard","meta":[],"categories":[19],"tags":[],"_links":{"self":[{"href":"https:\/\/gazdasagportal.hu\/index.php\/wp-json\/wp\/v2\/posts\/90365"}],"collection":[{"href":"https:\/\/gazdasagportal.hu\/index.php\/wp-json\/wp\/v2\/posts"}],"about":[{"href":"https:\/\/gazdasagportal.hu\/index.php\/wp-json\/wp\/v2\/types\/post"}],"author":[{"embeddable":true,"href":"https:\/\/gazdasagportal.hu\/index.php\/wp-json\/wp\/v2\/users\/1"}],"replies":[{"embeddable":true,"href":"https:\/\/gazdasagportal.hu\/index.php\/wp-json\/wp\/v2\/comments?post=90365"}],"version-history":[{"count":1,"href":"https:\/\/gazdasagportal.hu\/index.php\/wp-json\/wp\/v2\/posts\/90365\/revisions"}],"predecessor-version":[{"id":90366,"href":"https:\/\/gazdasagportal.hu\/index.php\/wp-json\/wp\/v2\/posts\/90365\/revisions\/90366"}],"wp:attachment":[{"href":"https:\/\/gazdasagportal.hu\/index.php\/wp-json\/wp\/v2\/media?parent=90365"}],"wp:term":[{"taxonomy":"category","embeddable":true,"href":"https:\/\/gazdasagportal.hu\/index.php\/wp-json\/wp\/v2\/categories?post=90365"},{"taxonomy":"post_tag","embeddable":true,"href":"https:\/\/gazdasagportal.hu\/index.php\/wp-json\/wp\/v2\/tags?post=90365"}],"curies":[{"name":"wp","href":"https:\/\/api.w.org\/{rel}","templated":true}]}}