{"id":90361,"date":"2017-02-22T14:38:43","date_gmt":"2017-02-22T13:38:43","guid":{"rendered":"http:\/\/gazdasagportal.hu\/?p=90361"},"modified":"2017-02-22T14:52:29","modified_gmt":"2017-02-22T13:52:29","slug":"a-magyar-telekom-reszvenyenkent-25-forint-osztalekot-javasol","status":"publish","type":"post","link":"https:\/\/gazdasagportal.hu\/index.php\/a-magyar-telekom-reszvenyenkent-25-forint-osztalekot-javasol\/","title":{"rendered":"A Magyar Telekom r\u00e9szv\u00e9nyenk\u00e9nt 25 forint osztal\u00e9kot javasol"},"content":{"rendered":"<p><a href=\"https:\/\/gazdasagportal.hu\/wp-content\/uploads\/2014\/05\/telekom8.jpg\"><img decoding=\"async\" loading=\"lazy\" class=\"aligncenter size-full wp-image-36121\" src=\"https:\/\/gazdasagportal.hu\/wp-content\/uploads\/2014\/05\/telekom8.jpg\" alt=\"telekom8\" width=\"600\" height=\"338\" srcset=\"https:\/\/gazdasagportal.hu\/wp-content\/uploads\/2014\/05\/telekom8.jpg 600w, https:\/\/gazdasagportal.hu\/wp-content\/uploads\/2014\/05\/telekom8-300x169.jpg 300w\" sizes=\"(max-width: 600px) 100vw, 600px\" \/><\/a><br \/>\n<strong>A Magyar Telekom igazgat\u00f3s\u00e1ga r\u00e9szv\u00e9nyenk\u00e9nt 25 forint osztal\u00e9k kifizet\u00e9s\u00e9t javasolja a k\u00f6zgy\u0171l\u00e9snek &#8211; k\u00f6z\u00f6lte a c\u00e9g az MTI-vel szerd\u00e1n.<\/strong><!--more--><\/p>\n<div class=\"ads-in-post1\"><div id=\"gazdasagportal.hu_fullbanner_wideboard\"><\/div>\r\n<\/div>\n<p>A k\u00f6zlem\u00e9ny szerint a Magyar Telekom \u00e1prilis 7-\u00e9n tartja k\u00f6zgy\u0171l\u00e9s\u00e9t, osztal\u00e9kra azon r\u00e9szv\u00e9nyesek lesznek jogosultak, akik 2017. m\u00e1jus 12-\u00e9n \u00e9rt\u00e9kpap\u00edrsz\u00e1ml\u00e1jukon Magyar Telekom r\u00e9szv\u00e9nnyel rendelkeznek. Az osztal\u00e9k kifizet\u00e9s\u00e9nek javasolt kezd\u0151napja 2017. m\u00e1jus 23.<br \/>\nA t\u00e1rsas\u00e1g tavaly r\u00e9szv\u00e9nyenk\u00e9nt 15 forint osztal\u00e9kot fizetett. A t\u00e1rsas\u00e1g a 15,635 milli\u00e1rd forint osztal\u00e9kot a magyar sz\u00e1mviteli t\u00f6rv\u00e9ny szerinti 2015. \u00e9vi 20,393 milli\u00e1rd forint nett\u00f3 eredm\u00e9ny\u00e9b\u0151l fizette ki, a fennmarad\u00f3 4,757 milli\u00e1rd forintot pedig eredm\u00e9nytartal\u00e9kba helyezte.<\/p>\n<div class=\"box shadow\"><div>\n\t\t\t\n<a href=\"https:\/\/gazdasagportal.hu\/index.php\/eladasi-hullam-johet-ha-a-telekom-nem-emel-az-osztalekon\/\" target=\"_blank\"><strong>ELAD\u00c1SI HULL\u00c1M J\u00d6HET, HA A TELEKOM NEM EMEL AZ OSZTAL\u00c9KON<\/strong><\/a><br \/>\nSzerd\u00e1n fogja publik\u00e1lni a Magyar Telekom a negyed\u00e9ves sz\u00e1mait, amib\u0151l kider\u00fclhetnek a menedzsment 2017-es v\u00e1rakoz\u00e1sai. Az is fontos inform\u00e1ci\u00f3 lesz, hogy a c\u00e9g fog-e emelni az osztal\u00e9k\u00e1n. Ha ez nem t\u00f6rt\u00e9nik meg, akkor arra a befektet\u0151k elad\u00e1s hull\u00e1mmal reag\u00e1lhatnak.<br \/>\n\n\t\t\t<\/div><\/div>\n<p>A szerdai k\u00f6zlem\u00e9ny szerint a t\u00e1rsas\u00e1g osztal\u00e9kpolitik\u00e1ja azon alapul, hogy a nett\u00f3 elad\u00f3sodotts\u00e1gi r\u00e1t\u00e1t (a nett\u00f3 ad\u00f3ss\u00e1gnak az \u00f6sszes t\u0151k\u00e9re vet\u00edtett ar\u00e1nya) a 30-40 sz\u00e1zal\u00e9k k\u00f6z\u00f6tti tartom\u00e1nyban tarts\u00e1k, figyelembe v\u00e9ve a csoport j\u00f6v\u0151beni p\u00e9nz\u00fcgyi helyzet\u00e9t is.<br \/>\nAz igazgat\u00f3s\u00e1g megt\u00e1rgyalta a Magyar Telekom Nyrt. magyar sz\u00e1mviteli szab\u00e1lyok (HAR) szerinti \u00e9s a csoport IFRS (nemzetk\u00f6zi p\u00e9nz\u00fcgyi szabv\u00e1ny) szerint k\u00e9sz\u00fclt 2016. \u00e9vi gazd\u00e1lkod\u00e1s\u00e1r\u00f3l sz\u00f3l\u00f3 \u00e9ves besz\u00e1mol\u00f3j\u00e1t \u00e9s azt j\u00f3v\u00e1hagy\u00e1sra javasolja a k\u00f6zgy\u0171l\u00e9snek &#8211; \u00e1ll a k\u00f6zlem\u00e9nyben.<br \/>\nA t\u00e1rsas\u00e1g v\u00e1rhat\u00f3an szerd\u00e1n t\u0151zsdez\u00e1r\u00e1s ut\u00e1n teszi k\u00f6zz\u00e9 2016 negyedik negyed\u00e9vi gyorsjelent\u00e9s\u00e9t.<br \/>\n(MTI)<\/p><div id=\"gazda-3467849798\" class=\"gazda-tartalomban gazda-entity-placement\"><script async src=\"https:\/\/pagead2.googlesyndication.com\/pagead\/js\/adsbygoogle.js\"><\/script>\r\n<ins class=\"adsbygoogle\"\r\n     style=\"display:block\"\r\n     data-ad-format=\"fluid\"\r\n     data-ad-layout-key=\"-6t+ed+2i-1n-4w\"\r\n     data-ad-client=\"ca-pub-1959107119989764\"\r\n     data-ad-slot=\"4008251320\"><\/ins>\r\n<script>\r\n     (adsbygoogle = window.adsbygoogle || []).push({});\r\n<\/script><\/div>\n","protected":false},"excerpt":{"rendered":"<p>A Magyar Telekom igazgat\u00f3s\u00e1ga r\u00e9szv\u00e9nyenk\u00e9nt 25 forint osztal\u00e9k kifizet\u00e9s\u00e9t javasolja a k\u00f6zgy\u0171l\u00e9snek &#8211; k\u00f6z\u00f6lte a c\u00e9g az MTI-vel szerd\u00e1n.<\/p>\n","protected":false},"author":1,"featured_media":36121,"comment_status":"open","ping_status":"closed","sticky":false,"template":"","format":"standard","meta":[],"categories":[403,146,7,47,398],"tags":[],"_links":{"self":[{"href":"https:\/\/gazdasagportal.hu\/index.php\/wp-json\/wp\/v2\/posts\/90361"}],"collection":[{"href":"https:\/\/gazdasagportal.hu\/index.php\/wp-json\/wp\/v2\/posts"}],"about":[{"href":"https:\/\/gazdasagportal.hu\/index.php\/wp-json\/wp\/v2\/types\/post"}],"author":[{"embeddable":true,"href":"https:\/\/gazdasagportal.hu\/index.php\/wp-json\/wp\/v2\/users\/1"}],"replies":[{"embeddable":true,"href":"https:\/\/gazdasagportal.hu\/index.php\/wp-json\/wp\/v2\/comments?post=90361"}],"version-history":[{"count":3,"href":"https:\/\/gazdasagportal.hu\/index.php\/wp-json\/wp\/v2\/posts\/90361\/revisions"}],"predecessor-version":[{"id":90364,"href":"https:\/\/gazdasagportal.hu\/index.php\/wp-json\/wp\/v2\/posts\/90361\/revisions\/90364"}],"wp:featuredmedia":[{"embeddable":true,"href":"https:\/\/gazdasagportal.hu\/index.php\/wp-json\/wp\/v2\/media\/36121"}],"wp:attachment":[{"href":"https:\/\/gazdasagportal.hu\/index.php\/wp-json\/wp\/v2\/media?parent=90361"}],"wp:term":[{"taxonomy":"category","embeddable":true,"href":"https:\/\/gazdasagportal.hu\/index.php\/wp-json\/wp\/v2\/categories?post=90361"},{"taxonomy":"post_tag","embeddable":true,"href":"https:\/\/gazdasagportal.hu\/index.php\/wp-json\/wp\/v2\/tags?post=90361"}],"curies":[{"name":"wp","href":"https:\/\/api.w.org\/{rel}","templated":true}]}}