{"id":90359,"date":"2017-02-22T13:56:01","date_gmt":"2017-02-22T12:56:01","guid":{"rendered":"http:\/\/gazdasagportal.hu\/?p=90359"},"modified":"2017-02-22T13:56:01","modified_gmt":"2017-02-22T12:56:01","slug":"jogsertes-miatt-megbirsagolta-a-gvh-a-medosan-es-a-reduline36-hirdetoit","status":"publish","type":"post","link":"https:\/\/gazdasagportal.hu\/index.php\/jogsertes-miatt-megbirsagolta-a-gvh-a-medosan-es-a-reduline36-hirdetoit\/","title":{"rendered":"Jogs\u00e9rt\u00e9s miatt megb\u00edrs\u00e1golta a GVH a Medosan \u00e9s a Reduline36 hirdet\u0151it"},"content":{"rendered":"<p><strong>Jogs\u00e9rt\u0151 \u00e1ll\u00edt\u00e1sok miatt megb\u00edrs\u00e1golta a Gazdas\u00e1gi Versenyhivatal (GVH) a Medosan term\u00e9kek \u00e9s a Reduline36 tabletta hirdet\u0151it, egyik\u00fcknek pedig megtiltotta a jogs\u00e9rt\u0151 gyakorlat folytat\u00e1s\u00e1t &#8211; t\u00e1j\u00e9koztatta a test\u00fclet az MTI-t szerd\u00e1n.<\/strong><!--more--><\/p>\n<div class=\"ads-in-post1\"><div id=\"gazdasagportal.hu_fullbanner_wideboard\"><\/div>\r\n<\/div>\n<p>    A GVH d\u00f6nt\u00e9se szerint a rekl\u00e1mok t\u00f6bb jogszab\u00e1lyi el\u0151\u00edr\u00e1st is megs\u00e9rtettek, ez\u00e9rt a hivatal a TRANS-KD s.r.o.-ra 22 milli\u00f3 forint, a Trend Commers Kft.-re pedig 10 milli\u00f3 forint b\u00edrs\u00e1got szabott ki, a SZACACS s.r.o.-nak mint a medosantermekek.hu weblap \u00fczemeltet\u0151j\u00e9nek \u00e9s a term\u00e9kek magyarorsz\u00e1gi forgalmaz\u00f3j\u00e1nak pedig megtiltotta a jogs\u00e9rt\u0151 gyakorlat folytat\u00e1s\u00e1t.<br \/>\n    A hat\u00e1rozat m\u00f6g\u00f6ttes felel\u0151sk\u00e9nt neves\u00edti a Tentul M\u00e9dia \u00e9s Elektronika Kft.-t, \u00edgy \u0151k is k\u00f6telesek lehetnek b\u00edrs\u00e1got fizetni, amennyiben a vel\u00fck egy v\u00e1llalkoz\u00e1scsoportba tartoz\u00f3 a Trend Commers Kft. nem teszi meg azt.<br \/>\n    A k\u00f6zlem\u00e9ny szerint a kifog\u00e1solt hirdet\u00e9sek a Medosan Kurkuma Plus \u00e9trend-kieg\u00e9sz\u00edt\u0151 egyik \u00f6sszetev\u0151j\u00e9nek, a kurkum\u00e1nak olyan eg\u00e9szs\u00e9g\u00fcgyi hat\u00e1sokat tulajdon\u00edtottak, amelyek nem feleltek meg a jogszab\u00e1lyi rendelkez\u00e9seknek, a MedoBalance \u00e9trend-kieg\u00e9sz\u00edt\u0151nek pedig &#8211; a jogszab\u00e1lyi el\u0151\u00edr\u00e1sokkal szint\u00e9n ellent\u00e9tes m\u00f3don &#8211; az eg\u00e9szs\u00e9get j\u00f3t\u00e9konyan befoly\u00e1sol\u00f3 tulajdons\u00e1gokat \u00e9s gy\u00f3gyhat\u00e1st tulajdon\u00edtottak. A Medo Hair \u00e9s a Medosan Skincare Fluid kozmetikumok eset\u00e9ben bizony\u00edtatlan \u00e1ll\u00edt\u00e1sokat k\u00f6z\u00f6ltek a term\u00e9kek kedvez\u0151 hat\u00e1sair\u00f3l. A Medosan Skincare Fluid k\u00e9sz\u00edtm\u00e9nyr\u0151l azt is megalapozatlanul \u00e1ll\u00edtott\u00e1k, hogy alkalmas a fut\u00f3szem\u00f6lcs\u00f6k elt\u00fcntet\u00e9s\u00e9re, mivel nem rendelkeztek megfelel\u0151 bizony\u00edt\u00e9kokkal ennek igazol\u00e1s\u00e1ra. A Reduline36 gy\u00f3gy\u00e1szati seg\u00e9deszk\u00f6z \u00e9s orvostechnikai eszk\u00f6z plak\u00e1tjain nem tett\u00e9k k\u00f6zz\u00e9 az \u00e1gazati szab\u00e1ly alapj\u00e1n el\u0151\u00edrt figyelmezet\u0151 sz\u00f6veget \u00e9s nem igazolt\u00e1k a testt\u00f6megcs\u00f6kkent\u0151 hat\u00e1sra utal\u00f3 \u00e1ll\u00edt\u00e1sokat.<br \/>\n    A GVH a term\u00e9keket 2015 janu\u00e1rj\u00e1t\u00f3l hirdet\u0151 t\u00e9v\u00e9rekl\u00e1mok, internetes t\u00e1j\u00e9koztat\u00e1sok, utcai plak\u00e1tok \u00e9s hirdet\u0151t\u00e1bl\u00e1k vizsg\u00e1lata alapj\u00e1n hozta meg a d\u00f6nt\u00e9st, a b\u00edrs\u00e1g kiszab\u00e1sakor a kommunik\u00e1ci\u00f3s k\u00f6lts\u00e9gekre alapozott. S\u00falyosb\u00edt\u00f3 k\u00f6r\u00fclm\u00e9nynek tekintett\u00e9k, hogy a jogs\u00e9rt\u0151 kereskedelmi gyakorlat t\u00f6bb mint egy \u00e9vig tartott \u00e9s olyanokat c\u00e9lzott meg, akik az \u00e1tlagosn\u00e1l \u00e9rz\u00e9kenyebbek az eg\u00e9szs\u00e9gi probl\u00e9m\u00e1jukkal kapcsolatos t\u00e1j\u00e9koztat\u00e1sokra, ez\u00e9rt mindk\u00e9t megb\u00edrs\u00e1golt v\u00e1llalkoz\u00e1sn\u00e1l a maxim\u00e1lis b\u00edrs\u00e1got szabt\u00e1k ki &#8211; \u00e1ll a k\u00f6zlem\u00e9nyben.(MTI)<\/p>\n","protected":false},"excerpt":{"rendered":"<p>Jogs\u00e9rt\u0151 \u00e1ll\u00edt\u00e1sok miatt megb\u00edrs\u00e1golta a Gazdas\u00e1gi Versenyhivatal (GVH) a Medosan term\u00e9kek \u00e9s a Reduline36 tabletta hirdet\u0151it, egyik\u00fcknek pedig megtiltotta a jogs\u00e9rt\u0151 gyakorlat folytat\u00e1s\u00e1t &#8211; t\u00e1j\u00e9koztatta a test\u00fclet az MTI-t szerd\u00e1n.<\/p>\n","protected":false},"author":1,"featured_media":0,"comment_status":"open","ping_status":"closed","sticky":false,"template":"","format":"standard","meta":[],"categories":[19],"tags":[],"_links":{"self":[{"href":"https:\/\/gazdasagportal.hu\/index.php\/wp-json\/wp\/v2\/posts\/90359"}],"collection":[{"href":"https:\/\/gazdasagportal.hu\/index.php\/wp-json\/wp\/v2\/posts"}],"about":[{"href":"https:\/\/gazdasagportal.hu\/index.php\/wp-json\/wp\/v2\/types\/post"}],"author":[{"embeddable":true,"href":"https:\/\/gazdasagportal.hu\/index.php\/wp-json\/wp\/v2\/users\/1"}],"replies":[{"embeddable":true,"href":"https:\/\/gazdasagportal.hu\/index.php\/wp-json\/wp\/v2\/comments?post=90359"}],"version-history":[{"count":1,"href":"https:\/\/gazdasagportal.hu\/index.php\/wp-json\/wp\/v2\/posts\/90359\/revisions"}],"predecessor-version":[{"id":90360,"href":"https:\/\/gazdasagportal.hu\/index.php\/wp-json\/wp\/v2\/posts\/90359\/revisions\/90360"}],"wp:attachment":[{"href":"https:\/\/gazdasagportal.hu\/index.php\/wp-json\/wp\/v2\/media?parent=90359"}],"wp:term":[{"taxonomy":"category","embeddable":true,"href":"https:\/\/gazdasagportal.hu\/index.php\/wp-json\/wp\/v2\/categories?post=90359"},{"taxonomy":"post_tag","embeddable":true,"href":"https:\/\/gazdasagportal.hu\/index.php\/wp-json\/wp\/v2\/tags?post=90359"}],"curies":[{"name":"wp","href":"https:\/\/api.w.org\/{rel}","templated":true}]}}