{"id":90104,"date":"2017-02-15T12:18:46","date_gmt":"2017-02-15T11:18:46","guid":{"rendered":"http:\/\/gazdasagportal.hu\/?p=90104"},"modified":"2017-02-15T12:18:46","modified_gmt":"2017-02-15T11:18:46","slug":"a-kkv-knak-erdemes-a-kisvallalati-adokat-valasztaniuk","status":"publish","type":"post","link":"https:\/\/gazdasagportal.hu\/index.php\/a-kkv-knak-erdemes-a-kisvallalati-adokat-valasztaniuk\/","title":{"rendered":"A kkv-knak \u00e9rdemes a kisv\u00e1llalati ad\u00f3kat v\u00e1lasztaniuk"},"content":{"rendered":"<p><strong>Meg\u00e9ri a kis- \u00e9s k\u00f6z\u00e9pv\u00e1llalkoz\u00e1soknak a kisad\u00f3z\u00f3 v\u00e1llalkoz\u00e1sok t\u00e9teles ad\u00f3j\u00e1t (kata) vagy a kisv\u00e1llalati ad\u00f3t (kiva) v\u00e1lasztaniuk &#8211; h\u00edvta fel a figyelmet Izer Norbert, a Nemzetgazdas\u00e1gi Miniszt\u00e9rium (NGM) ad\u00f3z\u00e1s\u00e9rt \u00e9s sz\u00e1mvitel\u00e9rt felel\u0151s helyettes \u00e1llamtitk\u00e1ra szerdai budapesti sajt\u00f3t\u00e1j\u00e9koztat\u00f3j\u00e1n.<\/strong><!--more--><\/p>\n<div class=\"ads-in-post1\"><div id=\"gazdasagportal.hu_fullbanner_wideboard\"><\/div>\r\n<\/div>\n<p>    Felid\u00e9zte, hogy 2017-ben a dupl\u00e1j\u00e1ra, 12 milli\u00f3 forintra emelkedett a kata bev\u00e9teli hat\u00e1ra. Az egy\u00e9ni v\u00e1llalkoz\u00f3k, \u00f6nfoglalkoztat\u00f3 v\u00e1llalkoz\u00e1sok egy t\u00e9teles ad\u00f3 befizet\u00e9s\u00e9vel kiv\u00e1lthatj\u00e1k a t\u00e1rsas\u00e1gi ad\u00f3t, a szem\u00e9lyi j\u00f6vedelemad\u00f3t, a j\u00e1rul\u00e9kokat, a munk\u00e1ltat\u00f3t terhel\u0151 ad\u00f3kat, teh\u00e1t a legt\u00f6bb fontos ad\u00f3nemet &#8211; hangs\u00falyozta.<br \/>\n    A kat\u00e1t v\u00e1laszt\u00f3k sz\u00e1ma 30 ezerrel n\u0151tt id\u00e9n,  el\u00e9rte a 189 ezret, de \u00e9v k\u00f6zben is \u00e1t lehet l\u00e9pni &#8211; k\u00f6z\u00f6lte.<br \/>\n    Izer Norbert kiemelte: a kiva eset\u00e9ben az ad\u00f3k\u00f6telezetts\u00e9g meghat\u00e1roz\u00e1sa egyszer\u0171bb\u00e9 \u00e9s kisz\u00e1m\u00edthat\u00f3bb\u00e1 v\u00e1lt, illetve kedvez\u0151bb lett t\u00f6bb r\u00e9szletszab\u00e1ly is. A v\u00e1llalkoz\u00e1sok 80 sz\u00e1zal\u00e9ka jobban j\u00e1rhat ezzel az ad\u00f3nemmel, mint a t\u00e1rsas\u00e1gi ad\u00f3val &#8211; jelezte.<br \/>\n    A kiv\u00e1t v\u00e1laszt\u00f3k sz\u00e1ma megdupl\u00e1z\u00f3dott, csaknem el\u00e9rte a 13 ezret id\u00e9n, \u00e9s enn\u00e9l az ad\u00f3nemn\u00e9l is biztos\u00edtott az \u00e9v k\u00f6zbeni \u00e1tt\u00e9r\u00e9s lehet\u0151s\u00e9ge &#8211; h\u00edvta fel a figyelmet.<br \/>\n    A kata kapcs\u00e1n a helyettes \u00e1llamtitk\u00e1r felid\u00e9zte, a kisad\u00f3z\u00f3k havi 50 ezer forint befizet\u00e9s\u00e9vel eleget tesznek a legt\u00f6bb ad\u00f3z\u00e1si k\u00f6telezetts\u00e9g\u00fcknek. A nem f\u0151\u00e1ll\u00e1sban dolgoz\u00f3 kisad\u00f3z\u00f3knak lehet\u0151s\u00e9g\u00fck van 25 ezer forintos m\u00e9rt\u00e9kkel ad\u00f3t fizetni.<br \/>\n    Kiemelte azt is, hogy 75 ezer forintot fizethetnek be azok, akik szeretn\u00e9nek egy esetleges keres\u0151k\u00e9ptelens\u00e9g idej\u00e9re vagy a nyugd\u00edjra k\u00e9sz\u00fclni, \u00edgy meg tudj\u00e1k emelni a juttat\u00e1si alapot, amit a t\u00e1pp\u00e9nz vagy a nyugd\u00edj sz\u00e1m\u00edt\u00e1sakor figyelembe vesznek.<br \/>\n    A helyettes \u00e1llamtitk\u00e1r hangs\u00falyozta, hogy a kata szab\u00e1lyoz\u00e1sa rugalmass\u00e1ga miatt is kedvez\u0151. P\u00e9ldak\u00e9nt eml\u00edtette egyebek mellett, hogy ha a v\u00e1llalkoz\u00f3 meghaladja az \u00e9rt\u00e9khat\u00e1rt, akkor sem kell kil\u00e9pni, a t\u00f6bblet ut\u00e1ni 40 sz\u00e1zal\u00e9kos ad\u00f3 megfizet\u00e9s\u00e9vel a kata hat\u00e1lya alatt lehet maradni. Emelkedett a kisad\u00f3z\u00f3kat megillet\u0151 ell\u00e1t\u00e1sok alapja is &#8211; tette hozz\u00e1.<br \/>\n    A kiv\u00e1t \u00e9rint\u0151 v\u00e1ltoz\u00e1sok k\u00f6z\u00fcl kiemelte, hogy az ad\u00f3kulcs 16-r\u00f3l 14 sz\u00e1zal\u00e9kra cs\u00f6kkent id\u00e9n.<br \/>\n    Dupl\u00e1j\u00e1ra emelt\u00e9k a l\u00e9tsz\u00e1mhat\u00e1rt, m\u00e1r 50 foglalkoztatottig v\u00e1laszthatj\u00e1k a c\u00e9gek ezt az ad\u00f3z\u00e1si form\u00e1t, illetve 500 milli\u00f3 forint \u00e1rbev\u00e9telig. A szab\u00e1lyoz\u00e1s itt is rugalmas, felmehet 100-ig is a munkav\u00e1llal\u00f3k sz\u00e1ma \u00e9s 1 milli\u00e1rd forintig az \u00e1rbev\u00e9tel, akkor sem kell kil\u00e9pni a kiva hat\u00e1lya al\u00f3l &#8211; mondta.<br \/>\n    Izer Norbert felh\u00edvta a figyelmet arra, hogy \u00e9rdemes az \u00e9rintett c\u00e9geknek \u00e1tgondolni a kiva \u00e1ltal ny\u00fajtott lehet\u0151s\u00e9geket. Ehhez az NGM is seg\u00edts\u00e9get ny\u00fajt, a t\u00e1rca honlapj\u00e1n el\u00e9rhet\u0151 kalkul\u00e1tor megk\u00f6nny\u00edti a sz\u00e1mol\u00e1st.(MTI)<\/p>\n","protected":false},"excerpt":{"rendered":"<p>Meg\u00e9ri a kis- \u00e9s k\u00f6z\u00e9pv\u00e1llalkoz\u00e1soknak a kisad\u00f3z\u00f3 v\u00e1llalkoz\u00e1sok t\u00e9teles ad\u00f3j\u00e1t (kata) vagy a kisv\u00e1llalati ad\u00f3t (kiva) v\u00e1lasztaniuk &#8211; h\u00edvta fel a figyelmet Izer Norbert, a Nemzetgazdas\u00e1gi Miniszt\u00e9rium (NGM) ad\u00f3z\u00e1s\u00e9rt \u00e9s sz\u00e1mvitel\u00e9rt felel\u0151s helyettes \u00e1llamtitk\u00e1ra szerdai budapesti sajt\u00f3t\u00e1j\u00e9koztat\u00f3j\u00e1n.<\/p>\n","protected":false},"author":1,"featured_media":0,"comment_status":"open","ping_status":"closed","sticky":false,"template":"","format":"standard","meta":[],"categories":[20,19],"tags":[],"_links":{"self":[{"href":"https:\/\/gazdasagportal.hu\/index.php\/wp-json\/wp\/v2\/posts\/90104"}],"collection":[{"href":"https:\/\/gazdasagportal.hu\/index.php\/wp-json\/wp\/v2\/posts"}],"about":[{"href":"https:\/\/gazdasagportal.hu\/index.php\/wp-json\/wp\/v2\/types\/post"}],"author":[{"embeddable":true,"href":"https:\/\/gazdasagportal.hu\/index.php\/wp-json\/wp\/v2\/users\/1"}],"replies":[{"embeddable":true,"href":"https:\/\/gazdasagportal.hu\/index.php\/wp-json\/wp\/v2\/comments?post=90104"}],"version-history":[{"count":1,"href":"https:\/\/gazdasagportal.hu\/index.php\/wp-json\/wp\/v2\/posts\/90104\/revisions"}],"predecessor-version":[{"id":90105,"href":"https:\/\/gazdasagportal.hu\/index.php\/wp-json\/wp\/v2\/posts\/90104\/revisions\/90105"}],"wp:attachment":[{"href":"https:\/\/gazdasagportal.hu\/index.php\/wp-json\/wp\/v2\/media?parent=90104"}],"wp:term":[{"taxonomy":"category","embeddable":true,"href":"https:\/\/gazdasagportal.hu\/index.php\/wp-json\/wp\/v2\/categories?post=90104"},{"taxonomy":"post_tag","embeddable":true,"href":"https:\/\/gazdasagportal.hu\/index.php\/wp-json\/wp\/v2\/tags?post=90104"}],"curies":[{"name":"wp","href":"https:\/\/api.w.org\/{rel}","templated":true}]}}