{"id":90047,"date":"2017-02-14T06:52:36","date_gmt":"2017-02-14T05:52:36","guid":{"rendered":"http:\/\/gazdasagportal.hu\/?p=90047"},"modified":"2017-02-14T06:52:36","modified_gmt":"2017-02-14T05:52:36","slug":"lemondott-a-vitak-kereszttuzeben-allo-michael-flynn-trump-nemzetbiztonsagi-tanacsadoja","status":"publish","type":"post","link":"https:\/\/gazdasagportal.hu\/index.php\/lemondott-a-vitak-kereszttuzeben-allo-michael-flynn-trump-nemzetbiztonsagi-tanacsadoja\/","title":{"rendered":"Lemondott a vit\u00e1k keresztt\u00fcz\u00e9ben \u00e1ll\u00f3 Michael Flynn, Trump nemzetbiztons\u00e1gi tan\u00e1csad\u00f3ja"},"content":{"rendered":"<p><strong>Beny\u00fajtotta lemond\u00e1s\u00e1t h\u00e9tf\u0151 este a napok \u00f3ta t\u00e1mad\u00e1sok \u00e9s vit\u00e1k keresztt\u00fcz\u00e9ben \u00e1ll\u00f3 Michael Flynn, Donald Trump amerikai eln\u00f6k nemzetbiztons\u00e1gi tan\u00e1csad\u00f3ja. <\/strong><!--more--><\/p>\n<div class=\"ads-in-post1\"><div id=\"gazdasagportal.hu_fullbanner_wideboard\"><\/div>\r\n<\/div>\n<p>    Michael Flynn kevesebb mint egy h\u00f3napig t\u00f6lt\u00f6tte be ezt a posztot, \u00e9s azt k\u00f6vet\u0151en t\u00e1vozik, hogy nyilv\u00e1noss\u00e1gra ker\u00fclt: f\u00e9lrevezette Mike Pence aleln\u00f6k\u00f6t \u00e9s a Feh\u00e9r H\u00e1z magas rang\u00fa tiszts\u00e9gvisel\u0151it a Washingtonban akkredit\u00e1lt orosz nagyk\u00f6vettel folytatott janu\u00e1ri megbesz\u00e9l\u00e9sei tartalm\u00e1t illet\u0151en.     Megb\u00edzat\u00e1s\u00e1t \u00e1tmenetileg Keith Kellogg, a Nemzetbiztons\u00e1gi Tan\u00e1cs kabinetf\u0151n\u00f6ke veszi \u00e1t.<br \/>\n    H\u00e9tf\u0151 este a The Washington Post c\u00edm\u0171 lap \u00e9s a CNN h\u00edrtelev\u00edzi\u00f3 n\u00e9vtelen forr\u00e1sokra hivatkozva azt k\u00f6z\u00f6lte, hogy az amerikai igazs\u00e1g\u00fcgyi miniszt\u00e9rium m\u00e1r a m\u00falt h\u00f3napban arra figyelmeztette Donald Trumpot, hogy nemzetbiztons\u00e1gi tan\u00e1csad\u00f3ja, Michael Flynn f\u00e9lrevezeti \u0151t a washingtoni orosz nagyk\u00f6vettel folytatott besz\u00e9lget\u00e9sei tartalm\u00e1t illet\u0151en, \u00e9s Flynn potenci\u00e1lisan sebezhet\u0151, az orosz politika b\u00e1rmikor megzsarolhatja \u0151t.<br \/>\n    Ezek az inform\u00e1ci\u00f3k azt k\u00f6vet\u0151en jelentek meg, hogy Michael Flynn a szem\u00e9ly\u00e9t \u00e9rt t\u00e1mad\u00e1sok hat\u00e1s\u00e1ra a nyilv\u00e1noss\u00e1g el\u0151tt el\u0151sz\u00f6r azt k\u00f6z\u00f6lte, hogy m\u00e9g az eln\u00f6ki beiktat\u00e1s el\u0151tt val\u00f3ban tal\u00e1lkozott a Washingtonban akkredit\u00e1lt orosz nagyk\u00f6vettel, de ez rutinbesz\u00e9lget\u00e9s volt, \u00e9s nem esett sz\u00f3 az Oroszorsz\u00e1g elleni szankci\u00f3k esetleges k\u00e9s\u0151bbi enyh\u00edt\u00e9s\u00e9r\u0151l.<br \/>\n    A The Washington Post h\u00e9tf\u0151 este Sally Yatest, az igazs\u00e1g\u00fcgyi miniszt\u00e9rium menesztett \u00fcgyviv\u0151 t\u00e1rcavezet\u0151j\u00e9t id\u00e9zte, aki azt \u00e1ll\u00edtotta: janu\u00e1rban \u0151 maga t\u00e1j\u00e9koztatta a Feh\u00e9r H\u00e1zat arr\u00f3l, hogy \u00e1ll\u00e1spontja szerint Michael Flynn f\u00e9lrevezette az eln\u00f6k\u00f6t az orosz nagyk\u00f6vettel folytatott besz\u00e9lget\u00e9sei tartalm\u00e1r\u00f3l. Yates azonban nem k\u00f6z\u00f6lte, hogyan tett szert erre az inform\u00e1ci\u00f3ra. Sally Yates Jeff Sessions igazs\u00e1g\u00fcgyi miniszter kinevez\u00e9s\u00e9ig \u00e1tmeneti ideig ir\u00e1ny\u00edtotta a t\u00e1rc\u00e1t, de Trump eln\u00f6k azonnali hat\u00e1llyal felmentette, amikor kider\u00fclt, hogy a beutaz\u00e1st szigor\u00edt\u00f3 eln\u00f6ki rendelet ellen l\u00e9pett fel \u00e9s erre b\u00edztatta a miniszt\u00e9rium munkat\u00e1rsait is.     K\u00f6zben nyilv\u00e1noss\u00e1gra ker\u00fclt az is, hogy a Sz\u00f6vets\u00e9gi Nyomoz\u00f3 Iroda (FBI) figyelemmel k\u00eds\u00e9rte Flynn telefonbesz\u00e9lget\u00e9seit \u00e9s munk\u00e1j\u00e1t a Nemzetbiztons\u00e1gi Tan\u00e1csban, \u00e9s az igazs\u00e1g\u00fcgyi miniszt\u00e9rium birtok\u00e1ban lehetett ezeknek az inform\u00e1ci\u00f3knak. Emellett a hadsereg is vizsg\u00e1latot ind\u00edtott, hogy vajon Flynn kapott-e p\u00e9nzt az orosz korm\u00e1nyt\u00f3l m\u00e9g kor\u00e1bban, egy 2015-ben Moszkv\u00e1ban tett l\u00e1togat\u00e1sa alkalm\u00e1val.<br \/>\n    Maga Michael Flynn Mike Pence aleln\u00f6knek el\u0151sz\u00f6r azt mondta, hogy a tal\u00e1lkoz\u00f3n nem esett sz\u00f3 az Oroszorsz\u00e1g elleni szankci\u00f3kr\u00f3l, azut\u00e1n p\u00e1r nappal ezel\u0151tt m\u00f3dos\u00edtott a mondand\u00f3j\u00e1n, \u00e9s \u00fagy fogalmazott: tal\u00e1n megvitatt\u00e1k a szankci\u00f3k \u00fcgy\u00e9t is, m\u00e1r nem eml\u00e9kszik r\u00e1 pontosan. A nemzetbiztons\u00e1gi tan\u00e1csad\u00f3 &#8211; amerikai sajt\u00f3h\u00edrek szerint &#8211; szem\u00e9lyesen is eln\u00e9z\u00e9st k\u00e9rt Pence aleln\u00f6kt\u0151l a pontatlans\u00e1g\u00e9rt.     Donald Trump nem sz\u00f3lalt meg a vit\u00e1ban, a Justin Trudeau kanadai korm\u00e1nyf\u0151vel tartott h\u00e9tf\u0151i, k\u00f6z\u00f6s sajt\u00f3konferenci\u00e1j\u00e1n \u00fajs\u00e1g\u00edr\u00f3i k\u00e9rd\u00e9sre v\u00e1laszolva sem komment\u00e1lta a t\u00f6rt\u00e9n\u00e9seket, de nem is nyilv\u00e1n\u00edtotta ki v\u00e1ltozatlan bizalm\u00e1t Flynn ir\u00e1nt.<br \/>\n    Sean Spicer, a Feh\u00e9r H\u00e1z sz\u00f3viv\u0151je d\u00e9lut\u00e1ni k\u00f6zlem\u00e9ny\u00e9ben m\u00e9g azt jelentette be: &#8222;az eln\u00f6k felm\u00e9ri a helyzetet, tan\u00e1cskozik Pence aleln\u00f6kkel \u00e9s m\u00e1sokkal is ebben a nemzetbiztons\u00e1gunkat \u00e9rint\u0151 nagyon fontos \u00fcgyben&#8221;. Spicer k\u00f6zlem\u00e9ny\u00e9nek megjelen\u00e9se el\u0151tt egy \u00f3r\u00e1val azonban Kellyanne Conway, Trump eln\u00f6k egyik tan\u00e1csad\u00f3ja az MSNBC telev\u00edzi\u00f3ban azt nyilatkozta, hogy a nemzetbiztons\u00e1gi tan\u00e1csad\u00f3 v\u00e1ltozatlanul \u00e9lvezi az eln\u00f6k bizalm\u00e1t.<br \/>\n    A demokrat\u00e1k szen\u00e1tusi csoportj\u00e1nak vezet\u0151je, Chuck Schumer azt mondta \u00fajs\u00e1g\u00edr\u00f3knak: f\u00fcggetlen vizsg\u00e1latot akar az \u00fcgyben.(MTI)<\/p>\n","protected":false},"excerpt":{"rendered":"<p>Beny\u00fajtotta lemond\u00e1s\u00e1t h\u00e9tf\u0151 este a napok \u00f3ta t\u00e1mad\u00e1sok \u00e9s vit\u00e1k keresztt\u00fcz\u00e9ben \u00e1ll\u00f3 Michael Flynn, Donald Trump amerikai eln\u00f6k nemzetbiztons\u00e1gi tan\u00e1csad\u00f3ja.<\/p>\n","protected":false},"author":1,"featured_media":0,"comment_status":"open","ping_status":"closed","sticky":false,"template":"","format":"standard","meta":[],"categories":[13],"tags":[],"_links":{"self":[{"href":"https:\/\/gazdasagportal.hu\/index.php\/wp-json\/wp\/v2\/posts\/90047"}],"collection":[{"href":"https:\/\/gazdasagportal.hu\/index.php\/wp-json\/wp\/v2\/posts"}],"about":[{"href":"https:\/\/gazdasagportal.hu\/index.php\/wp-json\/wp\/v2\/types\/post"}],"author":[{"embeddable":true,"href":"https:\/\/gazdasagportal.hu\/index.php\/wp-json\/wp\/v2\/users\/1"}],"replies":[{"embeddable":true,"href":"https:\/\/gazdasagportal.hu\/index.php\/wp-json\/wp\/v2\/comments?post=90047"}],"version-history":[{"count":2,"href":"https:\/\/gazdasagportal.hu\/index.php\/wp-json\/wp\/v2\/posts\/90047\/revisions"}],"predecessor-version":[{"id":90081,"href":"https:\/\/gazdasagportal.hu\/index.php\/wp-json\/wp\/v2\/posts\/90047\/revisions\/90081"}],"wp:attachment":[{"href":"https:\/\/gazdasagportal.hu\/index.php\/wp-json\/wp\/v2\/media?parent=90047"}],"wp:term":[{"taxonomy":"category","embeddable":true,"href":"https:\/\/gazdasagportal.hu\/index.php\/wp-json\/wp\/v2\/categories?post=90047"},{"taxonomy":"post_tag","embeddable":true,"href":"https:\/\/gazdasagportal.hu\/index.php\/wp-json\/wp\/v2\/tags?post=90047"}],"curies":[{"name":"wp","href":"https:\/\/api.w.org\/{rel}","templated":true}]}}