{"id":90041,"date":"2017-02-13T12:29:55","date_gmt":"2017-02-13T11:29:55","guid":{"rendered":"http:\/\/gazdasagportal.hu\/?p=90041"},"modified":"2017-02-13T12:29:55","modified_gmt":"2017-02-13T11:29:55","slug":"kulfoldi-sajto-magyarorszagrol-lengyel-hirportal-orban-viktor-evertekelo-beszederol","status":"publish","type":"post","link":"https:\/\/gazdasagportal.hu\/index.php\/kulfoldi-sajto-magyarorszagrol-lengyel-hirportal-orban-viktor-evertekelo-beszederol\/","title":{"rendered":"K\u00fclf\u00f6ldi sajt\u00f3 Magyarorsz\u00e1gr\u00f3l &#8211; Lengyel h\u00edrport\u00e1l Orb\u00e1n Viktor \u00e9v\u00e9rt\u00e9kel\u0151 besz\u00e9d\u00e9r\u0151l"},"content":{"rendered":"<p><strong>Orb\u00e1n Viktor minisztereln\u00f6k \u00e9v\u00e9rt\u00e9kel\u0151 besz\u00e9de kapcs\u00e1n a Nyugat-Eur\u00f3p\u00e1ban \u00fcld\u00f6z\u00f6tt kereszt\u00e9nyekr\u0151l k\u00f6z\u00f6lt komment\u00e1rt h\u00e9tf\u0151n a wpolityce.pl c\u00edm\u0171 lengyel konzervat\u00edv h\u00edrport\u00e1l.<\/strong><!--more--><\/p>\n<div class=\"ads-in-post1\"><div id=\"gazdasagportal.hu_fullbanner_wideboard\"><\/div>\r\n<\/div>\n<p>Grzegorz G\u00f3rny cikke szerint &#8222;b\u00e1r a komment\u00e1torok egy r\u00e9sze intellektu\u00e1lis provok\u00e1ci\u00f3nak fogta fel az Orb\u00e1n Viktor \u00e9v\u00e9rt\u00e9kel\u0151j\u00e9ben elhangzottakat&#8221;, miszerint Magyarorsz\u00e1g befogadhatn\u00e1 a Nyugat-Eur\u00f3p\u00e1ban \u00fcld\u00f6z\u00f6tt kereszt\u00e9nyeket, &#8222;egy\u00e1ltal\u00e1n nem irre\u00e1lis forgat\u00f3k\u00f6nyvr\u0151l van sz\u00f3&#8221;.<br \/>\nA t\u00f6rt\u00e9nelem sor\u00e1n sokszor el\u0151fordult, hogy vall\u00e1si \u00fcld\u00f6z\u00e9s miatt nagy csoportok d\u00f6nt\u00f6ttek haz\u00e1juk elhagy\u00e1s\u00e1r\u00f3l &#8211; \u00edrta G\u00f3rny, p\u00e9ldak\u00e9nt hozva a k\u00f6zel-keleti kereszt\u00e9nyek jelenlegi kiv\u00e1ndorl\u00e1s\u00e1t is.<br \/>\nAz Eur\u00f3pai Biztons\u00e1gi \u00e9s Egy\u00fcttm\u0171k\u00f6d\u00e9si Szervezet (EBESZ), valamint a b\u00e9csi sz\u00e9khely\u0171 Eur\u00f3pai Kereszt\u00e9nyellenes T\u00fcrelmetlens\u00e9get \u00e9s Diszkrimin\u00e1ci\u00f3t Megfigyel\u0151 K\u00f6zpont jelent\u00e9seire utalva, a kivetett p\u00e9nzb\u00edrs\u00e1gok, munkahelyr\u0151l val\u00f3 elbocs\u00e1t\u00e1sok, letart\u00f3ztat\u00e1sok p\u00e9ld\u00e1it sorolva, G\u00f3rny lesz\u00f6gezte: \u00e9vek \u00f3ta n\u00f6veked\u0151 tendenci\u00e1t mutat a kereszt\u00e9nyek h\u00e1tr\u00e1nyos megk\u00fcl\u00f6nb\u00f6ztet\u00e9se a nyugat-eur\u00f3pai t\u00e1rsadalom \u00e9s politikai vezet\u00e9s r\u00e9sz\u00e9r\u0151l.<br \/>\nLengyelorsz\u00e1g vagy Magyarorsz\u00e1g eset\u00e9ben a jelent\u00e9sek nem sz\u00e1molnak be ilyen esetekr\u0151l, ez\u00e9rt &#8222;teljess\u00e9ggel elk\u00e9pzelhet\u0151&#8221;, hogy a nyugati orsz\u00e1gokban \u00fcld\u00f6z\u00f6tt kereszt\u00e9nyek K\u00f6z\u00e9p-Eur\u00f3p\u00e1ba menek\u00fclnek. &#8222;Nemcsak Magyarorsz\u00e1g, Lengyelorsz\u00e1g is t\u00e1rt karokkal fogadhatn\u00e1 \u0151ket&#8221; &#8211; v\u00e9lte a k\u00f6z\u00edr\u00f3, utalva a vall\u00e1si t\u00fcrelmess\u00e9g ottani hagyom\u00e1ny\u00e1ra. A lengyel nemesi k\u00f6zt\u00e1rsas\u00e1got nemhi\u00e1ba h\u00edvt\u00e1k &#8222;m\u00e1glyamentes orsz\u00e1gnak&#8221;, ma pedig &#8222;a politikai korrekts\u00e9g terror\u00e1t\u00f3l mentes&#8221; orsz\u00e1gg\u00e1 v\u00e1lhat &#8211; fogalmazott G\u00f3rny.(MTI)<br \/>\n<a title=\"Hely megnyit\u00e1sa\" href=\"http:\/\/wpolityce.pl\/swiat\/327254-orban-zaprasza-do-osiedlania-sie-na-wegrzech-europejczykow-z-zachodu-sterroryzowanych-poprawnoscia-polityczna\" target=\"_blank\" rel=\"noopener\">http:\/\/wpolityce.pl\/swiat\/327254-orban-zaprasza-do-osiedlania-sie-na-wegrzech-europejczykow-z-zachodu-sterroryzowanych-poprawnoscia-polityczna<\/a><\/p>\n<p>&nbsp;<\/p><div id=\"gazda-3355516591\" class=\"gazda-tartalomban gazda-entity-placement\"><script async src=\"https:\/\/pagead2.googlesyndication.com\/pagead\/js\/adsbygoogle.js\"><\/script>\r\n<ins class=\"adsbygoogle\"\r\n     style=\"display:block\"\r\n     data-ad-format=\"fluid\"\r\n     data-ad-layout-key=\"-6t+ed+2i-1n-4w\"\r\n     data-ad-client=\"ca-pub-1959107119989764\"\r\n     data-ad-slot=\"4008251320\"><\/ins>\r\n<script>\r\n     (adsbygoogle = window.adsbygoogle || []).push({});\r\n<\/script><\/div>\n","protected":false},"excerpt":{"rendered":"<p>Orb\u00e1n Viktor minisztereln\u00f6k \u00e9v\u00e9rt\u00e9kel\u0151 besz\u00e9de kapcs\u00e1n a Nyugat-Eur\u00f3p\u00e1ban \u00fcld\u00f6z\u00f6tt kereszt\u00e9nyekr\u0151l k\u00f6z\u00f6lt komment\u00e1rt h\u00e9tf\u0151n a wpolityce.pl c\u00edm\u0171 lengyel konzervat\u00edv h\u00edrport\u00e1l.<\/p>\n","protected":false},"author":1,"featured_media":50232,"comment_status":"open","ping_status":"closed","sticky":false,"template":"","format":"standard","meta":[],"categories":[146,4],"tags":[],"_links":{"self":[{"href":"https:\/\/gazdasagportal.hu\/index.php\/wp-json\/wp\/v2\/posts\/90041"}],"collection":[{"href":"https:\/\/gazdasagportal.hu\/index.php\/wp-json\/wp\/v2\/posts"}],"about":[{"href":"https:\/\/gazdasagportal.hu\/index.php\/wp-json\/wp\/v2\/types\/post"}],"author":[{"embeddable":true,"href":"https:\/\/gazdasagportal.hu\/index.php\/wp-json\/wp\/v2\/users\/1"}],"replies":[{"embeddable":true,"href":"https:\/\/gazdasagportal.hu\/index.php\/wp-json\/wp\/v2\/comments?post=90041"}],"version-history":[{"count":1,"href":"https:\/\/gazdasagportal.hu\/index.php\/wp-json\/wp\/v2\/posts\/90041\/revisions"}],"predecessor-version":[{"id":90042,"href":"https:\/\/gazdasagportal.hu\/index.php\/wp-json\/wp\/v2\/posts\/90041\/revisions\/90042"}],"wp:featuredmedia":[{"embeddable":true,"href":"https:\/\/gazdasagportal.hu\/index.php\/wp-json\/wp\/v2\/media\/50232"}],"wp:attachment":[{"href":"https:\/\/gazdasagportal.hu\/index.php\/wp-json\/wp\/v2\/media?parent=90041"}],"wp:term":[{"taxonomy":"category","embeddable":true,"href":"https:\/\/gazdasagportal.hu\/index.php\/wp-json\/wp\/v2\/categories?post=90041"},{"taxonomy":"post_tag","embeddable":true,"href":"https:\/\/gazdasagportal.hu\/index.php\/wp-json\/wp\/v2\/tags?post=90041"}],"curies":[{"name":"wp","href":"https:\/\/api.w.org\/{rel}","templated":true}]}}