{"id":90023,"date":"2017-02-13T11:52:53","date_gmt":"2017-02-13T10:52:53","guid":{"rendered":"http:\/\/gazdasagportal.hu\/?p=90023"},"modified":"2017-02-13T11:52:53","modified_gmt":"2017-02-13T10:52:53","slug":"a-wti-olaj-jegyzese-az-50-55-dollaros-savnal-elakadhat","status":"publish","type":"post","link":"https:\/\/gazdasagportal.hu\/index.php\/a-wti-olaj-jegyzese-az-50-55-dollaros-savnal-elakadhat\/","title":{"rendered":"A WTI olaj jegyz\u00e9se az 50-55 doll\u00e1ros s\u00e1vn\u00e1l elakadhat"},"content":{"rendered":"<p><a href=\"https:\/\/gazdasagportal.hu\/wp-content\/uploads\/2015\/04\/olaj_vezetek.jpg\"><img decoding=\"async\" loading=\"lazy\" src=\"https:\/\/gazdasagportal.hu\/wp-content\/uploads\/2015\/04\/olaj_vezetek.jpg\" alt=\"olaj_vezetek\" width=\"600\" height=\"338\" class=\"aligncenter size-full wp-image-59128\" srcset=\"https:\/\/gazdasagportal.hu\/wp-content\/uploads\/2015\/04\/olaj_vezetek.jpg 600w, https:\/\/gazdasagportal.hu\/wp-content\/uploads\/2015\/04\/olaj_vezetek-300x169.jpg 300w\" sizes=\"(max-width: 600px) 100vw, 600px\" \/><\/a><br \/>\n<strong>M\u00falt h\u00e9ten nagyot ment az olaj, de hosszabb t\u00e1von is fenntarthat\u00f3 az emelked\u00e9s? Az \u00e1rfolyam fel\u00edvel\u00e9s\u00e9t kedvez\u0151 piaci jelent\u00e9sek f\u0171t\u00f6tt\u00e9k, de \u00e9rdemes ezeket r\u00e9szleteiben vizsg\u00e1lni, ahol m\u00e1r sokkal \u00e1rnyaltabb a k\u00e9p &#8211; mondta el Kov\u00e1cs B\u00e1lint, az Equilor Befektet\u00e9si Zrt. elemz\u0151je.<\/strong><!--more--><\/p>\n<div class=\"ads-in-post1\"><div id=\"gazdasagportal.hu_fullbanner_wideboard\"><\/div>\r\n<\/div>\n<p>A Nemzetk\u00f6zi Energia\u00fcgyn\u00f6ks\u00e9g (IEA) szerint az OPEC v\u00e1rakoz\u00e1son fel\u00fcl teljes\u00edtette a kitermel\u00e9s cs\u00f6kkent\u00e9s\u00e9re vonatkoz\u00f3 meg\u00e1llapod\u00e1s\u00e1t. Az \u00fcgyn\u00f6ks\u00e9g havi jelent\u00e9s\u00e9b\u0151l kider\u00fclt, hogy sz\u00e1m\u00edt\u00e1saik szerint az el\u0151\u00edrt napi 1,2 milli\u00f3 hord\u00f3s sz\u0171k\u00edt\u00e9sb\u0151l m\u00e1r 1 milli\u00f3t teljes\u00edtettek a felek janu\u00e1rban. Az \u00fcgyn\u00f6ks\u00e9g arra eml\u00e9keztet, hogy a mostani t\u00f6bb, mint 80%-os teljes\u00edt\u00e9si ar\u00e1ny j\u00f3val nagyobb, mint amit az OPEC legut\u00f3bbi, 2009-es programja alatt tapasztaltak. Az IEA sz\u00e1m\u00edtasa szerint p\u00e9ld\u00e1ul Sza\u00fad-Ar\u00e1bia az el\u0151\u00edrtn\u00e1l napi 70 ezer hord\u00f3val nagyobb m\u00e9rt\u00e9kben, azaz napi 560 ezer hord\u00f3val v\u00e1gta vissza olajtermel\u00e9s\u00e9t. Ezzel szemben az OPEC m\u00e1sodik leger\u0151sebb tagja, Irak az el\u0151\u00edrt mennyis\u00e9g csup\u00e1n fel\u00e9t teljes\u00edtette, mik\u00f6zben a rendk\u00edv\u00fcl neh\u00e9z helyzetben l\u00e9v\u0151 Venezuela 18%-os v\u00e9grehajt\u00e1st produk\u00e1lt. Ut\u00f3bbi az\u00e9rt \u00e9rdekes, mert 2016 sor\u00e1n Venezuela volt a kitermel\u00e9s cs\u00f6kkent\u00e9s sz\u00f3sz\u00f3l\u00f3ja.<\/p>\n<p><iframe loading=\"lazy\" width=\"509\" height=\"319\" src=\"http:\/\/gazdasagtv.hu\/iframe.php?id=10949\" style=\"border: none; overflow: hidden\" scrolling=\"no\"><\/iframe><br \/>Forr\u00e1s: <a href=\"http:\/\/gazdasagtv.hu\" style=\"color: #df1100; font-weight: bold; text-decoration: none;\" target=\"_blank\" rel=\"noopener\">Gazdas\u00e1gTV.hu<\/a> <\/p><div id=\"gazda-3382387215\" class=\"gazda-tartalomban gazda-entity-placement\"><script async src=\"https:\/\/pagead2.googlesyndication.com\/pagead\/js\/adsbygoogle.js\"><\/script>\r\n<ins class=\"adsbygoogle\"\r\n     style=\"display:block\"\r\n     data-ad-format=\"fluid\"\r\n     data-ad-layout-key=\"-6t+ed+2i-1n-4w\"\r\n     data-ad-client=\"ca-pub-1959107119989764\"\r\n     data-ad-slot=\"4008251320\"><\/ins>\r\n<script>\r\n     (adsbygoogle = window.adsbygoogle || []).push({});\r\n<\/script><\/div>\n","protected":false},"excerpt":{"rendered":"<p>M\u00falt h\u00e9ten nagyot ment az olaj, de hosszabb t\u00e1von is fenntarthat\u00f3 az emelked\u00e9s? Az \u00e1rfolyam fel\u00edvel\u00e9s\u00e9t kedvez\u0151 piaci jelent\u00e9sek f\u0171t\u00f6tt\u00e9k, de \u00e9rdemes ezeket r\u00e9szleteiben vizsg\u00e1lni, ahol m\u00e1r sokkal \u00e1rnyaltabb a k\u00e9p &#8211; mondta el Kov\u00e1cs B\u00e1lint, az Equilor Befektet\u00e9si Zrt. elemz\u0151je.<\/p>\n","protected":false},"author":1,"featured_media":59128,"comment_status":"open","ping_status":"closed","sticky":false,"template":"","format":"standard","meta":[],"categories":[403,146,8],"tags":[],"_links":{"self":[{"href":"https:\/\/gazdasagportal.hu\/index.php\/wp-json\/wp\/v2\/posts\/90023"}],"collection":[{"href":"https:\/\/gazdasagportal.hu\/index.php\/wp-json\/wp\/v2\/posts"}],"about":[{"href":"https:\/\/gazdasagportal.hu\/index.php\/wp-json\/wp\/v2\/types\/post"}],"author":[{"embeddable":true,"href":"https:\/\/gazdasagportal.hu\/index.php\/wp-json\/wp\/v2\/users\/1"}],"replies":[{"embeddable":true,"href":"https:\/\/gazdasagportal.hu\/index.php\/wp-json\/wp\/v2\/comments?post=90023"}],"version-history":[{"count":1,"href":"https:\/\/gazdasagportal.hu\/index.php\/wp-json\/wp\/v2\/posts\/90023\/revisions"}],"predecessor-version":[{"id":90024,"href":"https:\/\/gazdasagportal.hu\/index.php\/wp-json\/wp\/v2\/posts\/90023\/revisions\/90024"}],"wp:featuredmedia":[{"embeddable":true,"href":"https:\/\/gazdasagportal.hu\/index.php\/wp-json\/wp\/v2\/media\/59128"}],"wp:attachment":[{"href":"https:\/\/gazdasagportal.hu\/index.php\/wp-json\/wp\/v2\/media?parent=90023"}],"wp:term":[{"taxonomy":"category","embeddable":true,"href":"https:\/\/gazdasagportal.hu\/index.php\/wp-json\/wp\/v2\/categories?post=90023"},{"taxonomy":"post_tag","embeddable":true,"href":"https:\/\/gazdasagportal.hu\/index.php\/wp-json\/wp\/v2\/tags?post=90023"}],"curies":[{"name":"wp","href":"https:\/\/api.w.org\/{rel}","templated":true}]}}