{"id":900,"date":"2013-01-23T21:51:09","date_gmt":"2013-01-23T20:51:09","guid":{"rendered":"http:\/\/stockportal.hu\/?p=900"},"modified":"2013-01-23T21:51:09","modified_gmt":"2013-01-23T20:51:09","slug":"elraboltak-egy-magyar-ujsagirot-sziriaban","status":"publish","type":"post","link":"https:\/\/gazdasagportal.hu\/index.php\/elraboltak-egy-magyar-ujsagirot-sziriaban\/","title":{"rendered":"Elraboltak egy magyar \u00fajs\u00e1g\u00edr\u00f3t Sz\u00edri\u00e1ban"},"content":{"rendered":"<p><strong>Elrabolt\u00e1k Sz\u00edri\u00e1ban Szlank\u00f3 B\u00e1lint \u00fajs\u00e1g\u00edr\u00f3t, majd 12 \u00f3ra m\u00falva &#8211; kifosztva &#8211; elengedt\u00e9k. A K\u00fcl\u00fcgyminiszt\u00e9rium sajt\u00f3 f\u0151oszt\u00e1ly\u00e1nak vezet\u0151je az MTI-nek az \u00e9rintett nev\u00e9t nem eml\u00edtve elmondta: az \u00fajs\u00e1g\u00edr\u00f3 hazautaz\u00e1s\u00e1t m\u00e1r szervezik.<!--more--><\/strong><\/p>\n<p>Kaleta G\u00e1bor k\u00f6z\u00f6lte: a magyar \u00fajs\u00e1g\u00edr\u00f3t m\u00e9g kedden &#8211; k\u00e9t k\u00fclf\u00f6ldi \u00e1llampolg\u00e1rral egy\u00fctt &#8211; rabolt\u00e1k el, \u00e9s miut\u00e1n kifosztott\u00e1k, szabadon engedt\u00e9k \u0151ket. Hozz\u00e1tette: a magyar \u00e1llampolg\u00e1r a k\u00f6r\u00fclm\u00e9nyekhez k\u00e9pest j\u00f3l van, a konzuli szolg\u00e1lat seg\u00edts\u00e9get ny\u00fajt a hazat\u00e9r\u00e9s\u00e9hez, az utaz\u00e1s\u00e1t m\u00e1r szervezik.<br \/>\nSzlank\u00f3 B\u00e1lint Facebook adatlapj\u00e1n angol nyelven azt \u00edrta: &#8222;\u00e9pp most vagyok t\u00fal egy 12 \u00f3r\u00e1s emberrabl\u00e1son Alepp\u00f3ban&#8221;.<br \/>\nA bejegyz\u00e9s szerint ismeretlen fegyveresek kedd reggel egy mexik\u00f3i \u00e9s egy baszk \u00fajs\u00e1g\u00edr\u00f3val egy\u00fctt rabolt\u00e1k el Aleppo keleti r\u00e9sz\u00e9n, a frontvonalhoz k\u00f6zel. Miut\u00e1n megbilincselt\u00e9k \u0151ket, bek\u00f6t\u00f6tt\u00e9k a szem\u00fcket, majd egy cell\u00e1ba vitt\u00e9k \u0151ket. K\u00e9s\u0151bb \u00e9rt\u00e9keiket elvett\u00e9k, majd a v\u00e1ros egy elhagyatott r\u00e9sz\u00e9n kitett\u00e9k \u0151ket. A h\u00e1rom \u00fajs\u00e1g\u00edr\u00f3nak siker\u00fclt eljutnia az egyik ellenz\u00e9ki fegyveres csoport f\u0151hadisz\u00e1ll\u00e1s\u00e1ra.<br \/>\nSzlank\u00f3 B\u00e1lint azt \u00edrta, hogy mind a h\u00e1rman j\u00f3l vannak, \u00e9s siker\u00fclt elhagyniuk Sz\u00edri\u00e1t. Az \u00fajs\u00e1g\u00edr\u00f3 k\u00f6sz\u00f6netet mondott a koll\u00e9g\u00e1inak, a csal\u00e1dj\u00e1nak, valamint a spanyol \u00e9s a magyar korm\u00e1nynak a seg\u00edts\u00e9g\u00e9rt, hogy biztons\u00e1gban visszajuthattak T\u00f6r\u00f6korsz\u00e1gba. (MTI)<\/p>\n","protected":false},"excerpt":{"rendered":"<p>Elrabolt\u00e1k Sz\u00edri\u00e1ban Szlank\u00f3 B\u00e1lint \u00fajs\u00e1g\u00edr\u00f3t, majd 12 \u00f3ra m\u00falva &#8211; kifosztva &#8211; elengedt\u00e9k. A K\u00fcl\u00fcgyminiszt\u00e9rium sajt\u00f3 f\u0151oszt\u00e1ly\u00e1nak vezet\u0151je az MTI-nek az \u00e9rintett nev\u00e9t nem eml\u00edtve elmondta: az \u00fajs\u00e1g\u00edr\u00f3 hazautaz\u00e1s\u00e1t m\u00e1r szervezik.<\/p>\n","protected":false},"author":1,"featured_media":0,"comment_status":"closed","ping_status":"closed","sticky":false,"template":"","format":"standard","meta":[],"categories":[4,16],"tags":[],"_links":{"self":[{"href":"https:\/\/gazdasagportal.hu\/index.php\/wp-json\/wp\/v2\/posts\/900"}],"collection":[{"href":"https:\/\/gazdasagportal.hu\/index.php\/wp-json\/wp\/v2\/posts"}],"about":[{"href":"https:\/\/gazdasagportal.hu\/index.php\/wp-json\/wp\/v2\/types\/post"}],"author":[{"embeddable":true,"href":"https:\/\/gazdasagportal.hu\/index.php\/wp-json\/wp\/v2\/users\/1"}],"replies":[{"embeddable":true,"href":"https:\/\/gazdasagportal.hu\/index.php\/wp-json\/wp\/v2\/comments?post=900"}],"version-history":[{"count":1,"href":"https:\/\/gazdasagportal.hu\/index.php\/wp-json\/wp\/v2\/posts\/900\/revisions"}],"predecessor-version":[{"id":901,"href":"https:\/\/gazdasagportal.hu\/index.php\/wp-json\/wp\/v2\/posts\/900\/revisions\/901"}],"wp:attachment":[{"href":"https:\/\/gazdasagportal.hu\/index.php\/wp-json\/wp\/v2\/media?parent=900"}],"wp:term":[{"taxonomy":"category","embeddable":true,"href":"https:\/\/gazdasagportal.hu\/index.php\/wp-json\/wp\/v2\/categories?post=900"},{"taxonomy":"post_tag","embeddable":true,"href":"https:\/\/gazdasagportal.hu\/index.php\/wp-json\/wp\/v2\/tags?post=900"}],"curies":[{"name":"wp","href":"https:\/\/api.w.org\/{rel}","templated":true}]}}