{"id":89945,"date":"2017-02-10T08:07:34","date_gmt":"2017-02-10T07:07:34","guid":{"rendered":"http:\/\/gazdasagportal.hu\/?p=89945"},"modified":"2017-02-10T07:08:25","modified_gmt":"2017-02-10T06:08:25","slug":"magyarorszagnak-is-fontos-a-pragmatikus-brexit-megallapodas","status":"publish","type":"post","link":"https:\/\/gazdasagportal.hu\/index.php\/magyarorszagnak-is-fontos-a-pragmatikus-brexit-megallapodas\/","title":{"rendered":"Magyarorsz\u00e1gnak is fontos a pragmatikus Brexit-meg\u00e1llapod\u00e1s"},"content":{"rendered":"<p><strong>Magyarorsz\u00e1g sz\u00e1m\u00e1ra is fontos, hogy a brit EU-tags\u00e1g megsz\u0171n\u00e9s\u00e9nek felt\u00e9teleir\u0151l folytatand\u00f3 t\u00e1rgyal\u00e1ssorozat ne b\u00fcntet\u0151 jelleg\u0171, hanem gyakorlatias, minden \u00e9rintett sz\u00e1m\u00e1ra megfelel\u0151 meg\u00e1llapod\u00e1scsomag el\u00e9r\u00e9s\u00e9vel z\u00e1ruljon, \u00e9s Nagy-Britannia ebben sz\u00e1m\u00edthat a magyar korm\u00e1ny t\u00e1mogat\u00e1s\u00e1ra &#8211; mondta cs\u00fct\u00f6rt\u00f6k\u00f6n Londonban Szab\u00f3 L\u00e1szl\u00f3, a K\u00fclgazdas\u00e1gi \u00e9s K\u00fcl\u00fcgyminiszt\u00e9rium (KKM) parlamenti \u00e1llamtitk\u00e1ra.<\/strong><!--more--><\/p>\n<div class=\"ads-in-post1\"><div id=\"gazdasagportal.hu_fullbanner_wideboard\"><\/div>\r\n<\/div>\n<p>    A k\u00fcl\u00fcgyi szakpolitikus a nap folyam\u00e1n a brit k\u00fcl\u00fcgyminiszt\u00e9rium, a k\u00fclkereskedelmi miniszt\u00e9rium, valamint a Brit Iparsz\u00f6vets\u00e9g (CBI) \u00e9s az Institute of Directors (IoD) v\u00e1llalatvezet\u0151i sz\u00f6vets\u00e9g illet\u00e9keseivel t\u00e1rgyalt. Megbesz\u00e9l\u00e9sei ut\u00e1n, cs\u00fct\u00f6rt\u00f6k este magyar \u00fajs\u00e1g\u00edr\u00f3knak kijelentette: Eur\u00f3p\u00e1nak nem megb\u00fcntetnie kell Nagy-Britanni\u00e1t,  hanem olyan k\u00f6rnyezetet kell teremtenie, amelyben az tagorsz\u00e1gok maradni akarnak, \u00e9s l\u00e1tj\u00e1k az Eur\u00f3pai Uni\u00f3 \u00e9rt\u00e9keit. Br\u00fcsszelnek tanulnia kellene abb\u00f3l a hib\u00e1b\u00f3l, hogy nem volt hajland\u00f3 az eur\u00f3pai emberek hangj\u00e1ra figyelni &#8211; tette hozz\u00e1.<br \/>\n    A KKM \u00e1llamtitk\u00e1ra szerint Magyarorsz\u00e1g azt szeretn\u00e9, hogy a brit kil\u00e9p\u00e9sr\u0151l sz\u00f3l\u00f3 t\u00e1rgyal\u00e1si folyamat fair \u00e9s \u00e1tl\u00e1that\u00f3 legyen.<br \/>\n    Arra a k\u00e9rd\u00e9sre, hogy a magyar korm\u00e1ny milyen lehet\u0151s\u00e9get l\u00e1t a Nagy-Britanni\u00e1ban \u00e9l\u0151 magyarok jogainak j\u00f6v\u0151beni biztos\u00edt\u00e1s\u00e1ra, Szab\u00f3 L\u00e1szl\u00f3 kijelentette: londoni t\u00e1rgyal\u00e1sain az \u00fczleti szf\u00e9ra \u00e9s a politika k\u00e9pvisel\u0151i egyar\u00e1nt azt mondt\u00e1k, hogy nem tudj\u00e1k elk\u00e9pzelni, mik\u00e9nt maradhatna m\u0171k\u00f6d\u0151k\u00e9pes az orsz\u00e1g a k\u00f6z\u00e9p- \u00e9s kelet-eur\u00f3pai munkaer\u0151 n\u00e9lk\u00fcl. A brit munkan\u00e9lk\u00fclis\u00e9g meglehet\u0151sen alacsony, \u00e9s egy\u00e9rtelm\u0171, hogy ha hirtelen elt\u0171nn\u00e9nek a keleti EU-tag\u00e1llamok munkav\u00e1llal\u00f3i, akkor Nagy-Britannia bajba ker\u00fclhetne. Ezt a brit f\u00e9l is tudja &#8211; hangs\u00falyozta a KKM \u00e1llamtitk\u00e1ra.<br \/>\n    Hozz\u00e1tette: nyilv\u00e1nval\u00f3an a brit korm\u00e1ny is szeretn\u00e9 az EU-t\u00e1rs\u00e1llamokban \u00e9l\u0151 brit \u00e1llampolg\u00e1rok jogainak tov\u00e1bbi \u00e9rv\u00e9nyes\u00fcl\u00e9s\u00e9t, vagyis ennek alapj\u00e1n elk\u00e9pzelhet\u0151 egy k\u00f6lcs\u00f6n\u00f6sen el\u0151ny\u0151s, pragmatikus megold\u00e1s, amely nem emel adminisztrat\u00edv akad\u00e1lyokat e jogok \u00e9rv\u00e9nyes\u00edt\u00e9se el\u00e9.<br \/>\n    Theresa May brit minisztereln\u00f6k t\u00f6bbsz\u00f6r hangoztatta azt az \u00e1ll\u00e1spontj\u00e1t, hogy London err\u0151l k\u00e9rd\u00e9sr\u0151l a lehet\u0151 leghamarabb, a kil\u00e9p\u00e9si t\u00e1rgyal\u00e1sok nagyon korai szakasz\u00e1ban meg\u00e1llapod\u00e1sra akar jutni az uni\u00f3s t\u00e1rs\u00e1llamokkal, viszonoss\u00e1gi alapon, vagyis azzal a felt\u00e9tellel, hogy az EU-ban marad\u00f3 tagorsz\u00e1gok is garant\u00e1lj\u00e1k az ott \u00e9l\u0151 brit \u00e1llampolg\u00e1rok jogainak tov\u00e1bbi \u00e9rv\u00e9nyes\u00fcl\u00e9s\u00e9t.<br \/>\n    Szab\u00f3 L\u00e1szl\u00f3 a magyar-brit gazdas\u00e1gi kapcsolatokr\u00f3l sz\u00f3lva cs\u00fct\u00f6rt\u00f6ki t\u00e1j\u00e9koztat\u00f3j\u00e1n elmondta: e kapcsolatrendszer dinamikusan b\u0151v\u00fcl, Magyarorsz\u00e1gon jelenleg 800 brit v\u00e1llalat hozz\u00e1vet\u0151leg 50 ezer embernek ad munk\u00e1t, a k\u00e9toldal\u00fa kereskedelmi forgalom 2015-ben 15 sz\u00e1zal\u00e9kkal emelkedett.<br \/>\n    Arra a k\u00e9rd\u00e9sre, hogy a londoni City p\u00e9nz\u00fcgyi szolg\u00e1ltat\u00e1si k\u00f6zpontj\u00e1b\u00f3l a brit EU-tags\u00e1g megsz\u0171n\u00e9se miatt esetlen t\u00e1vozni k\u00edv\u00e1n\u00f3 c\u00e9geknek a korm\u00e1ny felaj\u00e1nlja-e a magyarorsz\u00e1gi leteleped\u00e9s lehet\u0151s\u00e9g\u00e9t, a KKM \u00e1llamtitk\u00e1ra azt mondta: Magyarorsz\u00e1g akt\u00edvan nem biztat brit c\u00e9geket arra, hogy elhagyj\u00e1k Nagy-Britanni\u00e1t, de azoknak a v\u00e1llalatoknak, amelyek \u00fagy d\u00f6ntenek, hogy m\u00e1shova telep\u00fclnek, Magyarorsz\u00e1g kiv\u00e1l\u00f3, ide\u00e1lis m\u0171k\u00f6d\u00e9si helysz\u00ednt tud biztos\u00edtani.(MTI)<\/p>\n","protected":false},"excerpt":{"rendered":"<p>Magyarorsz\u00e1g sz\u00e1m\u00e1ra is fontos, hogy a brit EU-tags\u00e1g megsz\u0171n\u00e9s\u00e9nek felt\u00e9teleir\u0151l folytatand\u00f3 t\u00e1rgyal\u00e1ssorozat ne b\u00fcntet\u0151 jelleg\u0171, hanem gyakorlatias, minden \u00e9rintett sz\u00e1m\u00e1ra megfelel\u0151 meg\u00e1llapod\u00e1scsomag el\u00e9r\u00e9s\u00e9vel z\u00e1ruljon, \u00e9s Nagy-Britannia ebben sz\u00e1m\u00edthat a magyar korm\u00e1ny t\u00e1mogat\u00e1s\u00e1ra &#8211; mondta cs\u00fct\u00f6rt\u00f6k\u00f6n Londonban Szab\u00f3 L\u00e1szl\u00f3, a K\u00fclgazdas\u00e1gi \u00e9s K\u00fcl\u00fcgyminiszt\u00e9rium (KKM) parlamenti \u00e1llamtitk\u00e1ra.<\/p>\n","protected":false},"author":1,"featured_media":0,"comment_status":"open","ping_status":"closed","sticky":false,"template":"","format":"standard","meta":[],"categories":[19],"tags":[],"_links":{"self":[{"href":"https:\/\/gazdasagportal.hu\/index.php\/wp-json\/wp\/v2\/posts\/89945"}],"collection":[{"href":"https:\/\/gazdasagportal.hu\/index.php\/wp-json\/wp\/v2\/posts"}],"about":[{"href":"https:\/\/gazdasagportal.hu\/index.php\/wp-json\/wp\/v2\/types\/post"}],"author":[{"embeddable":true,"href":"https:\/\/gazdasagportal.hu\/index.php\/wp-json\/wp\/v2\/users\/1"}],"replies":[{"embeddable":true,"href":"https:\/\/gazdasagportal.hu\/index.php\/wp-json\/wp\/v2\/comments?post=89945"}],"version-history":[{"count":1,"href":"https:\/\/gazdasagportal.hu\/index.php\/wp-json\/wp\/v2\/posts\/89945\/revisions"}],"predecessor-version":[{"id":89946,"href":"https:\/\/gazdasagportal.hu\/index.php\/wp-json\/wp\/v2\/posts\/89945\/revisions\/89946"}],"wp:attachment":[{"href":"https:\/\/gazdasagportal.hu\/index.php\/wp-json\/wp\/v2\/media?parent=89945"}],"wp:term":[{"taxonomy":"category","embeddable":true,"href":"https:\/\/gazdasagportal.hu\/index.php\/wp-json\/wp\/v2\/categories?post=89945"},{"taxonomy":"post_tag","embeddable":true,"href":"https:\/\/gazdasagportal.hu\/index.php\/wp-json\/wp\/v2\/tags?post=89945"}],"curies":[{"name":"wp","href":"https:\/\/api.w.org\/{rel}","templated":true}]}}