{"id":89942,"date":"2017-02-10T07:36:11","date_gmt":"2017-02-10T06:36:11","guid":{"rendered":"http:\/\/gazdasagportal.hu\/?p=89942"},"modified":"2017-02-10T07:07:11","modified_gmt":"2017-02-10T06:07:11","slug":"varga-mihaly-a-magyar-gazdasag-negyedik-eve-novekszik","status":"publish","type":"post","link":"https:\/\/gazdasagportal.hu\/index.php\/varga-mihaly-a-magyar-gazdasag-negyedik-eve-novekszik\/","title":{"rendered":"Varga Mih\u00e1ly: a magyar gazdas\u00e1g negyedik \u00e9ve n\u00f6vekszik"},"content":{"rendered":"<p><strong>A magyar gazdas\u00e1g negyedik \u00e9ve n\u00f6vekszik, mik\u00f6zben 83-r\u00f3l 74 sz\u00e1zal\u00e9kra cs\u00f6kkent a GDP-ar\u00e1nyos \u00e1llamad\u00f3ss\u00e1g &#8211; mondta Varga Mih\u00e1ly nemzetgazdas\u00e1gi miniszter cs\u00fct\u00f6rt\u00f6k\u00f6n Dunakeszin.<\/strong><!--more--><\/p>\n<div class=\"ads-in-post1\"><div id=\"gazdasagportal.hu_fullbanner_wideboard\"><\/div>\r\n<\/div>\n<p>    A nemzetgazdas\u00e1gi miniszter Tuzson Bence korm\u00e1nyzati kommunik\u00e1ci\u00f3\u00e9rt felel\u0151s \u00e1llamtitk\u00e1r, Pest megyei orsz\u00e1ggy\u0171l\u00e9si k\u00e9pvisel\u0151 lakoss\u00e1gi f\u00f3rum\u00e1nak vend\u00e9ge volt.<br \/>\n    Az \u00e1llamtitk\u00e1r \u00f6sszegezte v\u00e1laszt\u00f3ker\u00fclet\u00e9nek legfontosabb gazdas\u00e1gi t\u00f6rt\u00e9n\u00e9seit. Kiemelte, hogy a sz\u00e1zmilli\u00e1rd forintos beruh\u00e1z\u00e1ssal megval\u00f3sul\u00f3 g\u00f6di Samsung gy\u00e1r hatsz\u00e1z munkahelyet l\u00e9tes\u00edt, ami rem\u00e9nyei szerint el\u00e9rheti majd ak\u00e1r a 2500-at is. Sz\u00f3lt arr\u00f3l is, hogy a 2\/A \u00fat k\u00e9tszer k\u00e9t s\u00e1vra b\u0151v\u00fcl, valamint k\u00e9t, a forgalmi helyzetet jelent\u0151sen jav\u00edt\u00f3 csom\u00f3pont \u00e9p\u00fcl.     Az \u00e1llamtitk\u00e1r elmondta, hogy m\u00e9g a tavalyi \u00e9v v\u00e9g\u00e9n d\u00f6nt\u00f6tt a korm\u00e1ny h\u00e1rom nagy sportberuh\u00e1z\u00e1s megval\u00f3s\u00edt\u00e1s\u00e1r\u00f3l a v\u00e1laszt\u00f3ker\u00fclet\u00e9t \u00e9rint\u0151en. Egy sportcsarnok\u00e9r\u00f3l, egy egyedi \u00fasz\u00f3medence \u00e9p\u00edt\u00e9s\u00e9r\u0151l ugr\u00f3toronnyal \u00e9s a Duna k\u00f6zels\u00e9g\u00e9nek k\u00f6sz\u00f6nhet\u0151en evez\u0151s fejleszt\u00e9sek v\u00e1rhat\u00f3k &#8211; fogalmazott Tuzson Bence. Sz\u00f3lt m\u00e9g arr\u00f3l is a kommunik\u00e1ci\u00f3\u00e9rt felel\u0151s \u00e1llamtitk\u00e1r, hogy egyh\u00e1zakat \u00e9rint\u0151 beruh\u00e1z\u00e1sok keret\u00e9ben meg\u00fajul a f\u00f3ti \u00e9s fel\u00e9p\u00fcl a cs\u00f6m\u00f6ri reform\u00e1tus templom, valamint befejez\u0151dik Veresegyh\u00e1zon a reform\u00e1tus iskola.     Varga Mih\u00e1ly nemzetgazdas\u00e1gi miniszter eml\u00e9keztetett arra, hogy 2008-ra az el\u0151z\u0151 korm\u00e1nyok miatt 20 milli\u00e1rdos hitelt kellett felvennie az orsz\u00e1gnak, most viszont 2013 \u00f3ta folyamatosan, m\u00e1r negyedik \u00e9ve n\u00f6vekszik a gazdas\u00e1g, mik\u00f6zben 83-r\u00f3l 74 sz\u00e1zal\u00e9kra cs\u00f6kkent a GDP-ar\u00e1nyos \u00e1llamad\u00f3ss\u00e1g. Hozz\u00e1tette, hogy a gazdas\u00e1g n\u00f6veked\u00e9s\u00e9vel p\u00e1rhuzamosan folyamatosan cs\u00f6kkenteni szeretn\u00e9k tov\u00e1bbra is az \u00e1llamad\u00f3ss\u00e1got \u00e9s n\u00f6velni a munkahelyek sz\u00e1m\u00e1t. Mint mondta: &#8222;am\u00edg egy ember is munka n\u00e9lk\u00fcl van, addig ezzel a k\u00e9rd\u00e9ssel foglalkozni kell&#8221;. Eredm\u00e9nyk\u00e9nt eml\u00edtette, hogy a 2010-es 11,8 sz\u00e1zal\u00e9kos munkan\u00e9lk\u00fclis\u00e9get korm\u00e1nyz\u00e1suk alatt siker\u00fclt 4,4 sz\u00e1zal\u00e9kra cs\u00f6kkenteni, valamint, hogy mind a h\u00e1rom hitelmin\u0151s\u00edt\u0151 befektet\u00e9sre aj\u00e1nlja ma Magyarorsz\u00e1got. Kit\u00e9rt arra is a miniszter, hogy 180-200 ezer embert alkalmaznak k\u00f6zfoglalkoztatottk\u00e9nt. A k\u00f6zfoglalkoztatottak 10-15 sz\u00e1zal\u00e9ka m\u00e1r visszatal\u00e1lt a munka vil\u00e1g\u00e1ba.     A miniszter kiemelte, hogy mivel a GDP stabilan n\u00f6vekszik, siker\u00fclt 3 sz\u00e1zal\u00e9k alatt tartani a k\u00f6lts\u00e9gvet\u00e9si hi\u00e1nyt \u00e9s 2016-ban a re\u00e1lb\u00e9rek is 7 sz\u00e1zal\u00e9kkal n\u0151ttek. Hozz\u00e1tette, hogy 2017-ben 5 sz\u00e1zal\u00e9kponttal m\u00e9rs\u00e9kl\u0151dtek a munk\u00e1ltat\u00f3i ad\u00f3k \u00e9s 9 sz\u00e1zal\u00e9kra cs\u00f6kkent a t\u00e1rsas\u00e1gi ad\u00f3 m\u00e9rt\u00e9ke. Varga Mih\u00e1ly elmondta, hogy ebben az \u00e9vben a minim\u00e1lb\u00e9r 15 sz\u00e1zal\u00e9kkal n\u0151tt, \u00edgy az ma 127 500 forint, \u00e9s hogy a szakmunk\u00e1s minim\u00e1lb\u00e9rt is megemelt\u00e9k 25 sz\u00e1zal\u00e9kkal, ami 161 ezer forintos fizet\u00e9si minimumot jelent.     &#8222;Jobban tudjuk m\u00e1r felhaszn\u00e1lni az EU-s forr\u00e1sokat, de ha nem lenn\u00e9nek, Magyarorsz\u00e1g akkor is n\u00f6vekedne&#8221; &#8211; fogalmazott Varga Mih\u00e1ly. Azzal z\u00e1rta \u00f6sszefoglal\u00f3j\u00e1t a miniszter, hogy b\u00edzik benne, &#8222;olyan orsz\u00e1g lesz\u00fcnk, amelyre unok\u00e1ink is b\u00fcszk\u00e9k lesznek&#8221;. (MTI)<\/p>\n","protected":false},"excerpt":{"rendered":"<p>A magyar gazdas\u00e1g negyedik \u00e9ve n\u00f6vekszik, mik\u00f6zben 83-r\u00f3l 74 sz\u00e1zal\u00e9kra cs\u00f6kkent a GDP-ar\u00e1nyos \u00e1llamad\u00f3ss\u00e1g &#8211; mondta Varga Mih\u00e1ly nemzetgazdas\u00e1gi miniszter cs\u00fct\u00f6rt\u00f6k\u00f6n Dunakeszin.<\/p>\n","protected":false},"author":1,"featured_media":0,"comment_status":"open","ping_status":"closed","sticky":false,"template":"","format":"standard","meta":[],"categories":[19],"tags":[],"_links":{"self":[{"href":"https:\/\/gazdasagportal.hu\/index.php\/wp-json\/wp\/v2\/posts\/89942"}],"collection":[{"href":"https:\/\/gazdasagportal.hu\/index.php\/wp-json\/wp\/v2\/posts"}],"about":[{"href":"https:\/\/gazdasagportal.hu\/index.php\/wp-json\/wp\/v2\/types\/post"}],"author":[{"embeddable":true,"href":"https:\/\/gazdasagportal.hu\/index.php\/wp-json\/wp\/v2\/users\/1"}],"replies":[{"embeddable":true,"href":"https:\/\/gazdasagportal.hu\/index.php\/wp-json\/wp\/v2\/comments?post=89942"}],"version-history":[{"count":2,"href":"https:\/\/gazdasagportal.hu\/index.php\/wp-json\/wp\/v2\/posts\/89942\/revisions"}],"predecessor-version":[{"id":89944,"href":"https:\/\/gazdasagportal.hu\/index.php\/wp-json\/wp\/v2\/posts\/89942\/revisions\/89944"}],"wp:attachment":[{"href":"https:\/\/gazdasagportal.hu\/index.php\/wp-json\/wp\/v2\/media?parent=89942"}],"wp:term":[{"taxonomy":"category","embeddable":true,"href":"https:\/\/gazdasagportal.hu\/index.php\/wp-json\/wp\/v2\/categories?post=89942"},{"taxonomy":"post_tag","embeddable":true,"href":"https:\/\/gazdasagportal.hu\/index.php\/wp-json\/wp\/v2\/tags?post=89942"}],"curies":[{"name":"wp","href":"https:\/\/api.w.org\/{rel}","templated":true}]}}