{"id":89940,"date":"2017-02-10T07:00:27","date_gmt":"2017-02-10T06:00:27","guid":{"rendered":"http:\/\/gazdasagportal.hu\/?p=89940"},"modified":"2017-02-10T07:00:27","modified_gmt":"2017-02-10T06:00:27","slug":"felsooktatasi-felveteli-meg-ot-napig-lehet-jelentkezni","status":"publish","type":"post","link":"https:\/\/gazdasagportal.hu\/index.php\/felsooktatasi-felveteli-meg-ot-napig-lehet-jelentkezni\/","title":{"rendered":"Fels\u0151oktat\u00e1si felv\u00e9teli: m\u00e9g \u00f6t napig lehet jelentkezni"},"content":{"rendered":"<p><strong>M\u00e9g \u00f6t napig &#8211; febru\u00e1r 15-\u00e9n \u00e9jf\u00e9lig &#8211; lehet jelentkezni az egyetemek, f\u0151iskol\u00e1k szeptemberben indul\u00f3 fels\u0151oktat\u00e1si k\u00e9pz\u00e9seire. D\u00edjmentesen h\u00e1rom helyet jel\u00f6lhetnek meg a di\u00e1kok.<\/strong><!--more--><\/p>\n<div class=\"ads-in-post1\"><div id=\"gazdasagportal.hu_fullbanner_wideboard\"><\/div>\r\n<\/div>\n<p>    A felv\u00e9teliz\u0151knek a febru\u00e1r 15-i hat\u00e1rid\u0151ig kell v\u00e9gezni\u00fck az e-felv\u00e9teli fel\u00fclet\u00e9n a szem\u00e9lyes \u00e9s k\u00f6telez\u0151 adataik r\u00f6gz\u00edt\u00e9s\u00e9vel, a kiv\u00e1lasztott szakok megjel\u00f6l\u00e9s\u00e9vel \u00e9s a sz\u00fcks\u00e9ges, m\u00e1r rendelkez\u00e9sre \u00e1ll\u00f3 dokumentumok felt\u00f6lt\u00e9s\u00e9vel.<br \/>\n    A jelentkez\u00e9s v\u00e9gleges\u00edt\u00e9se el\u0151tt \u00e9rdemes \u00e1ttekinteni a fels\u0151oktat\u00e1si felv\u00e9teli t\u00e1j\u00e9koztat\u00f3 janu\u00e1r v\u00e9g\u00e9n k\u00f6zz\u00e9tett hivatalos kieg\u00e9sz\u00edt\u00e9s\u00e9t, az abban megjelent m\u00f3dos\u00edt\u00e1sokat, \u00faj jelentkez\u00e9si lehet\u0151s\u00e9geket. A www.felvi.hu-n el\u00e9rhet\u0151 t\u00e1j\u00e9koztat\u00f3 egys\u00e9ges szerkezetben tartalmazza a felv\u00e9teli szab\u00e1lyokat, meghirdet\u00e9seket \u00e9s fontos tudnival\u00f3kat, valamint a hivatalos kieg\u00e9sz\u00edt\u00e9ssel m\u00f3dos\u00edtott tartalmakat.<br \/>\n    Aki a d\u00edjmentesen megjel\u00f6lhet\u0151 h\u00e1rom jelentkez\u00e9si helyn\u00e9l t\u00f6bbet &#8211; maximum hatot &#8211; jel\u00f6l meg, annak szint\u00e9n febru\u00e1r 15-\u00e9n \u00e9jf\u00e9lig kell befizetnie a megjel\u00f6lt tov\u00e1bbi jelentkez\u00e9si helyek alapj\u00e1n sz\u00e1m\u00edtott kieg\u00e9sz\u00edt\u0151 d\u00edjat \u00e1tutal\u00e1ssal, vagy internetes fizet\u00e9sre alkalmas bankk\u00e1rty\u00e1val.<br \/>\n    A hat\u00e1rid\u0151 ut\u00e1n \u00f6t nap \u00e1ll a felv\u00e9teliz\u0151k rendelkez\u00e9s\u00e9re, hogy hiteles\u00edts\u00e9k a jelentkez\u00e9s\u00fcket. Hiteles\u00edteni \u00dcgyf\u00e9lkapun kereszt\u00fcl, vagy az E-felv\u00e9teli fel\u00fclet\u00e9r\u0151l kinyomtatott \u00e9s al\u00e1\u00edrt hiteles\u00edt\u0151 adatlap post\u00e1ra ad\u00e1s\u00e1val (c\u00edm: Oktat\u00e1si Hivatal, 1380 Budapest, Pf. 1190) lehet.<br \/>\n    Szint\u00e9n a febru\u00e1r 15-i hat\u00e1rid\u0151t kell szem el\u0151tt tartaniuk az \u00e9retts\u00e9giz\u0151knek. Eddig kell a korm\u00e1nyhivatalokn\u00e1l a m\u00e1jus-j\u00faniusi vizsg\u00e1kra a jelentkez\u00e9si lapokat leadni.(MTI)<\/p>\n","protected":false},"excerpt":{"rendered":"<p>M\u00e9g \u00f6t napig &#8211; febru\u00e1r 15-\u00e9n \u00e9jf\u00e9lig &#8211; lehet jelentkezni az egyetemek, f\u0151iskol\u00e1k szeptemberben indul\u00f3 fels\u0151oktat\u00e1si k\u00e9pz\u00e9seire. D\u00edjmentesen h\u00e1rom helyet jel\u00f6lhetnek meg a di\u00e1kok.<\/p>\n","protected":false},"author":1,"featured_media":0,"comment_status":"open","ping_status":"closed","sticky":false,"template":"","format":"standard","meta":[],"categories":[4],"tags":[],"_links":{"self":[{"href":"https:\/\/gazdasagportal.hu\/index.php\/wp-json\/wp\/v2\/posts\/89940"}],"collection":[{"href":"https:\/\/gazdasagportal.hu\/index.php\/wp-json\/wp\/v2\/posts"}],"about":[{"href":"https:\/\/gazdasagportal.hu\/index.php\/wp-json\/wp\/v2\/types\/post"}],"author":[{"embeddable":true,"href":"https:\/\/gazdasagportal.hu\/index.php\/wp-json\/wp\/v2\/users\/1"}],"replies":[{"embeddable":true,"href":"https:\/\/gazdasagportal.hu\/index.php\/wp-json\/wp\/v2\/comments?post=89940"}],"version-history":[{"count":1,"href":"https:\/\/gazdasagportal.hu\/index.php\/wp-json\/wp\/v2\/posts\/89940\/revisions"}],"predecessor-version":[{"id":89941,"href":"https:\/\/gazdasagportal.hu\/index.php\/wp-json\/wp\/v2\/posts\/89940\/revisions\/89941"}],"wp:attachment":[{"href":"https:\/\/gazdasagportal.hu\/index.php\/wp-json\/wp\/v2\/media?parent=89940"}],"wp:term":[{"taxonomy":"category","embeddable":true,"href":"https:\/\/gazdasagportal.hu\/index.php\/wp-json\/wp\/v2\/categories?post=89940"},{"taxonomy":"post_tag","embeddable":true,"href":"https:\/\/gazdasagportal.hu\/index.php\/wp-json\/wp\/v2\/tags?post=89940"}],"curies":[{"name":"wp","href":"https:\/\/api.w.org\/{rel}","templated":true}]}}