{"id":89935,"date":"2017-02-09T18:24:43","date_gmt":"2017-02-09T17:24:43","guid":{"rendered":"http:\/\/gazdasagportal.hu\/?p=89935"},"modified":"2017-02-09T17:38:38","modified_gmt":"2017-02-09T16:38:38","slug":"a-gazdasag-teljesitmenye-lehetoseget-ad-a-nagypentek-munkaszuneti-nappa-nyilvanitasara","status":"publish","type":"post","link":"https:\/\/gazdasagportal.hu\/index.php\/a-gazdasag-teljesitmenye-lehetoseget-ad-a-nagypentek-munkaszuneti-nappa-nyilvanitasara\/","title":{"rendered":"A gazdas\u00e1g teljes\u00edtm\u00e9nye lehet\u0151s\u00e9get ad a nagyp\u00e9ntek munkasz\u00fcneti napp\u00e1 nyilv\u00e1n\u00edt\u00e1s\u00e1ra"},"content":{"rendered":"<p><strong>A gazdas\u00e1g teljes\u00edtm\u00e9nye lehet\u0151s\u00e9get ad a nagyp\u00e9ntek munkasz\u00fcneti napp\u00e1 nyilv\u00e1n\u00edt\u00e1s\u00e1ra &#8211; mondta az emberi er\u0151forr\u00e1sok minisztere a Nemzeti Gazdas\u00e1gi \u00e9s T\u00e1rsadalmi Tan\u00e1cs (NGTT) \u00fcl\u00e9s\u00e9n cs\u00fct\u00f6rt\u00f6k\u00f6n Budapesten. <\/strong><!--more--><\/p>\n<div class=\"ads-in-post1\"><div id=\"gazdasagportal.hu_fullbanner_wideboard\"><\/div>\r\n<\/div>\n<p>    Balog Zolt\u00e1n eml\u00e9keztetett: ilyen kezdem\u00e9nyez\u00e9s m\u00e1r n\u00e9gy \u00e9vvel ezel\u0151tt is volt, de a felt\u00e9telek most adottak a v\u00e1ltoztat\u00e1sra.<br \/>\n    A miniszter elmondta: az id\u00e9n t\u00e1rgyalja majd az Orsz\u00e1ggy\u0171l\u00e9s azt az egy\u00e9ni k\u00e9pvisel\u0151i kezdem\u00e9nyez\u00e9st, amely szerint m\u00e1r ebben az \u00e9vben (\u00e1prilis 14-\u00e9n) munkasz\u00fcneti nap lenne a nagyp\u00e9ntek.<br \/>\n    Ezt a javaslatot m\u00e1r tavaly beny\u00fajtott\u00e1k, Balog Zolt\u00e1n mellett Varga Mih\u00e1ly nemzetgazdas\u00e1gi miniszter \u00e9s Semj\u00e9n Zsolt minisztereln\u00f6k-helyettes is t\u00e1mogatta.<br \/>\n    A t\u00e1rcavezet\u0151 szerint az orsz\u00e1g hagyom\u00e1nyos kereszt\u00e9ny kultur\u00e1lis jelleg\u00e9nek helyre\u00e1ll\u00edt\u00e1s\u00e1ban is fontos szerepet j\u00e1tszhat a nagyp\u00e9ntek mint \u00fcnnepnap, amely J\u00e9zus Krisztus hal\u00e1l\u00e1hoz k\u00f6t\u0151dik.<br \/>\n    Hangs\u00falyozta, hogy a csal\u00e1dpolitika, a csal\u00e1dok meger\u0151s\u00edt\u00e9se az eg\u00e9sz korm\u00e1ny m\u0171k\u00f6d\u00e9s\u00e9nek f\u00f3kusz\u00e1ban \u00e1ll, ezt egyebek mellett olyan int\u00e9zked\u00e9sek bizony\u00edtj\u00e1k mint a rezsics\u00f6kkent\u00e9s, a csal\u00e1di otthonteremt\u00e9si kedvezm\u00e9ny \u00e9s a csal\u00e1dok sz\u00e1m\u00e1ra ig\u00e9nybe vehet\u0151 ad\u00f3kedvezm\u00e9nyek.<br \/>\n    Az NGTT hat &#8211; egyh\u00e1zi, gazdas\u00e1gi, munkav\u00e1llal\u00f3i, tudom\u00e1nyt k\u00e9pvisel\u0151, m\u0171v\u00e9szeti, civil &#8211; oldalb\u00f3l \u00e1ll, amelyek k\u00f6z\u00fcl egyed\u00fcl a gazdas\u00e1gi oldal egyik szerepl\u0151je, a V\u00e1llalkoz\u00f3k \u00e9s Munk\u00e1ltat\u00f3k Orsz\u00e1gos Sz\u00f6vets\u00e9ge (VOSZ) nem t\u00e1mogatta a nagyp\u00e9ntek munkasz\u00fcneti napp\u00e1 nyilv\u00e1n\u00edt\u00e1s\u00e1t.<br \/>\n    D\u00e1vid Ferenc, a VOSZ f\u0151titk\u00e1ra k\u00f6z\u00f6lte: a szervezet nem t\u00e1mogatja a javaslatot, mert az 20-25 milli\u00e1rd forint kies\u00e9st jelent a gazdas\u00e1gnak, \u00e9s v\u00e9lem\u00e9nye szerint a tervezet nincs kell\u0151en el\u0151k\u00e9sz\u00edtve.<br \/>\n    Az NGTT-\u00fcl\u00e9s m\u00e1sodik fel\u00e9ben Cseresny\u00e9s P\u00e9ter, a Nemzetgazdas\u00e1gi Miniszt\u00e9rium (NGM) foglalkoztat\u00e1s\u00e9rt \u00e9s k\u00e9pz\u00e9s\u00e9rt felel\u0151s \u00e1llamtitk\u00e1ra tartott egy \u00f6sszegz\u0151 el\u0151ad\u00e1st a szakk\u00e9pz\u00e9s jelenlegi helyzet\u00e9r\u0151l \u00e9s eddigi eredm\u00e9nyeir\u0151l. Az \u00e1llamtitk\u00e1r egyebek mellett felid\u00e9zte a szakk\u00e9pz\u00e9si centrumok fel\u00e1ll\u00edt\u00e1s\u00e1t, a du\u00e1lis k\u00e9pz\u00e9s bevezet\u00e9s\u00e9t, valamint a szakgimn\u00e1ziumi rendszer elind\u00edt\u00e1s\u00e1t.(MTI)<\/p>\n","protected":false},"excerpt":{"rendered":"<p>A gazdas\u00e1g teljes\u00edtm\u00e9nye lehet\u0151s\u00e9get ad a nagyp\u00e9ntek munkasz\u00fcneti napp\u00e1 nyilv\u00e1n\u00edt\u00e1s\u00e1ra &#8211; mondta az emberi er\u0151forr\u00e1sok minisztere a Nemzeti Gazdas\u00e1gi \u00e9s T\u00e1rsadalmi Tan\u00e1cs (NGTT) \u00fcl\u00e9s\u00e9n cs\u00fct\u00f6rt\u00f6k\u00f6n Budapesten.<\/p>\n","protected":false},"author":1,"featured_media":0,"comment_status":"open","ping_status":"closed","sticky":false,"template":"","format":"standard","meta":[],"categories":[19],"tags":[],"_links":{"self":[{"href":"https:\/\/gazdasagportal.hu\/index.php\/wp-json\/wp\/v2\/posts\/89935"}],"collection":[{"href":"https:\/\/gazdasagportal.hu\/index.php\/wp-json\/wp\/v2\/posts"}],"about":[{"href":"https:\/\/gazdasagportal.hu\/index.php\/wp-json\/wp\/v2\/types\/post"}],"author":[{"embeddable":true,"href":"https:\/\/gazdasagportal.hu\/index.php\/wp-json\/wp\/v2\/users\/1"}],"replies":[{"embeddable":true,"href":"https:\/\/gazdasagportal.hu\/index.php\/wp-json\/wp\/v2\/comments?post=89935"}],"version-history":[{"count":1,"href":"https:\/\/gazdasagportal.hu\/index.php\/wp-json\/wp\/v2\/posts\/89935\/revisions"}],"predecessor-version":[{"id":89936,"href":"https:\/\/gazdasagportal.hu\/index.php\/wp-json\/wp\/v2\/posts\/89935\/revisions\/89936"}],"wp:attachment":[{"href":"https:\/\/gazdasagportal.hu\/index.php\/wp-json\/wp\/v2\/media?parent=89935"}],"wp:term":[{"taxonomy":"category","embeddable":true,"href":"https:\/\/gazdasagportal.hu\/index.php\/wp-json\/wp\/v2\/categories?post=89935"},{"taxonomy":"post_tag","embeddable":true,"href":"https:\/\/gazdasagportal.hu\/index.php\/wp-json\/wp\/v2\/tags?post=89935"}],"curies":[{"name":"wp","href":"https:\/\/api.w.org\/{rel}","templated":true}]}}