{"id":89933,"date":"2017-02-09T17:37:04","date_gmt":"2017-02-09T16:37:04","guid":{"rendered":"http:\/\/gazdasagportal.hu\/?p=89933"},"modified":"2017-02-09T17:37:04","modified_gmt":"2017-02-09T16:37:04","slug":"londoni-elemzok-fokozatosan-emelkedik-a-magyar-gazdasag-potencialis-novekedesi-uteme","status":"publish","type":"post","link":"https:\/\/gazdasagportal.hu\/index.php\/londoni-elemzok-fokozatosan-emelkedik-a-magyar-gazdasag-potencialis-novekedesi-uteme\/","title":{"rendered":"Londoni elemz\u0151k: fokozatosan emelkedik a magyar gazdas\u00e1g potenci\u00e1lis n\u00f6veked\u00e9si \u00fcteme"},"content":{"rendered":"<p><strong>Londoni p\u00e9nz\u00fcgyi elemz\u0151k szerint a glob\u00e1lis p\u00e9nz\u00fcgyi v\u00e1ls\u00e1g \u00f3ta fokozatosan emelkedik a magyar gazdas\u00e1g \u00e1ltal el\u00e9rhet\u0151 potenci\u00e1lis n\u00f6veked\u00e9si \u00fctem, b\u00e1r a v\u00e1ls\u00e1g el\u0151tti szintet val\u00f3sz\u00edn\u0171leg egyel\u0151re nem hozza be.<\/strong><!--more--><\/p>\n<div class=\"ads-in-post1\"><div id=\"gazdasagportal.hu_fullbanner_wideboard\"><\/div>\r\n<\/div>\n<p>    A JP Morgan glob\u00e1lis p\u00e9nz\u00fcgyi szolg\u00e1ltat\u00f3 csoport londoni befektet\u00e9si r\u00e9szleg\u00e9nek elemz\u0151i a k\u00f6z\u00e9p-eur\u00f3pai EU-gazdas\u00e1gok n\u00f6veked\u00e9si kil\u00e1t\u00e1sair\u00f3l \u00f6ssze\u00e1ll\u00edtott, cs\u00fct\u00f6rt\u00f6k\u00f6n ismertetett tanulm\u00e1nyukban k\u00f6z\u00f6lt\u00e9k: modellsz\u00e1m\u00edt\u00e1saik arra utalnak, hogy a magyar gazdas\u00e1g \u00e9ves potenci\u00e1lis n\u00f6veked\u00e9se a 2010-2012-es id\u0151szakban z\u00e9r\u00f3 k\u00f6zel\u00e9be s\u00fcllyedt a v\u00e1ls\u00e1g el\u0151tti, 2002-2007-es id\u0151szakra becs\u00fclhet\u0151 3,2 sz\u00e1zal\u00e9kr\u00f3l, de m\u00e1r a 2013-2015-\u00f6s id\u0151szakban 1,8 sz\u00e1zal\u00e9kra lend\u00fclt vissza, jelenleg pedig 2,5 sz\u00e1zal\u00e9k.<br \/>\n    A h\u00e1z szerint ezek a becsl\u00e9sek &#8211; \u00f6sszhangban azzal, hogy a munkapiaci kond\u00edci\u00f3k jelent\u0151s m\u00e9rt\u00e9kben feszesebb\u00e9 v\u00e1ltak \u00e9s magas szint\u0171 a kapacit\u00e1s-kihaszn\u00e1lts\u00e1g &#8211; arra vallanak, hogy a magyar gazdas\u00e1gban tavaly bez\u00e1rult a kor\u00e1bbi negat\u00edv kibocs\u00e1t\u00e1si r\u00e9s.<br \/>\n    A JP Morgan londoni elemz\u0151i k\u00f6z\u00f6lt\u00e9k, hogy v\u00e1rakoz\u00e1suk szerint a k\u00f6vetkez\u0151 h\u00e1rom \u00e9vben a magyar gazdas\u00e1g \u00e1tlagos potenci\u00e1lis \u00e9ves n\u00f6veked\u00e9se 2,7 sz\u00e1zal\u00e9kra emelkedik tov\u00e1bb, els\u0151sorban a munkapiaci aktivit\u00e1s \u00e9l\u00e9nk\u00fcl\u00e9se \u00e9s a beruh\u00e1z\u00e1si r\u00e1ta stabiliz\u00e1l\u00f3d\u00e1sa miatt.<br \/>\n    A magyar gazdas\u00e1gban m\u00e1s nagy londoni h\u00e1zak is gyorsul\u00f3 n\u00f6veked\u00e9st val\u00f3sz\u00edn\u0171s\u00edtenek.<br \/>\n    A Morgan Stanley glob\u00e1lis bankcsoport londoni befektet\u00e9si r\u00e9szleg\u00e9nek elemz\u0151i 2017-re sz\u00f3l\u00f3 \u00e9ves el\u0151rejelz\u00e9s\u00fckben k\u00f6z\u00f6lt\u00e9k, hogy az id\u00e9n 2,9 sz\u00e1zal\u00e9kos n\u00f6veked\u00e9ssel sz\u00e1molnak Magyarorsz\u00e1gon. Ez jav\u00edtott el\u0151rejelz\u00e9s, a h\u00e1z ugyanis kor\u00e1bban a magyar hazai \u00f6sszterm\u00e9k (GDP) 2,5 sz\u00e1zal\u00e9kos b\u0151v\u00fcl\u00e9s\u00e9vel sz\u00e1molt 2017-ben.     A Morgan Stanley elemz\u0151i szerint az idei magyar n\u00f6veked\u00e9s f\u0151 t\u00e9nyez\u0151i k\u00f6z\u00f6tt lesz a pro-ciklikus k\u00f6lts\u00e9gvet\u00e9si \u00f6szt\u00f6nz\u00e9s \u00e9s az EU-foly\u00f3s\u00edt\u00e1sok \u00e1ltal egyidej\u0171leg ny\u00fajtott hajt\u00f3er\u0151.<br \/>\n    A h\u00e1z k\u00f6z\u00f6lte ugyanakkor azt is, hogy saj\u00e1t becsl\u00e9se szerint a magyar gazdas\u00e1g potenci\u00e1lis \u00e9ves n\u00f6veked\u00e9se jelenleg 1,7 sz\u00e1zal\u00e9k k\u00f6r\u00fcl j\u00e1rhat. Ennek alapj\u00e1n a Morgan Stanley v\u00e1rakoz\u00e1sa szerint az idei eg\u00e9sz \u00e9ves \u00e1tlagos magyarorsz\u00e1gi infl\u00e1ci\u00f3 is 2,9 sz\u00e1zal\u00e9kos lesz a 2 sz\u00e1zal\u00e9kos konszenzusos el\u0151rejelz\u00e9si \u00e1tlag helyett, j\u00f6v\u0151re pedig el\u00e9ri a 3 sz\u00e1zal\u00e9kot.<br \/>\n    Az egyik legnagyobb londoni p\u00e9nz\u00fcgyi-gazdas\u00e1gi elemz\u0151h\u00e1z, a Capital Economics a k\u00f6z\u00e9p-eur\u00f3pai EU-gazdas\u00e1gok n\u00f6veked\u00e9si kil\u00e1t\u00e1sair\u00f3l \u00f6ssze\u00e1ll\u00edtott \u00faj tanulm\u00e1ny\u00e1ban k\u00f6z\u00f6lte, hogy az \u00e1ltala kidolgozott, GDP-s\u00falyoz\u00e1ssal sz\u00e1molt \u00f6sszes\u00edtett t\u00e9rs\u00e9gi gazdas\u00e1gi hangulatindex (ESI) a decemberi 104,6-r\u00f3l janu\u00e1rban 105,7-re emelkedett.<br \/>\n    A h\u00e1z kiemelte, hogy ez volt az \u00f6t\u00f6dik olyan h\u00f3nap egym\u00e1s ut\u00e1n, amelyben n\u00f6vekedett a t\u00e9rs\u00e9gi ESI-m\u00e9r\u0151sz\u00e1m, \u00e9s a mutat\u00f3 a 2008-as glob\u00e1lis p\u00e9nz\u00fcgyi v\u00e1ls\u00e1g \u00f3ta nem volt ilyen magas.<br \/>\n    A Capital Economics visszatekint\u0151 m\u00e9r\u00e9si m\u00f3dszertana alapj\u00e1n a k\u00f6z\u00e9p- \u00e9s kelet-eur\u00f3pai gazdas\u00e1gok jelenlegi ESI-indexe arra vall, hogy a t\u00e9rs\u00e9g \u00e9ves \u00f6sszevet\u00e9sben sz\u00e1molt \u00e1tlagos gazdas\u00e1gi n\u00f6veked\u00e9se az \u00e9v elej\u00e9n meghaladhatta a 4 sz\u00e1zal\u00e9kot.<br \/>\n    A c\u00e9g szerint k\u00fcl\u00f6n\u00f6sen mark\u00e1ns a gazdas\u00e1gi hangulatindex javul\u00e1sa Magyarorsz\u00e1gon \u00e9s Lengyelorsz\u00e1gban, \u00e9s ez al\u00e1t\u00e1masztja a Capital Economics elemz\u0151inek azon v\u00e9lem\u00e9ny\u00e9t, hogy e k\u00e9t gazdas\u00e1g idei eg\u00e9sz \u00e9ves n\u00f6veked\u00e9si \u00fcteme gyorsabb lesz a tavalyin\u00e1l.<br \/>\n    A magyar ESI-index a decemberi 110,6-r\u00f3l janu\u00e1rban 112,5-re, a lengyel m\u00e9r\u0151sz\u00e1m 101,1-r\u0151l 103,1-re emelkedett.<br \/>\n(MTI)<\/p>\n","protected":false},"excerpt":{"rendered":"<p>Londoni p\u00e9nz\u00fcgyi elemz\u0151k szerint a glob\u00e1lis p\u00e9nz\u00fcgyi v\u00e1ls\u00e1g \u00f3ta fokozatosan emelkedik a magyar gazdas\u00e1g \u00e1ltal el\u00e9rhet\u0151 potenci\u00e1lis n\u00f6veked\u00e9si \u00fctem, b\u00e1r a v\u00e1ls\u00e1g el\u0151tti szintet val\u00f3sz\u00edn\u0171leg egyel\u0151re nem hozza be.<\/p>\n","protected":false},"author":1,"featured_media":0,"comment_status":"open","ping_status":"closed","sticky":false,"template":"","format":"standard","meta":[],"categories":[19],"tags":[],"_links":{"self":[{"href":"https:\/\/gazdasagportal.hu\/index.php\/wp-json\/wp\/v2\/posts\/89933"}],"collection":[{"href":"https:\/\/gazdasagportal.hu\/index.php\/wp-json\/wp\/v2\/posts"}],"about":[{"href":"https:\/\/gazdasagportal.hu\/index.php\/wp-json\/wp\/v2\/types\/post"}],"author":[{"embeddable":true,"href":"https:\/\/gazdasagportal.hu\/index.php\/wp-json\/wp\/v2\/users\/1"}],"replies":[{"embeddable":true,"href":"https:\/\/gazdasagportal.hu\/index.php\/wp-json\/wp\/v2\/comments?post=89933"}],"version-history":[{"count":1,"href":"https:\/\/gazdasagportal.hu\/index.php\/wp-json\/wp\/v2\/posts\/89933\/revisions"}],"predecessor-version":[{"id":89934,"href":"https:\/\/gazdasagportal.hu\/index.php\/wp-json\/wp\/v2\/posts\/89933\/revisions\/89934"}],"wp:attachment":[{"href":"https:\/\/gazdasagportal.hu\/index.php\/wp-json\/wp\/v2\/media?parent=89933"}],"wp:term":[{"taxonomy":"category","embeddable":true,"href":"https:\/\/gazdasagportal.hu\/index.php\/wp-json\/wp\/v2\/categories?post=89933"},{"taxonomy":"post_tag","embeddable":true,"href":"https:\/\/gazdasagportal.hu\/index.php\/wp-json\/wp\/v2\/tags?post=89933"}],"curies":[{"name":"wp","href":"https:\/\/api.w.org\/{rel}","templated":true}]}}