{"id":89889,"date":"2017-02-08T17:29:21","date_gmt":"2017-02-08T16:29:21","guid":{"rendered":"http:\/\/gazdasagportal.hu\/?p=89889"},"modified":"2017-02-08T16:00:02","modified_gmt":"2017-02-08T15:00:02","slug":"tovabbi-ukran-munkaero-beengedeserol-dontott-a-cseh-kormany","status":"publish","type":"post","link":"https:\/\/gazdasagportal.hu\/index.php\/tovabbi-ukran-munkaero-beengedeserol-dontott-a-cseh-kormany\/","title":{"rendered":"Tov\u00e1bbi ukr\u00e1n munkaer\u0151 beenged\u00e9s\u00e9r\u0151l d\u00f6nt\u00f6tt a cseh korm\u00e1ny"},"content":{"rendered":"<p><strong>Csehorsz\u00e1g meger\u0151s\u00edti lvovi f\u0151konzul\u00e1tus\u00e1t, hogy k\u00e9pviselet az eddigi havi 400 helyett ak\u00e1r havi 800 ukr\u00e1n munkak\u00e9relmet is el tudjon int\u00e9zni &#8211; d\u00f6nt\u00f6tt szerd\u00e1n a cseh korm\u00e1ny. <\/strong><!--more--><\/p>\n<div class=\"ads-in-post1\"><div id=\"gazdasagportal.hu_fullbanner_wideboard\"><\/div>\r\n<\/div>\n<p>    A Bohuslav Sobotka vezette kabinet ezzel a d\u00f6nt\u00e9ssel reag\u00e1lt a cseh Gazdas\u00e1gi Kamara, valamint az Ipari \u00e9s Kereskedelmi Kamara h\u00e9tf\u0151i felsz\u00f3l\u00edt\u00e1s\u00e1ra, hogy tegye halad\u00e9ktalanul lehet\u0151v\u00e9 tov\u00e1bbi ukr\u00e1n vend\u00e9gmunk\u00e1sok azonnali toborz\u00e1s\u00e1t \u00e9s alkalmaz\u00e1s\u00e1t.     &#8222;Nem \u00e1llunk meg az eredetileg \u00f6tezresre tervezett kv\u00f3t\u00e1n\u00e1l&#8221;- mondta Jan Ml\u00e1dek ipari \u00e9s kereskedelmi miniszter \u00fajs\u00e1g\u00edr\u00f3knak a korm\u00e1ny\u00fcl\u00e9s ut\u00e1n. Megjegyezte: eddig m\u00e1r 3800 ukr\u00e1n jelentkez\u0151 van csehorsz\u00e1gi munk\u00e1ra, teh\u00e1t az eredeti keretet h\u00e1rom h\u00f3nap alatt megt\u00f6lten\u00e9k. A miniszter szerint meger\u0151s\u00edtik a bel\u00fcgyminiszt\u00e9rium illet\u00e9kes oszt\u00e1ly\u00e1t is, amely a csehorsz\u00e1gi munk\u00e1t ig\u00e9nyl\u0151ket ellen\u0151rzi.     A munkaad\u00f3k szerint a cseh korm\u00e1ny hivatalos munkaer\u0151 toborz\u00f3 programja Ukrajn\u00e1ban nem m\u0171k\u00f6dik, \u00e9s a kabinet \u00e1ltal meg\u00e1llap\u00edtott kv\u00f3t\u00e1k m\u00e1r j\u00faniusig ki vannak haszn\u00e1lva. Egy csehorsz\u00e1gi munkaenged\u00e9ly elint\u00e9z\u00e9se \u00e1ltal\u00e1ban 3-6 h\u00f3napig tart.      &#8222;Felsz\u00f3l\u00edtjuk a cseh korm\u00e1nyt, hogy halad\u00e9ktalanul fogadja el a k\u00fcl\u00fcgyminiszt\u00e9rium k\u00e9r\u00e9s\u00e9t tov\u00e1bbi diplomat\u00e1k alkalmaz\u00e1s\u00e1ra, hogy felgyorsulhasson a k\u00e9relmek elb\u00edr\u00e1l\u00e1sa, \u00e9s a v\u00e1llalatok sz\u00e1m\u00e1ra  biztos\u00edtott legyen a sz\u00fcks\u00e9ges munkaer\u0151&#8221; &#8211; olvashat\u00f3 a h\u00e9tf\u0151i felh\u00edv\u00e1sban.     A v\u00e1llalkoz\u00f3k \u00e9s munkaad\u00f3k sz\u00f6vets\u00e9g\u00e9nek konf\u00f6der\u00e1ci\u00f3ja szerint jelenleg mintegy 140 ezer alkalmazottat keresnek a csehorsz\u00e1gi c\u00e9gek. Jan Wiesner, a konf\u00f6der\u00e1ci\u00f3 eln\u00f6ke szerint Csehorsz\u00e1gban a munkan\u00e9lk\u00fclis\u00e9g jelenleg alig n\u00e9h\u00e1ny sz\u00e1zal\u00e9kos, \u00edgy cseh munkaer\u0151vel nincs is es\u00e9ly bet\u00f6lteni az \u00fcres \u00e1ll\u00e1shelyeket. Amennyiben a c\u00e9gek a hosszadalmas \u00fcgyint\u00e9z\u00e9s miatt f\u00e9l \u00e9vet v\u00e1rni k\u00e9nytelenek, komoly gazdas\u00e1gi vesztes\u00e9g \u00e9ri \u0151ket.     Az ukr\u00e1n munkaer\u0151 fokozottabb alkalmaz\u00e1sa ir\u00e1nti ig\u00e9ny m\u00f6g\u00f6tt a szakszervezetek szerint nemcsak gazdas\u00e1gi racionalit\u00e1s van, hanem az is, hogy az ukr\u00e1nok elv\u00e1llalj\u00e1k azokat a rosszul fizetett munk\u00e1kat is, amelyeket a csehek m\u00e1r nem. Josef Stredula szakszervezeti vezet\u0151 \u00fagy v\u00e9li, hogy a t\u00f6bb ukr\u00e1n vend\u00e9gmunk\u00e1s, teh\u00e1t az olcs\u00f3bb munkaer\u0151 behozatal\u00e1nak \u00e9rvei m\u00f6g\u00f6tt a v\u00e1llalatok tulajdonosainak spekul\u00e1ci\u00f3i is megh\u00faz\u00f3dnak. Michaela Marksov\u00e1, n\u00e9pj\u00f3l\u00e9ti miniszter ez\u00e9rt a d\u00f6nt\u00e9sr\u0151l val\u00f3 szavaz\u00e1skor tart\u00f3zkodott.     Jelenleg t\u00f6bb mint 140 ezer ukr\u00e1n \u00e1llampolg\u00e1r dolgozik hivatalos enged\u00e9llyel Csehorsz\u00e1gban.<br \/>\n(MTI)<\/p>\n","protected":false},"excerpt":{"rendered":"<p>Csehorsz\u00e1g meger\u0151s\u00edti lvovi f\u0151konzul\u00e1tus\u00e1t, hogy k\u00e9pviselet az eddigi havi 400 helyett ak\u00e1r havi 800 ukr\u00e1n munkak\u00e9relmet is el tudjon int\u00e9zni &#8211; d\u00f6nt\u00f6tt szerd\u00e1n a cseh korm\u00e1ny.<\/p>\n","protected":false},"author":1,"featured_media":0,"comment_status":"open","ping_status":"closed","sticky":false,"template":"","format":"standard","meta":[],"categories":[246],"tags":[],"_links":{"self":[{"href":"https:\/\/gazdasagportal.hu\/index.php\/wp-json\/wp\/v2\/posts\/89889"}],"collection":[{"href":"https:\/\/gazdasagportal.hu\/index.php\/wp-json\/wp\/v2\/posts"}],"about":[{"href":"https:\/\/gazdasagportal.hu\/index.php\/wp-json\/wp\/v2\/types\/post"}],"author":[{"embeddable":true,"href":"https:\/\/gazdasagportal.hu\/index.php\/wp-json\/wp\/v2\/users\/1"}],"replies":[{"embeddable":true,"href":"https:\/\/gazdasagportal.hu\/index.php\/wp-json\/wp\/v2\/comments?post=89889"}],"version-history":[{"count":1,"href":"https:\/\/gazdasagportal.hu\/index.php\/wp-json\/wp\/v2\/posts\/89889\/revisions"}],"predecessor-version":[{"id":89890,"href":"https:\/\/gazdasagportal.hu\/index.php\/wp-json\/wp\/v2\/posts\/89889\/revisions\/89890"}],"wp:attachment":[{"href":"https:\/\/gazdasagportal.hu\/index.php\/wp-json\/wp\/v2\/media?parent=89889"}],"wp:term":[{"taxonomy":"category","embeddable":true,"href":"https:\/\/gazdasagportal.hu\/index.php\/wp-json\/wp\/v2\/categories?post=89889"},{"taxonomy":"post_tag","embeddable":true,"href":"https:\/\/gazdasagportal.hu\/index.php\/wp-json\/wp\/v2\/tags?post=89889"}],"curies":[{"name":"wp","href":"https:\/\/api.w.org\/{rel}","templated":true}]}}