{"id":89879,"date":"2017-02-08T12:59:11","date_gmt":"2017-02-08T11:59:11","guid":{"rendered":"http:\/\/gazdasagportal.hu\/?p=89879"},"modified":"2017-02-08T12:50:58","modified_gmt":"2017-02-08T11:50:58","slug":"gerkens-a-tv2-iden-utolerheti-nezettsegben-az-rtl-magyarorszagot","status":"publish","type":"post","link":"https:\/\/gazdasagportal.hu\/index.php\/gerkens-a-tv2-iden-utolerheti-nezettsegben-az-rtl-magyarorszagot\/","title":{"rendered":"Gerkens: a TV2 id\u00e9n utol\u00e9rheti n\u00e9zetts\u00e9gben az RTL Magyarorsz\u00e1got"},"content":{"rendered":"<p><strong>A TV2 Csoport vez\u00e9rigazgat\u00f3ja szerint &#8222;hamarosan, valamikor az idei \u00e9vben&#8221; behozhatj\u00e1k a kereskedelmi c\u00e9lcsoportban megl\u00e9v\u0151 h\u00e1tr\u00e1nyukat az RTL Magyarorsz\u00e1ggal szemben.<\/strong><!--more--><\/p>\n<div class=\"ads-in-post1\"><div id=\"gazdasagportal.hu_fullbanner_wideboard\"><\/div>\r\n<\/div>\n<p>     Dirk Gerkens err\u0151l egy szerdai sajt\u00f3esem\u00e9nyen az MTI-nek azt mondta: a 18 \u00e9s 59 \u00e9ves kor k\u00f6z\u00f6ttiek k\u00f6r\u00e9ben a tavalyel\u0151tti, k\u00f6zel 15 sz\u00e1zal\u00e9kos k\u00fcl\u00f6nbs\u00e9g m\u00e1ra a harmad\u00e1ra olvadt, ami az elm\u00falt t\u00edz esztend\u0151 legjobb eredm\u00e9nye az \u00e1ltala vezetett m\u00e9diacsoport sz\u00e1m\u00e1ra.<br \/>\n    A TV2-nek sosem volt ilyen er\u0151s m\u0171sorfelhozatala &#8211; jelentette ki Dirk Gerkens, megjegyezve, tavaly, h\u00e1rom k\u00e1belcsatorn\u00e1juk \u00fajrapoz\u00edcion\u00e1l\u00e1s\u00e1val \u00e9s h\u00e9t \u00faj ind\u00edt\u00e1s\u00e1val minden m\u0171fajt \u00e9s n\u00e9z\u0151i csoportot lefed\u0151 portfoli\u00f3t \u00e9p\u00edtettek ki, bel\u00e9pve olyan er\u0151sen verseng\u0151 piacra is, mint a sportcsatorn\u00e1k\u00e9.<br \/>\n    Ezzel el\u00e9rt\u00e9k, hogy a kereskedelmileg kiemelt koroszt\u00e1lyban, eg\u00e9sz napos n\u00e9zetts\u00e9gben k\u00f6zel egy\u00f6t\u00f6d\u00f6s a r\u00e9szesed\u00e9s\u00fck a magyarorsz\u00e1gi piacon &#8211; k\u00f6z\u00f6lte. (MTI)<\/p>\n","protected":false},"excerpt":{"rendered":"<p>A TV2 Csoport vez\u00e9rigazgat\u00f3ja szerint &#8222;hamarosan, valamikor az idei \u00e9vben&#8221; behozhatj\u00e1k a kereskedelmi c\u00e9lcsoportban megl\u00e9v\u0151 h\u00e1tr\u00e1nyukat az RTL Magyarorsz\u00e1ggal szemben.<\/p>\n","protected":false},"author":1,"featured_media":0,"comment_status":"open","ping_status":"closed","sticky":false,"template":"","format":"standard","meta":[],"categories":[19],"tags":[],"_links":{"self":[{"href":"https:\/\/gazdasagportal.hu\/index.php\/wp-json\/wp\/v2\/posts\/89879"}],"collection":[{"href":"https:\/\/gazdasagportal.hu\/index.php\/wp-json\/wp\/v2\/posts"}],"about":[{"href":"https:\/\/gazdasagportal.hu\/index.php\/wp-json\/wp\/v2\/types\/post"}],"author":[{"embeddable":true,"href":"https:\/\/gazdasagportal.hu\/index.php\/wp-json\/wp\/v2\/users\/1"}],"replies":[{"embeddable":true,"href":"https:\/\/gazdasagportal.hu\/index.php\/wp-json\/wp\/v2\/comments?post=89879"}],"version-history":[{"count":1,"href":"https:\/\/gazdasagportal.hu\/index.php\/wp-json\/wp\/v2\/posts\/89879\/revisions"}],"predecessor-version":[{"id":89880,"href":"https:\/\/gazdasagportal.hu\/index.php\/wp-json\/wp\/v2\/posts\/89879\/revisions\/89880"}],"wp:attachment":[{"href":"https:\/\/gazdasagportal.hu\/index.php\/wp-json\/wp\/v2\/media?parent=89879"}],"wp:term":[{"taxonomy":"category","embeddable":true,"href":"https:\/\/gazdasagportal.hu\/index.php\/wp-json\/wp\/v2\/categories?post=89879"},{"taxonomy":"post_tag","embeddable":true,"href":"https:\/\/gazdasagportal.hu\/index.php\/wp-json\/wp\/v2\/tags?post=89879"}],"curies":[{"name":"wp","href":"https:\/\/api.w.org\/{rel}","templated":true}]}}