{"id":89877,"date":"2017-02-08T12:36:06","date_gmt":"2017-02-08T11:36:06","guid":{"rendered":"http:\/\/gazdasagportal.hu\/?p=89877"},"modified":"2017-02-08T12:36:06","modified_gmt":"2017-02-08T11:36:06","slug":"eu-birosag-az-mvm-nem-vonhat-le-afat-az-ingyen-vegzett-ugyviteli-tevekenysege-utan","status":"publish","type":"post","link":"https:\/\/gazdasagportal.hu\/index.php\/eu-birosag-az-mvm-nem-vonhat-le-afat-az-ingyen-vegzett-ugyviteli-tevekenysege-utan\/","title":{"rendered":"EU-b\u00edr\u00f3s\u00e1g: az MVM nem vonhat le \u00e1f\u00e1t az ingyen v\u00e9gzett \u00fcgyviteli tev\u00e9kenys\u00e9ge ut\u00e1n"},"content":{"rendered":"<p><strong>Az MVM v\u00e1llalatcsoport az anyav\u00e1llalata \u00e1ltal ingyen v\u00e9gzett menedzsment-tev\u00e9kenys\u00e9g ut\u00e1n nem vonhat le \u00e1f\u00e1t &#8211; \u00e1llap\u00edtotta meg az Eur\u00f3pai Uni\u00f3 B\u00edr\u00f3s\u00e1ga szerd\u00e1n k\u00f6zz\u00e9tett \u00edt\u00e9let\u00e9ben.<\/strong><!--more--><\/p>\n<div class=\"ads-in-post1\"><div id=\"gazdasagportal.hu_fullbanner_wideboard\"><\/div>\r\n<\/div>\n<p>    A luxembourgi sz\u00e9khely\u0171 b\u00edr\u00f3s\u00e1g kimondta, egy tev\u00e9kenys\u00e9g akkor min\u0151s\u00fcl el\u0151zetesen felsz\u00e1m\u00edtott \u00e1fa-levon\u00e1s\u00e1ra jogos\u00edt\u00f3 gazdas\u00e1gi tev\u00e9kenys\u00e9gnek, ha a tev\u00e9kenys\u00e9g tart\u00f3s jelleg\u0171 \u00e9s azt ellen\u00e9rt\u00e9k fej\u00e9ben v\u00e9gzik.<br \/>\n    Az \u00fcgy r\u00e9szleteit ismertetve az uni\u00f3s b\u00edr\u00f3s\u00e1g k\u00f6z\u00f6lte, az MVM v\u00e1llalatcsoport anyav\u00e1llalata az \u00fcgyben akt\u00edv holdingt\u00e1rsas\u00e1gk\u00e9nt m\u0171k\u00f6d\u00f6tt, tev\u00e9kenys\u00e9ge nem korl\u00e1toz\u00f3dott a le\u00e1nyv\u00e1llalatok \u00e1ltal termelt osztal\u00e9k begy\u0171jt\u00e9s\u00e9re, hanem az \u00e1ltala ellen\u0151rz\u00f6tt t\u00e1rsas\u00e1gok \u00fcgyvitel\u00e9nek bizonyos ter\u00fclet\u00e9n szerepet v\u00e1llalt, cser\u00e9be jogi, \u00fczleti \u00e9s rekl\u00e1mszolg\u00e1ltat\u00e1sokat vett ig\u00e9nybe. Az anyav\u00e1llalat az akt\u00edv holdingt\u00e1rsas\u00e1gk\u00e9nt v\u00e9gzett menedzsment-tev\u00e9kenys\u00e9ge alapj\u00e1n nem \u00e1ll\u00edtott ki sz\u00e1ml\u00e1t, tev\u00e9kenys\u00e9g\u00e9t gyakorlatilag ingyenesen v\u00e9gezte.<br \/>\n    Az MVM anyav\u00e1llalata ugyanakkor az eml\u00edtett szolg\u00e1ltat\u00e1sok ig\u00e9nybev\u00e9tele ut\u00e1n megfizetett \u00e1f\u00e1t levonta az egy\u00e9b tev\u00e9kenys\u00e9geib\u0151l sz\u00e1rmaz\u00f3 bev\u00e9teleit terhel\u0151 ad\u00f3b\u00f3l, ami miatt jogvit\u00e1ba ker\u00fclt a Nemzeti Ad\u00f3- \u00e9s V\u00e1mhivatallal. Az ad\u00f3hivatal szerint ugyanis az ad\u00f3levon\u00e1sra csak akkor ker\u00fclhetett volna sor, ha a szolg\u00e1ltat\u00e1sok ellen\u00e9rt\u00e9k\u00e9t tov\u00e1bbsz\u00e1ml\u00e1zta volna a le\u00e1nyv\u00e1llalatoknak.<br \/>\n    Mivel az \u00fcgyben tev\u00e9kenys\u00e9geinek k\u00f6zponti menedzsel\u00e9s\u00e9\u00e9rt az MVM a le\u00e1nyv\u00e1llalatai r\u00e9sz\u00e9r\u0151l semmilyen d\u00edjaz\u00e1sban nem r\u00e9szes\u00fclt, ez\u00e9rt az eml\u00edtett tev\u00e9kenys\u00e9get &#8211; ellen\u00e9rt\u00e9k hi\u00e1ny\u00e1ban &#8211; nem lehet az \u00e1fa hat\u00e1lya al\u00e1 tartoz\u00f3 gazdas\u00e1gi tev\u00e9kenys\u00e9gnek tekinteni &#8211; mondta ki \u00edt\u00e9let\u00e9ben az uni\u00f3s b\u00edr\u00f3s\u00e1g.(MTI)<\/p>\n","protected":false},"excerpt":{"rendered":"<p>Az MVM v\u00e1llalatcsoport az anyav\u00e1llalata \u00e1ltal ingyen v\u00e9gzett menedzsment-tev\u00e9kenys\u00e9g ut\u00e1n nem vonhat le \u00e1f\u00e1t &#8211; \u00e1llap\u00edtotta meg az Eur\u00f3pai Uni\u00f3 B\u00edr\u00f3s\u00e1ga szerd\u00e1n k\u00f6zz\u00e9tett \u00edt\u00e9let\u00e9ben.<\/p>\n","protected":false},"author":1,"featured_media":0,"comment_status":"open","ping_status":"closed","sticky":false,"template":"","format":"standard","meta":[],"categories":[19],"tags":[],"_links":{"self":[{"href":"https:\/\/gazdasagportal.hu\/index.php\/wp-json\/wp\/v2\/posts\/89877"}],"collection":[{"href":"https:\/\/gazdasagportal.hu\/index.php\/wp-json\/wp\/v2\/posts"}],"about":[{"href":"https:\/\/gazdasagportal.hu\/index.php\/wp-json\/wp\/v2\/types\/post"}],"author":[{"embeddable":true,"href":"https:\/\/gazdasagportal.hu\/index.php\/wp-json\/wp\/v2\/users\/1"}],"replies":[{"embeddable":true,"href":"https:\/\/gazdasagportal.hu\/index.php\/wp-json\/wp\/v2\/comments?post=89877"}],"version-history":[{"count":1,"href":"https:\/\/gazdasagportal.hu\/index.php\/wp-json\/wp\/v2\/posts\/89877\/revisions"}],"predecessor-version":[{"id":89878,"href":"https:\/\/gazdasagportal.hu\/index.php\/wp-json\/wp\/v2\/posts\/89877\/revisions\/89878"}],"wp:attachment":[{"href":"https:\/\/gazdasagportal.hu\/index.php\/wp-json\/wp\/v2\/media?parent=89877"}],"wp:term":[{"taxonomy":"category","embeddable":true,"href":"https:\/\/gazdasagportal.hu\/index.php\/wp-json\/wp\/v2\/categories?post=89877"},{"taxonomy":"post_tag","embeddable":true,"href":"https:\/\/gazdasagportal.hu\/index.php\/wp-json\/wp\/v2\/tags?post=89877"}],"curies":[{"name":"wp","href":"https:\/\/api.w.org\/{rel}","templated":true}]}}