{"id":89678,"date":"2017-02-02T14:25:43","date_gmt":"2017-02-02T13:25:43","guid":{"rendered":"http:\/\/gazdasagportal.hu\/?p=89678"},"modified":"2017-02-02T14:25:43","modified_gmt":"2017-02-02T13:25:43","slug":"paksi-atomeromu-nem-okozott-fennakadast-a-hideg","status":"publish","type":"post","link":"https:\/\/gazdasagportal.hu\/index.php\/paksi-atomeromu-nem-okozott-fennakadast-a-hideg\/","title":{"rendered":"Paksi atomer\u0151m\u0171: nem okozott fennakad\u00e1st a hideg"},"content":{"rendered":"<p><strong>Az elm\u00falt \u00e9vekhez k\u00e9pest szokatlanul hideg t\u00e9li id\u0151j\u00e1r\u00e1s nem okozott fennakad\u00e1sokat a hazai villamosenergia-termel\u00e9s t\u00f6bb mint fel\u00e9t biztos\u00edt\u00f3 atomer\u0151m\u0171 m\u0171k\u00f6d\u00e9s\u00e9ben &#8211; k\u00f6z\u00f6lte az MVM Paksi Atomer\u0151m\u0171 Zrt. cs\u00fct\u00f6rt\u00f6k\u00f6n az MTI-vel.<\/strong><!--more--><\/p>\n<div class=\"ads-in-post1\"><div id=\"gazdasagportal.hu_fullbanner_wideboard\"><\/div>\r\n<\/div>\n<p>    A k\u00f6zlem\u00e9ny id\u00e9zi Kov\u00e1cs Antal kommunik\u00e1ci\u00f3s igazgat\u00f3t, aki elmondta, az atomer\u0151m\u0171 teljes\u00edtm\u00e9ny\u00e9t sem a szokatlan hideg, sem a dunai j\u00e9gzajl\u00e1s nem befoly\u00e1solja. A janu\u00e1ri hideg be\u00e1llta el\u0151tt az atomer\u0151m\u0171 felvette a kapcsolatot a Bajai V\u00edz\u00fcgyi Igazgat\u00f3s\u00e1ggal, amely k\u00e9szenl\u00e9tbe helyezett k\u00e9t usz\u00e1lyt \u00e9s egy j\u00e9gt\u00f6r\u0151 haj\u00f3t. Ezek a v\u00edzi j\u00e1rm\u0171vek gondoskodtak arr\u00f3l, hogy j\u00e9gtorlasz ne g\u00e1tolja a Paksi Atomer\u0151m\u0171 h\u0171t\u0151v\u00edzell\u00e1t\u00e1s\u00e1t &#8211; fejtette ki.<br \/>\n    Az atomer\u0151m\u0171 teljes\u00edtm\u00e9ny\u00e9t az alacsonyabb h\u0151m\u00e9rs\u00e9klet\u0171 h\u0171t\u0151v\u00edz nem cs\u00f6kkenti, s\u0151t a hidegebb h\u0171t\u0151v\u00edz hat\u00e1s\u00e1ra a blokkok hat\u00e1sfok\u00e1ban javul\u00e1s \u00e9rz\u00e9kelhet\u0151, ez\u00e9rt azok maxim\u00e1lis teljes\u00edtm\u00e9ny mellett \u00fczemelnek. Kov\u00e1cs Antal szerint olyan v\u00edzszintcs\u00f6kken\u00e9st sem prognosztiz\u00e1lnak, ami k\u00fcl\u00f6n\u00f6sebb probl\u00e9m\u00e1t okozna &#8211; \u00e1ll a k\u00f6zlem\u00e9nyben.<br \/>\n    Hozz\u00e1tette, a fukusimai baleset ut\u00e1n az Eur\u00f3pai Uni\u00f3 k\u00fcl\u00f6n hangs\u00falyt helyezett annak ellen\u0151rz\u00e9s\u00e9re, ellen\u00e1llnak-e az atomer\u0151m\u0171vek a ritk\u00e1n tapasztalhat\u00f3 sz\u00e9ls\u0151s\u00e9ges k\u00f6rnyezeti hat\u00e1soknak. A Pakson is elv\u00e9gzett \u00fagynevezett stresszteszt t\u00f6bbek k\u00f6z\u00f6tt a magas \u00e9s az alacsony v\u00edz\u00e1ll\u00e1sra, illetve a foly\u00f3 jegesed\u00e9s\u00e9re is kit\u00e9rt &#8211; t\u00e1j\u00e9koztatott az igazgat\u00f3.<br \/>\n(MTI)<\/p>\n","protected":false},"excerpt":{"rendered":"<p>Az elm\u00falt \u00e9vekhez k\u00e9pest szokatlanul hideg t\u00e9li id\u0151j\u00e1r\u00e1s nem okozott fennakad\u00e1sokat a hazai villamosenergia-termel\u00e9s t\u00f6bb mint fel\u00e9t biztos\u00edt\u00f3 atomer\u0151m\u0171 m\u0171k\u00f6d\u00e9s\u00e9ben &#8211; k\u00f6z\u00f6lte az MVM Paksi Atomer\u0151m\u0171 Zrt. cs\u00fct\u00f6rt\u00f6k\u00f6n az MTI-vel.<\/p>\n","protected":false},"author":1,"featured_media":0,"comment_status":"open","ping_status":"closed","sticky":false,"template":"","format":"standard","meta":[],"categories":[19],"tags":[],"_links":{"self":[{"href":"https:\/\/gazdasagportal.hu\/index.php\/wp-json\/wp\/v2\/posts\/89678"}],"collection":[{"href":"https:\/\/gazdasagportal.hu\/index.php\/wp-json\/wp\/v2\/posts"}],"about":[{"href":"https:\/\/gazdasagportal.hu\/index.php\/wp-json\/wp\/v2\/types\/post"}],"author":[{"embeddable":true,"href":"https:\/\/gazdasagportal.hu\/index.php\/wp-json\/wp\/v2\/users\/1"}],"replies":[{"embeddable":true,"href":"https:\/\/gazdasagportal.hu\/index.php\/wp-json\/wp\/v2\/comments?post=89678"}],"version-history":[{"count":1,"href":"https:\/\/gazdasagportal.hu\/index.php\/wp-json\/wp\/v2\/posts\/89678\/revisions"}],"predecessor-version":[{"id":89679,"href":"https:\/\/gazdasagportal.hu\/index.php\/wp-json\/wp\/v2\/posts\/89678\/revisions\/89679"}],"wp:attachment":[{"href":"https:\/\/gazdasagportal.hu\/index.php\/wp-json\/wp\/v2\/media?parent=89678"}],"wp:term":[{"taxonomy":"category","embeddable":true,"href":"https:\/\/gazdasagportal.hu\/index.php\/wp-json\/wp\/v2\/categories?post=89678"},{"taxonomy":"post_tag","embeddable":true,"href":"https:\/\/gazdasagportal.hu\/index.php\/wp-json\/wp\/v2\/tags?post=89678"}],"curies":[{"name":"wp","href":"https:\/\/api.w.org\/{rel}","templated":true}]}}