{"id":89674,"date":"2017-02-02T13:06:45","date_gmt":"2017-02-02T12:06:45","guid":{"rendered":"http:\/\/gazdasagportal.hu\/?p=89674"},"modified":"2017-02-02T12:48:07","modified_gmt":"2017-02-02T11:48:07","slug":"a-ge-felujitotta-a-paksi-atomeromu-otodik-generatoranak-forgoreszet-is","status":"publish","type":"post","link":"https:\/\/gazdasagportal.hu\/index.php\/a-ge-felujitotta-a-paksi-atomeromu-otodik-generatoranak-forgoreszet-is\/","title":{"rendered":"A GE fel\u00faj\u00edtotta a Paksi Atomer\u0151m\u0171 \u00f6t\u00f6dik gener\u00e1tor\u00e1nak forg\u00f3r\u00e9sz\u00e9t is"},"content":{"rendered":"<p><strong>A GE Power Services (NYSE: GE) sikeresen korszer\u0171s\u00edtette a Paksi Atomer\u0151m\u0171 5. gener\u00e1tor\u00e1nak forg\u00f3r\u00e9sz\u00e9t is. A projekt egy t\u00f6bb \u00e9ves szolg\u00e1ltat\u00e1si meg\u00e1llapod\u00e1s r\u00e9sze, amelynek c\u00e9lja az, hogy meghosszabb\u00edtsa a 2000 MW be\u00e9p\u00edtett \u00e1ramtermel\u0151 kapacit\u00e1ssal rendelkez\u0151 MVM Paksi Atomer\u0151m\u0171 Zrt. gener\u00e1torainak \u00e9lettartam\u00e1t \u00e9s jav\u00edtsa megb\u00edzhat\u00f3s\u00e1gukat.<\/strong><!--more--><\/p>\n<div class=\"ads-in-post1\"><div id=\"gazdasagportal.hu_fullbanner_wideboard\"><\/div>\r\n<\/div>\n<p>&nbsp;<\/p>\n<p>A 2013-ban indult \u00e9s 2021-ig tart\u00f3, 5,1 milli\u00f3 eur\u00f3 (mintegy 1,5 milli\u00e1rd forint) \u00e9rt\u00e9k\u0171 meg\u00e1llapod\u00e1s \u00e9rtelm\u00e9ben a GE \u00faj\u00edtja fel az atomer\u0151m\u0171 n\u00e9gy reaktor-blokkj\u00e1hoz (Paks 1-4. blokkok) kapcsol\u00f3d\u00f3 nyolc darab, egyenk\u00e9nt 250 MW teljes\u00edtm\u00e9ny\u0171, Ganz gy\u00e1rtm\u00e1ny\u00fa gener\u00e1tort, valamint egy tartal\u00e9k gener\u00e1tort. A most befejezett projekt keret\u00e9ben az \u00f6t\u00f6dik forg\u00f3r\u00e9sz fel\u00faj\u00edt\u00e1sa t\u00f6rt\u00e9nt meg. A projekt \u00fctemez\u00e9se szerint a GE \u00e9vente egyet \u00faj\u00edt fel az 1982 \u00e9s 1987 k\u00f6z\u00f6tt \u00fczembe helyezett gener\u00e1torok k\u00f6z\u00fcl.<\/p><div id=\"gazda-1526427134\" class=\"gazda-tartalomban gazda-entity-placement\"><script async src=\"https:\/\/pagead2.googlesyndication.com\/pagead\/js\/adsbygoogle.js\"><\/script>\r\n<ins class=\"adsbygoogle\"\r\n     style=\"display:block\"\r\n     data-ad-format=\"fluid\"\r\n     data-ad-layout-key=\"-6t+ed+2i-1n-4w\"\r\n     data-ad-client=\"ca-pub-1959107119989764\"\r\n     data-ad-slot=\"4008251320\"><\/ins>\r\n<script>\r\n     (adsbygoogle = window.adsbygoogle || []).push({});\r\n<\/script><\/div>\n<p>&nbsp;<\/p>\n<p>\u201eA Paksi Atomer\u0151m\u0171 sz\u00e1m\u00e1ra v\u00e9gzett projekt is igazolja a GE k\u00e9pess\u00e9g\u00e9t \u00e9s felk\u00e9sz\u00fclts\u00e9g\u00e9t m\u00e1s gy\u00e1rt\u00f3k gener\u00e1torainak karbantart\u00e1s\u00e1ra, valamint fel\u00faj\u00edt\u00e1s\u00e1ra\u201d \u2013 mondta Pascal Schweitzer, a GE Er\u0151m\u0171szerviz \u00fczlet\u00e1g\u00e1nak eur\u00f3pai region\u00e1lis igazgat\u00f3ja. \u201e\u00d6r\u00f6mmel vesz\u00fcnk r\u00e9szt a paksi gener\u00e1tor-korszer\u0171s\u00edt\u00e9si projektben, amelynek c\u00e9lja, hogy az er\u0151m\u0171 20 \u00e9vvel megn\u00f6velt \u00e9lettartam\u00e1nak ideje alatt biztos\u00edtsa a magyarorsz\u00e1gi villamosenergia-termel\u00e9s t\u00f6bb mint fel\u00e9t.\u201d<\/p>\n<p>&nbsp;<\/p>\n<p>\u201eA Paksi Atomer\u0151m\u0171 gener\u00e1tor forg\u00f3r\u00e9szeinek sikeres fel\u00faj\u00edt\u00e1sa hozz\u00e1j\u00e1rul a 2000 MW n\u00e9vleges teljes\u00edtm\u00e9ny\u0171 er\u0151m\u0171 termel\u00e9si biztons\u00e1g\u00e1nak illetve rendelkez\u00e9sre \u00e1ll\u00e1s\u00e1nak jav\u00edt\u00e1s\u00e1hoz\u201d \u2013 mondta Dr. Kiss Csaba, a GE Power Services \u00fcgyvezet\u0151 igazgat\u00f3ja. \u201eA mostani megb\u00edz\u00e1s sikeres teljes\u00edt\u00e9se megalapozhatja a Paksi Atomer\u0151m\u0171 \u00e1ltal tervezett tov\u00e1bbi fejleszt\u00e9sekben \u00e9s fel\u00faj\u00edt\u00e1sokban val\u00f3 r\u00e9szv\u00e9telt, illetve a nukle\u00e1ris alap\u00fa villamosenergia-termel\u00e9s magyarorsz\u00e1gi kapacit\u00e1s-fenntart\u00e1si munk\u00e1lataiban val\u00f3 k\u00f6zrem\u0171k\u00f6d\u00e9st is\u201d \u2013 tette hozz\u00e1 az \u00fcgyvezet\u0151 igazgat\u00f3.<\/p>\n<p>&nbsp;<\/p>\n<p>A Paksi Atomer\u0151m\u0171ben n\u00e9gy, orosz gy\u00e1rtm\u00e1ny\u00fa VVER-440 t\u00edpus\u00fa nyomott vizes reaktor \u00fczemel. Az 1-es blokk \u00fczemidej\u00e9t 2032-ig, a 2-es blokk \u00fczemidej\u00e9t 2034-ig, m\u00edg a 3-as blokk\u00e9t 2036-ig hosszabb\u00edtott\u00e1k meg.<\/p>\n<p>&nbsp;<\/p>\n<p>A berendez\u00e9sek fel\u00faj\u00edt\u00e1s\u00e1t a GE budapesti gener\u00e1torszerviz m\u0171hely\u00e9ben, magyar szakemberekkel \u00e9s magyar alv\u00e1llalkoz\u00f3k bevon\u00e1s\u00e1val v\u00e9gezte el. A gener\u00e1tor nagy fordulatsz\u00e1mon t\u00f6rt\u00e9n\u0151 kiegyens\u00falyoz\u00e1sa a v\u00e1llalat lengyelorsz\u00e1gi, Wroclaw-ban m\u0171k\u00f6d\u0151 \u00fczem\u00e9ben t\u00f6rt\u00e9nt.<\/p>\n<p>&nbsp;<\/p>\n<p>A GE magyar Er\u0151m\u0171szerviz csapata m\u00e1r sz\u00e1mos hazai er\u0151m\u0171ben, t\u00f6bbek k\u00f6z\u00f6tt a Dunamenti, M\u00e1trai, AES Tisza II., GTER Lit\u00e9r, GTER Saj\u00f3sz\u00f6ged, DKCE Debrecen, p\u00e9csi \u00e9s oroszl\u00e1nyi er\u0151m\u0171vekben v\u00e9gzett sokoldal\u00fa \u00e9s jelent\u0151s\u00a0 fel\u00faj\u00edt\u00e1sokat. A v\u00e1llalat ezen k\u00edv\u00fcl finn, osztr\u00e1k \u00e9s t\u00f6r\u00f6k er\u0151m\u0171vek fel\u00faj\u00edt\u00e1si projektjeiben is sikerrel vett r\u00e9szt. A budapesti Er\u0151m\u0171szerviz \u00fczlet\u00e1g a hagyom\u00e1nyos, sz\u00e9n \u00e9s g\u00e1zt\u00fczel\u00e9s\u0171 er\u0151m\u0171vek szerviz \u00e9s karbantart\u00e1si tev\u00e9kenys\u00e9ge mellett a csehorsz\u00e1gi, Temelini Atomer\u0151m\u0171ben is dolgozott \u00e9s jelenleg is dolgozik.<\/p>\n<p>&nbsp;<\/p>\n<p>A GE glob\u00e1lis piacvezet\u0151 a nukle\u00e1ris er\u0151m\u0171vek sz\u00e1m\u00e1ra ny\u00fajtott szerviz \u00e9s karbantart\u00e1s ter\u00e9n. Szakemberei eddig 103 nukle\u00e1ris blokk 257 g\u0151zturbin\u00e1j\u00e1n v\u00e9geztek \u201eretrofit\u201d-et, azaz teljes k\u00f6r\u0171 fel\u00faj\u00edt\u00e1st \u00e9s teljes\u00edtm\u00e9nyn\u00f6vel\u00e9st. A GE Hitachi Nuclear Energy, a GE \u00e9s Hitachi k\u00f6z\u00f6s v\u00e1llalata a forral\u00f3vizes reaktorral (Boiling Water Reactor, azaz BWR) m\u0171k\u00f6d\u0151 atomer\u0151m\u0171vek sz\u00e1m\u00e1ra gy\u00e1rt g\u00e9peket \u00e9s berendez\u00e9seket, illetve ny\u00fajt szervizszolg\u00e1ltat\u00e1sokat. Emellett \u2013 csak\u00fagy, mint a paksi gener\u00e1tor fel\u00faj\u00edt\u00e1si projekt sor\u00e1n &#8211; a GE a nukle\u00e1ris ipar legnagyobb szegmens\u00e9nek sz\u00e1m\u00edt\u00f3 nyomott vizes rektorral m\u0171k\u00f6d\u0151 er\u0151m\u0171vek g\u0151zturbina-gener\u00e1torait, illetve egy\u00e9b f\u0151egys\u00e9geit is k\u00e9pes karbantartani.<\/p>\n","protected":false},"excerpt":{"rendered":"<p>A GE Power Services (NYSE: GE) sikeresen korszer\u0171s\u00edtette a Paksi Atomer\u0151m\u0171 5. gener\u00e1tor\u00e1nak forg\u00f3r\u00e9sz\u00e9t is. A projekt egy t\u00f6bb \u00e9ves szolg\u00e1ltat\u00e1si meg\u00e1llapod\u00e1s r\u00e9sze, amelynek c\u00e9lja az, hogy meghosszabb\u00edtsa a 2000 MW be\u00e9p\u00edtett \u00e1ramtermel\u0151 kapacit\u00e1ssal rendelkez\u0151 MVM Paksi Atomer\u0151m\u0171 Zrt. gener\u00e1torainak \u00e9lettartam\u00e1t \u00e9s jav\u00edtsa megb\u00edzhat\u00f3s\u00e1gukat.<\/p>\n","protected":false},"author":1,"featured_media":0,"comment_status":"open","ping_status":"closed","sticky":false,"template":"","format":"standard","meta":[],"categories":[19],"tags":[],"_links":{"self":[{"href":"https:\/\/gazdasagportal.hu\/index.php\/wp-json\/wp\/v2\/posts\/89674"}],"collection":[{"href":"https:\/\/gazdasagportal.hu\/index.php\/wp-json\/wp\/v2\/posts"}],"about":[{"href":"https:\/\/gazdasagportal.hu\/index.php\/wp-json\/wp\/v2\/types\/post"}],"author":[{"embeddable":true,"href":"https:\/\/gazdasagportal.hu\/index.php\/wp-json\/wp\/v2\/users\/1"}],"replies":[{"embeddable":true,"href":"https:\/\/gazdasagportal.hu\/index.php\/wp-json\/wp\/v2\/comments?post=89674"}],"version-history":[{"count":1,"href":"https:\/\/gazdasagportal.hu\/index.php\/wp-json\/wp\/v2\/posts\/89674\/revisions"}],"predecessor-version":[{"id":89675,"href":"https:\/\/gazdasagportal.hu\/index.php\/wp-json\/wp\/v2\/posts\/89674\/revisions\/89675"}],"wp:attachment":[{"href":"https:\/\/gazdasagportal.hu\/index.php\/wp-json\/wp\/v2\/media?parent=89674"}],"wp:term":[{"taxonomy":"category","embeddable":true,"href":"https:\/\/gazdasagportal.hu\/index.php\/wp-json\/wp\/v2\/categories?post=89674"},{"taxonomy":"post_tag","embeddable":true,"href":"https:\/\/gazdasagportal.hu\/index.php\/wp-json\/wp\/v2\/tags?post=89674"}],"curies":[{"name":"wp","href":"https:\/\/api.w.org\/{rel}","templated":true}]}}