{"id":89668,"date":"2017-02-02T11:30:53","date_gmt":"2017-02-02T10:30:53","guid":{"rendered":"http:\/\/gazdasagportal.hu\/?p=89668"},"modified":"2017-02-02T11:30:53","modified_gmt":"2017-02-02T10:30:53","slug":"a-vartnal-nagyobb-lett-a-deutsche-bank-negyedeves-vesztesege","status":"publish","type":"post","link":"https:\/\/gazdasagportal.hu\/index.php\/a-vartnal-nagyobb-lett-a-deutsche-bank-negyedeves-vesztesege\/","title":{"rendered":"A v\u00e1rtn\u00e1l nagyobb lett a Deutsche Bank negyed\u00e9ves vesztes\u00e9ge"},"content":{"rendered":"<p><strong>A negyedik negyed\u00e9vben az egy \u00e9vvel kor\u00e1bbin\u00e1l magasabb bev\u00e9tel mellett cs\u00f6kkent ugyan, de a piaci v\u00e1rakoz\u00e1sn\u00e1l nagyobb lett a Deutsche Bank vesztes\u00e9ge a p\u00e9nzint\u00e9zet honlapj\u00e1n k\u00f6zz\u00e9tett eredm\u00e9ny besz\u00e1mol\u00f3 szerint.<\/strong><!--more--><\/p>\n<div class=\"ads-in-post1\"><div id=\"gazdasagportal.hu_fullbanner_wideboard\"><\/div>\r\n<\/div>\n<p>A Deutsche Bank a tavalyi negyedik negyed\u00e9vben 7,06 milli\u00e1rd eur\u00f3 bev\u00e9tel mellett 1,89 milli\u00e1rd eur\u00f3 nett\u00f3 vesztes\u00e9get szenvedett el. Elemz\u0151k a t\u00e9nylegesn\u00e9l kisebb, 1,16 milli\u00e1rd eur\u00f3s vesztes\u00e9get v\u00e1rtak a 2016-os negyedik negyed\u00e9vre.<br \/>\nEgy \u00e9vvel kor\u00e1bban, 2015 negyedik negyed\u00e9v\u00e9ben bev\u00e9tele 6,64 milli\u00e1rd eur\u00f3, vesztes\u00e9ge pedig 2,12 milli\u00e1rd eur\u00f3 volt.<br \/>\nA 2016-os \u00e9vet a Deutsche Bank 1,35 milli\u00e1rd eur\u00f3 vesztes\u00e9ggel z\u00e1rta a 2015-\u00f6s 6,77 milli\u00e1rd eur\u00f3 vesztes\u00e9g ut\u00e1n. Bev\u00e9tele 2016-ban 30,01 milli\u00e1rd eur\u00f3ra cs\u00f6kkent az el\u0151z\u0151 \u00e9vi 33,52 milli\u00e1rd eur\u00f3r\u00f3l.<br \/>\nA szab\u00e1lytalan p\u00e9nz\u00fcgyi m\u0171veletek miatt ellene ind\u00edtott jogi elj\u00e1r\u00e1sok k\u00f6lts\u00e9geire elk\u00fcl\u00f6n\u00edtett c\u00e9ltartal\u00e9kot a szeptember v\u00e9gi 5,9 milli\u00e1rd eur\u00f3r\u00f3l az \u00e9v v\u00e9g\u00e9re 7,6 milli\u00e1rd doll\u00e1rra emelte a negyedik negyed\u00e9vben a Deutsche Bank.<br \/>\nA Deutsche Bank alkalmazottainak sz\u00e1ma a negyedik negyed\u00e9vben 1370 dolgoz\u00f3val cs\u00f6kkent, miut\u00e1n az el\u0151z\u0151 h\u00e1rom negyed\u00e9vben gyakorlatilag stagn\u00e1lt. Az \u00e9v v\u00e9g\u00e9n 99,7 ezer alkalmazottat foglalkoztatott a Deutsche Bank.<br \/>\nA nem teljes\u00edt\u0151 hitelek fedezetek\u00e9nt elk\u00fcl\u00f6n\u00edtett c\u00e9ltartal\u00e9k a harmadik negyed\u00e9vi 327 milli\u00f3 eur\u00f3r\u00f3l a negyedik negyed\u00e9vben 492 milli\u00f3 eur\u00f3ra emelkedett. 2015 negyedik negyed\u00e9v\u00e9ben 380 milli\u00f3 eur\u00f3 volt az elk\u00fcl\u00f6n\u00edtett \u00f6sszeg.<br \/>\nA negyedik negyed\u00e9vben a bank CET-1 t\u0151kemegfelel\u00e9si mutat\u00f3ja 11,9 sz\u00e1zal\u00e9kra emelkedett a harmadik negyed\u00e9vi \u00e9s az el\u0151z\u0151 \u00e9v v\u00e9gi 11,1 sz\u00e1zal\u00e9kr\u00f3l.<br \/>\nA Deutsche Bank r\u00e9szv\u00e9nye a cs\u00fct\u00f6rt\u00f6ki t\u0151zsdei keresked\u00e9sben \u00f6t sz\u00e1zal\u00e9kkal gyeng\u00fclt.(MTI)<br \/>\n<a title=\"Hely megnyit\u00e1sa\" href=\"https:\/\/www.db.com\/ir\/en\/download\/Deutsche_Bank_4Q2016_results.pdf\" target=\"_blank\" rel=\"noopener\">https:\/\/www.db.com\/ir\/en\/download\/Deutsche_Bank_4Q2016_results.pdf<\/a><\/p>\n<p>&nbsp;<\/p><div id=\"gazda-1423975350\" class=\"gazda-tartalomban gazda-entity-placement\"><script async src=\"https:\/\/pagead2.googlesyndication.com\/pagead\/js\/adsbygoogle.js\"><\/script>\r\n<ins class=\"adsbygoogle\"\r\n     style=\"display:block\"\r\n     data-ad-format=\"fluid\"\r\n     data-ad-layout-key=\"-6t+ed+2i-1n-4w\"\r\n     data-ad-client=\"ca-pub-1959107119989764\"\r\n     data-ad-slot=\"4008251320\"><\/ins>\r\n<script>\r\n     (adsbygoogle = window.adsbygoogle || []).push({});\r\n<\/script><\/div>\n","protected":false},"excerpt":{"rendered":"<p>A negyedik negyed\u00e9vben az egy \u00e9vvel kor\u00e1bbin\u00e1l magasabb bev\u00e9tel mellett cs\u00f6kkent ugyan, de a piaci v\u00e1rakoz\u00e1sn\u00e1l nagyobb lett a Deutsche Bank vesztes\u00e9ge a p\u00e9nzint\u00e9zet honlapj\u00e1n k\u00f6zz\u00e9tett eredm\u00e9ny besz\u00e1mol\u00f3 szerint.<\/p>\n","protected":false},"author":1,"featured_media":0,"comment_status":"open","ping_status":"closed","sticky":false,"template":"","format":"standard","meta":[],"categories":[127,8],"tags":[],"_links":{"self":[{"href":"https:\/\/gazdasagportal.hu\/index.php\/wp-json\/wp\/v2\/posts\/89668"}],"collection":[{"href":"https:\/\/gazdasagportal.hu\/index.php\/wp-json\/wp\/v2\/posts"}],"about":[{"href":"https:\/\/gazdasagportal.hu\/index.php\/wp-json\/wp\/v2\/types\/post"}],"author":[{"embeddable":true,"href":"https:\/\/gazdasagportal.hu\/index.php\/wp-json\/wp\/v2\/users\/1"}],"replies":[{"embeddable":true,"href":"https:\/\/gazdasagportal.hu\/index.php\/wp-json\/wp\/v2\/comments?post=89668"}],"version-history":[{"count":1,"href":"https:\/\/gazdasagportal.hu\/index.php\/wp-json\/wp\/v2\/posts\/89668\/revisions"}],"predecessor-version":[{"id":89669,"href":"https:\/\/gazdasagportal.hu\/index.php\/wp-json\/wp\/v2\/posts\/89668\/revisions\/89669"}],"wp:attachment":[{"href":"https:\/\/gazdasagportal.hu\/index.php\/wp-json\/wp\/v2\/media?parent=89668"}],"wp:term":[{"taxonomy":"category","embeddable":true,"href":"https:\/\/gazdasagportal.hu\/index.php\/wp-json\/wp\/v2\/categories?post=89668"},{"taxonomy":"post_tag","embeddable":true,"href":"https:\/\/gazdasagportal.hu\/index.php\/wp-json\/wp\/v2\/tags?post=89668"}],"curies":[{"name":"wp","href":"https:\/\/api.w.org\/{rel}","templated":true}]}}