{"id":89630,"date":"2017-02-01T11:14:06","date_gmt":"2017-02-01T10:14:06","guid":{"rendered":"http:\/\/gazdasagportal.hu\/?p=89630"},"modified":"2017-02-01T11:14:06","modified_gmt":"2017-02-01T10:14:06","slug":"nav-szovivo-4-millio-emberrol-veszik-le-a-terhet-a-szja-bevallas-elkeszitesevel","status":"publish","type":"post","link":"https:\/\/gazdasagportal.hu\/index.php\/nav-szovivo-4-millio-emberrol-veszik-le-a-terhet-a-szja-bevallas-elkeszitesevel\/","title":{"rendered":"NAV-sz\u00f3viv\u0151: 4 milli\u00f3 emberr\u0151l veszik le a terhet a szja-bevall\u00e1s elk\u00e9sz\u00edt\u00e9s\u00e9vel"},"content":{"rendered":"<p><strong>T\u00f6bb mint 4 milli\u00f3 emberr\u0151l veszi le a terhet a szem\u00e9lyi j\u00f6vedelem ad\u00f3 bevall\u00e1si tervezet elk\u00e9sz\u00edt\u00e9s\u00e9vel a NAV &#8211; hangs\u00falyozta Kis P\u00e9ter Andr\u00e1s, a Nemzeti Ad\u00f3- \u00e9s V\u00e1mhivatal (NAV) ad\u00f3szakmai sz\u00f3viv\u0151je szerd\u00e1n az M1 aktu\u00e1lis csatorn\u00e1n.<\/strong><!--more--><\/p>\n<div class=\"ads-in-post1\"><div id=\"gazdasagportal.hu_fullbanner_wideboard\"><\/div>\r\n<\/div>\n<p>    A sz\u00f3viv\u0151 r\u00e9szletezte: az \u00fcgyf\u00e9lkapuval rendelkez\u0151k m\u00e1rcius 15. ut\u00e1n n\u00e9zhetik meg webes fel\u00fcleten az ad\u00f3hivatal \u00e1ltal elk\u00e9sz\u00edtett szja-bevall\u00e1si tervezetet, amelyet m\u00f3dos\u00edthat. Az \u00fcgyf\u00e9lkapuval nem rendelkez\u0151k a bevall\u00e1s-tervezet kik\u00fcld\u00e9s\u00e9t k\u00fcl\u00f6nb\u00f6z\u0151 m\u00f3don &#8211; p\u00e9ld\u00e1ul lev\u00e9lben, sms-ben &#8211; k\u00e9rhetik m\u00e1rcius 15-\u00e9ig, ezt k\u00f6vet\u0151en szem\u00e9lyesen int\u00e9zhetik az \u00fcgyf\u00e9lszolg\u00e1laton.<br \/>\n    A sz\u00f3viv\u0151 hangs\u00falyozta, ha valaki a bejelentett f\u0151\u00e1ll\u00e1s mellett egy\u00e9ni v\u00e1llalkoz\u00f3, \u0151stermel\u0151, vagy \u00e1fa-fizet\u00e9sre k\u00f6telezett, annak tov\u00e1bbra is mag\u00e1nak kell elk\u00e9sz\u00edteni a szem\u00e9lyi j\u00f6vedelemad\u00f3 bevall\u00e1st febru\u00e1r 27-ig.<br \/>\n    Kis P\u00e9ter Andr\u00e1s elmondta, hogy az szja k\u00e9tszer 1 sz\u00e1zal\u00e9k\u00e1nak felaj\u00e1nl\u00e1s\u00e1r\u00f3l a bevall\u00e1ssal egyidej\u0171leg, vagy att\u00f3l elk\u00fcl\u00f6n\u00fclten mindenki m\u00e1jus 22-\u00e9ig rendelkezhet.(MTI)<\/p>\n","protected":false},"excerpt":{"rendered":"<p>T\u00f6bb mint 4 milli\u00f3 emberr\u0151l veszi le a terhet a szem\u00e9lyi j\u00f6vedelem ad\u00f3 bevall\u00e1si tervezet elk\u00e9sz\u00edt\u00e9s\u00e9vel a NAV &#8211; hangs\u00falyozta Kis P\u00e9ter Andr\u00e1s, a Nemzeti Ad\u00f3- \u00e9s V\u00e1mhivatal (NAV) ad\u00f3szakmai sz\u00f3viv\u0151je szerd\u00e1n az M1 aktu\u00e1lis csatorn\u00e1n.<\/p>\n","protected":false},"author":1,"featured_media":0,"comment_status":"open","ping_status":"closed","sticky":false,"template":"","format":"standard","meta":[],"categories":[20,19],"tags":[],"_links":{"self":[{"href":"https:\/\/gazdasagportal.hu\/index.php\/wp-json\/wp\/v2\/posts\/89630"}],"collection":[{"href":"https:\/\/gazdasagportal.hu\/index.php\/wp-json\/wp\/v2\/posts"}],"about":[{"href":"https:\/\/gazdasagportal.hu\/index.php\/wp-json\/wp\/v2\/types\/post"}],"author":[{"embeddable":true,"href":"https:\/\/gazdasagportal.hu\/index.php\/wp-json\/wp\/v2\/users\/1"}],"replies":[{"embeddable":true,"href":"https:\/\/gazdasagportal.hu\/index.php\/wp-json\/wp\/v2\/comments?post=89630"}],"version-history":[{"count":1,"href":"https:\/\/gazdasagportal.hu\/index.php\/wp-json\/wp\/v2\/posts\/89630\/revisions"}],"predecessor-version":[{"id":89631,"href":"https:\/\/gazdasagportal.hu\/index.php\/wp-json\/wp\/v2\/posts\/89630\/revisions\/89631"}],"wp:attachment":[{"href":"https:\/\/gazdasagportal.hu\/index.php\/wp-json\/wp\/v2\/media?parent=89630"}],"wp:term":[{"taxonomy":"category","embeddable":true,"href":"https:\/\/gazdasagportal.hu\/index.php\/wp-json\/wp\/v2\/categories?post=89630"},{"taxonomy":"post_tag","embeddable":true,"href":"https:\/\/gazdasagportal.hu\/index.php\/wp-json\/wp\/v2\/tags?post=89630"}],"curies":[{"name":"wp","href":"https:\/\/api.w.org\/{rel}","templated":true}]}}