{"id":89505,"date":"2017-01-29T15:35:17","date_gmt":"2017-01-29T14:35:17","guid":{"rendered":"http:\/\/gazdasagportal.hu\/?p=89505"},"modified":"2017-01-29T08:36:06","modified_gmt":"2017-01-29T07:36:06","slug":"az-ugyfelbarat-adoellenorzes-tavalyi-merlege-57-milliard-forint","status":"publish","type":"post","link":"https:\/\/gazdasagportal.hu\/index.php\/az-ugyfelbarat-adoellenorzes-tavalyi-merlege-57-milliard-forint\/","title":{"rendered":"Az \u00fcgyf\u00e9lbar\u00e1t ad\u00f3ellen\u0151rz\u00e9s tavalyi m\u00e9rlege 5,7 milli\u00e1rd forint"},"content":{"rendered":"<p><strong>A Nemzeti Ad\u00f3- \u00e9s V\u00e1mhivatal (NAV) 2016-ban ellen\u0151rz\u00e9s helyett \u00f6nellen\u0151rz\u00e9sre buzd\u00edtotta a szab\u00e1lyokat t\u00e9vesen alkalmaz\u00f3 ad\u00f3z\u00f3kat. A seg\u00edt\u0151 jelleg\u0171 ellen\u0151rz\u00e9s eredm\u00e9nyek\u00e9nt 2600 ad\u00f3z\u00f3 \u00f6nk\u00e9nt rendezte 5,7 milli\u00e1rd forintnyi k\u00f6telezetts\u00e9g\u00e9t, \u00edgy mentes\u00fclt az ad\u00f3hat\u00f3s\u00e1gi szankci\u00f3kt\u00f3l &#8211; mondta T\u00e1llai Andr\u00e1s az MTI-nek.<\/strong><!--more--><\/p>\n<div class=\"ads-in-post1\"><div id=\"gazdasagportal.hu_fullbanner_wideboard\"><\/div>\r\n<\/div>\n<p>    A Nemzetgazdas\u00e1gi Miniszt\u00e9rium parlamenti \u00e9s ad\u00f3\u00fcgyek\u00e9rt felel\u0151s \u00e1llamtitk\u00e1ra hangs\u00falyozta: a NAV szervezet\u00e9nek 2016-os \u00e1talak\u00edt\u00e1s\u00e1ban a f\u0151 szempont egy \u00fcgyf\u00e9lbar\u00e1tabb szervezet l\u00e9trehoz\u00e1sa volt. A szeml\u00e9letv\u00e1lt\u00e1s m\u00e1r a tavalyi ellen\u0151rz\u00e9sekn\u00e9l is megjelent.<br \/>\n    &#8222;A revizorokt\u00f3l egy \u00e9ve azt k\u00e9rtem, hogy ha a k\u00f6r\u00fclm\u00e9nyek lehet\u0151v\u00e9 teszik, akkor az ellen\u0151rz\u00e9s seg\u00edtse az \u00f6nad\u00f3z\u00e1st, \u00e9s a v\u00e1llalkoz\u00e1s, a mag\u00e1nszem\u00e9ly \u00e9rdek\u00e9re \u00e9pp\u00fagy legyen tekintettel, mint az \u00e1llamkassz\u00e1\u00e9ra&#8221; &#8211; emelte ki T\u00e1llai Andr\u00e1s.<br \/>\n    Elmondta, hogy a kiv\u00e1laszt\u00e1s a bevall\u00e1sban szerepl\u0151 \u00e9s az ad\u00f3hivatali adatok \u00f6sszevet\u00e9sekor tapasztalt elt\u00e9r\u00e9sek alapj\u00e1n t\u00f6rt\u00e9nt. A revizorok a j\u00f3hiszem\u0171, de a szab\u00e1lyokat t\u00e9vesen alkalmaz\u00f3 v\u00e1llalkoz\u00e1sokat, mag\u00e1nszem\u00e9lyeket seg\u00edtett\u00e9k azzal, hogy \u00e1tfog\u00f3, ad\u00f3hi\u00e1ny felt\u00e1r\u00e1s\u00e1ra ir\u00e1nyul\u00f3 ellen\u0151rz\u00e9s helyett felh\u00edvt\u00e1k a figyelmet a hib\u00e1kra, hi\u00e1nyoss\u00e1gokra, amelyeket az \u00e9rintettek \u00f6nellen\u0151rz\u00e9s keret\u00e9ben rendezhettek, \u00edgy mentes\u00fcltek a szankci\u00f3kt\u00f3l.<br \/>\n    A t\u00e9veszt\u0151 ad\u00f3z\u00f3knak \u00edgy gyakorlatilag csak az &#8222;elfelejtett&#8221; ad\u00f3t kellett megfizetni\u00fck, valamint a jegybanki alapkamattal megegyez\u0151 m\u00e9rt\u00e9k\u0171 \u00f6nellen\u0151rz\u00e9si p\u00f3tl\u00e9kot. Ha az ellen\u0151rz\u00e9skor t\u00e1rta volna fel a hivatal a hi\u00e1nyoss\u00e1got, akkor az eltitkolt ad\u00f3, azaz az ad\u00f3hi\u00e1ny megfizet\u00e9s\u00e9n t\u00fal ak\u00e1r 200 sz\u00e1zal\u00e9kos ad\u00f3b\u00edrs\u00e1got, valamint a jegybanki alapkamat k\u00e9tszeres\u00e9re rug\u00f3 k\u00e9sedelmi p\u00f3tl\u00e9kot is kiszabhat a NAV &#8211; tette hozz\u00e1 T\u00e1llai Andr\u00e1s.<br \/>\n    A vizsg\u00e1latok k\u00f6z\u00fcl n\u00e9h\u00e1nyat kiemelve az \u00e1llamtitk\u00e1r elmondta, hogy t\u00f6bb c\u00e9g is a t\u00f6rv\u00e9nyben el\u0151\u00edrt m\u00e9rt\u00e9ket meghaladva vesztes\u00e9gelhat\u00e1rol\u00e1ssal cs\u00f6kkentette t\u00e1rsas\u00e1gi ad\u00f3alapj\u00e1t. A mag\u00e1nszem\u00e9lyekn\u00e9l a leggyakoribb t\u00e9veszt\u00e9s az ad\u00f3kedvezm\u00e9nyek ig\u00e9nybev\u00e9tel\u00e9n\u00e9l volt. A t\u00e9veszt\u0151k mind \u00e9ltek az &#8222;\u00fcgyf\u00e9lbar\u00e1t ellen\u0151rz\u00e9s&#8221; k\u00edn\u00e1lta lehet\u0151s\u00e9ggel, \u00e9s az \u00f6nellen\u0151rz\u00e9s beny\u00fajt\u00e1s\u00e1val egyidej\u0171leg megfizett\u00e9k a k\u00f6zterheket &#8211; mondta az \u00e1llamtitk\u00e1r.<br \/>\n    Sz\u00f3lt arr\u00f3l is, hogy 2017-t\u0151l az \u00f6nad\u00f3z\u00e1sban m\u00e9g nagyobb seg\u00edts\u00e9gre sz\u00e1m\u00edthatnak a v\u00e1llalkoz\u00e1sok \u00e9s a mag\u00e1nszem\u00e9lyek NAV-t\u00f3l. Az id\u00e9n a t\u00f6rv\u00e9nyben r\u00f6gz\u00edtett t\u00e1mogat\u00f3 elj\u00e1r\u00e1s ker\u00fcl el\u0151t\u00e9rbe, amelynek l\u00e9nyege, hogy az ad\u00f3hivatal munkat\u00e1rsai a kock\u00e1zatelemz\u00e9s sor\u00e1n felt\u00e1rt anom\u00e1li\u00e1k eset\u00e9n &#8211; ellen\u0151rz\u00e9s helyett &#8211; az ad\u00f3z\u00f3knak javasolhatj\u00e1k az \u00f6nellen\u0151rz\u00e9st, felk\u00edn\u00e1lva ehhez, ha sz\u00fcks\u00e9ges a szakmai t\u00e1mogat\u00e1st is.(MTI)<\/p>\n","protected":false},"excerpt":{"rendered":"<p>A Nemzeti Ad\u00f3- \u00e9s V\u00e1mhivatal (NAV) 2016-ban ellen\u0151rz\u00e9s helyett \u00f6nellen\u0151rz\u00e9sre buzd\u00edtotta a szab\u00e1lyokat t\u00e9vesen alkalmaz\u00f3 ad\u00f3z\u00f3kat. A seg\u00edt\u0151 jelleg\u0171 ellen\u0151rz\u00e9s eredm\u00e9nyek\u00e9nt 2600 ad\u00f3z\u00f3 \u00f6nk\u00e9nt rendezte 5,7 milli\u00e1rd forintnyi k\u00f6telezetts\u00e9g\u00e9t, \u00edgy mentes\u00fclt az ad\u00f3hat\u00f3s\u00e1gi szankci\u00f3kt\u00f3l &#8211; mondta T\u00e1llai Andr\u00e1s az MTI-nek.<\/p>\n","protected":false},"author":1,"featured_media":0,"comment_status":"open","ping_status":"closed","sticky":false,"template":"","format":"standard","meta":[],"categories":[20,19],"tags":[],"_links":{"self":[{"href":"https:\/\/gazdasagportal.hu\/index.php\/wp-json\/wp\/v2\/posts\/89505"}],"collection":[{"href":"https:\/\/gazdasagportal.hu\/index.php\/wp-json\/wp\/v2\/posts"}],"about":[{"href":"https:\/\/gazdasagportal.hu\/index.php\/wp-json\/wp\/v2\/types\/post"}],"author":[{"embeddable":true,"href":"https:\/\/gazdasagportal.hu\/index.php\/wp-json\/wp\/v2\/users\/1"}],"replies":[{"embeddable":true,"href":"https:\/\/gazdasagportal.hu\/index.php\/wp-json\/wp\/v2\/comments?post=89505"}],"version-history":[{"count":1,"href":"https:\/\/gazdasagportal.hu\/index.php\/wp-json\/wp\/v2\/posts\/89505\/revisions"}],"predecessor-version":[{"id":89506,"href":"https:\/\/gazdasagportal.hu\/index.php\/wp-json\/wp\/v2\/posts\/89505\/revisions\/89506"}],"wp:attachment":[{"href":"https:\/\/gazdasagportal.hu\/index.php\/wp-json\/wp\/v2\/media?parent=89505"}],"wp:term":[{"taxonomy":"category","embeddable":true,"href":"https:\/\/gazdasagportal.hu\/index.php\/wp-json\/wp\/v2\/categories?post=89505"},{"taxonomy":"post_tag","embeddable":true,"href":"https:\/\/gazdasagportal.hu\/index.php\/wp-json\/wp\/v2\/tags?post=89505"}],"curies":[{"name":"wp","href":"https:\/\/api.w.org\/{rel}","templated":true}]}}