{"id":89503,"date":"2017-01-29T14:14:04","date_gmt":"2017-01-29T13:14:04","guid":{"rendered":"http:\/\/gazdasagportal.hu\/?p=89503"},"modified":"2017-01-29T08:35:00","modified_gmt":"2017-01-29T07:35:00","slug":"heti-makronaptar-kiskereskedelmi-munkaeropiaci-kulkereskedelmi-statisztikai-adatok-is-megjelennek","status":"publish","type":"post","link":"https:\/\/gazdasagportal.hu\/index.php\/heti-makronaptar-kiskereskedelmi-munkaeropiaci-kulkereskedelmi-statisztikai-adatok-is-megjelennek\/","title":{"rendered":"Heti makronapt\u00e1r &#8211; Kiskereskedelmi, munkaer\u0151piaci, k\u00fclkereskedelmi statisztikai adatok is megjelennek"},"content":{"rendered":"<p><strong>T\u00f6bb makrogazdas\u00e1gi adat is megjelenik a j\u00f6v\u0151 h\u00e9ten, \u00edgy kiskereskedelmi, k\u00fclkereskedelmi, munkaer\u0151piaci mutat\u00f3k.<\/strong><!--more--><\/p>\n<div class=\"ads-in-post1\"><div id=\"gazdasagportal.hu_fullbanner_wideboard\"><\/div>\r\n<\/div>\n<p>    H\u00e9tf\u0151n a legfrissebb, 2016 okt\u00f3ber-decemberi foglalkoztatotts\u00e1gi \u00e9s munkan\u00e9lk\u00fclis\u00e9gi adatokat k\u00f6zli a K\u00f6zponti Statisztikai Hivatal (KSH). A m\u00falt \u00e9v szeptember-novemberi h\u00e1rom h\u00f3napj\u00e1ban a foglalkoztatottak sz\u00e1ma 142 ezerrel n\u0151tt az egy \u00e9vvel kor\u00e1bbihoz k\u00e9pest, el\u00e9rte a 4 milli\u00f3 414 ezret. A munkan\u00e9lk\u00fcliek sz\u00e1ma 2016. szeptember-novemberben az egy \u00e9vvel kor\u00e1bbihoz k\u00e9pest 76 ezerrel, 208 ezerre, a munkan\u00e9lk\u00fclis\u00e9gi r\u00e1ta 1,7 sz\u00e1zal\u00e9kponttal, 4,5 sz\u00e1zal\u00e9kosra cs\u00f6kkent.<br \/>\n    Kedden a decemberi \u00e9s a 2016. \u00e9vi ipari termel\u0151i \u00e1rak alakul\u00e1s\u00e1t publik\u00e1lja a KSH. Tavaly novemberben is cs\u00f6kkentek az ipari termel\u0151i \u00e1rak: a belf\u00f6ldi \u00e9rt\u00e9kes\u00edt\u00e9si \u00e1rak 0,4 \u00e9s az export\u00e1rak 0,5 sz\u00e1zal\u00e9kos cs\u00f6kken\u00e9s\u00e9nek  ered\u0151jek\u00e9nt novemberben 0,5 sz\u00e1zal\u00e9kkal alacsonyabbak voltak az ipari termel\u0151i \u00e1rak, mint egy \u00e9vvel kor\u00e1bban.<br \/>\n    Szerd\u00e1n a janu\u00e1ri beszerz\u00e9simenedzser-indexet k\u00f6zli a Magyar Logisztikai, Beszerz\u00e9si \u00e9s K\u00e9szletez\u00e9si T\u00e1rsas\u00e1g (MLBKT). Tavaly decemberben 4,1 sz\u00e1zal\u00e9kponttal 52,2 sz\u00e1zal\u00e9kra esett vissza a beszerz\u00e9simenedzser-index, amivel visszat\u00e9rt a hossz\u00fa t\u00e1v\u00fa &#8211; 1995 \u00f3ta m\u00e9rt &#8211; \u00e1tlaghoz \u00e9s \u00e1rnyalatnyival meghaladja a legut\u00f3bbi h\u00e1rom \u00e9v 52,1 sz\u00e1zal\u00e9kos \u00e1tlag\u00e1t.<br \/>\n    Cs\u00fct\u00f6rt\u00f6k\u00f6n a k\u00fclkereskedelmi term\u00e9kforgalom 2016 novemberi r\u00e9szletes adatait k\u00f6zli a KSH. A h\u00f3nap elej\u00e9n kiadott els\u0151 becsl\u00e9s szerint tavaly novemberben 5,8 sz\u00e1zal\u00e9kkal n\u0151tt az export eur\u00f3ban sz\u00e1m\u00edtott \u00e9rt\u00e9ke, az import pedig 4,6 sz\u00e1zal\u00e9kkal emelkedett az el\u0151z\u0151 \u00e9v azonos h\u00f3napj\u00e1hoz k\u00e9pest. A kereskedelmi m\u00e9rlegt\u00f6bblet 130 milli\u00f3val t\u00f6bb, 908 milli\u00f3 eur\u00f3 volt. Az \u00e9v els\u0151 11 h\u00f3napj\u00e1ban 9,452 milli\u00e1rd eur\u00f3 volt a kereskedelmi akt\u00edvum, 1,495 milli\u00e1rddal t\u00f6bb, mint  az el\u0151z\u0151 \u00e9v azonos id\u0151szak\u00e1ban volt, \u00e9s j\u00f3val meghaladta a 2015 eg\u00e9sz \u00e9vi 8,595 milli\u00e1rd eur\u00f3t.<br \/>\n    P\u00e9nteken a tavaly decemberi kiskereskedelmi forgalomra vonatkoz\u00f3 els\u0151 statisztika jelenik meg. A r\u00e9szletes adatok alapj\u00e1n a kiskereskedelmi forgalom 4,5 sz\u00e1zal\u00e9kkal haladta meg tavaly novemberben az el\u0151z\u0151 \u00e9v azonos id\u0151szakit a nyers \u00e9s a napt\u00e1rhat\u00e1st\u00f3l megtiszt\u00edtott adatok szerint egyar\u00e1nt. Az \u00e9lelmiszer- \u00e9s \u00e9lelmiszer jelleg\u0171 vegyes kiskereskedelmi \u00fczletekben 2,3, a nem \u00e9lelmiszer-kiskereskedelmi \u00fczletekben 7,4, az \u00fczemanyag-kiskereskedelemben 3,9 sz\u00e1zal\u00e9kkal emelkedett az \u00e9rt\u00e9kes\u00edt\u00e9s napt\u00e1rhat\u00e1st\u00f3l megtiszt\u00edtott volumene.<br \/>\n    Tavaly janu\u00e1r-novemberben a forgalom volumene a napt\u00e1rhat\u00e1st\u00f3l megtiszt\u00edtott adatok szerint 4,7 sz\u00e1zal\u00e9kkal haladta meg az el\u0151z\u0151 \u00e9v azonos id\u0151szakit.(MTI)<\/p>\n","protected":false},"excerpt":{"rendered":"<p>T\u00f6bb makrogazdas\u00e1gi adat is megjelenik a j\u00f6v\u0151 h\u00e9ten, \u00edgy kiskereskedelmi, k\u00fclkereskedelmi, munkaer\u0151piaci mutat\u00f3k.<\/p>\n","protected":false},"author":1,"featured_media":0,"comment_status":"open","ping_status":"closed","sticky":false,"template":"","format":"standard","meta":[],"categories":[19],"tags":[],"_links":{"self":[{"href":"https:\/\/gazdasagportal.hu\/index.php\/wp-json\/wp\/v2\/posts\/89503"}],"collection":[{"href":"https:\/\/gazdasagportal.hu\/index.php\/wp-json\/wp\/v2\/posts"}],"about":[{"href":"https:\/\/gazdasagportal.hu\/index.php\/wp-json\/wp\/v2\/types\/post"}],"author":[{"embeddable":true,"href":"https:\/\/gazdasagportal.hu\/index.php\/wp-json\/wp\/v2\/users\/1"}],"replies":[{"embeddable":true,"href":"https:\/\/gazdasagportal.hu\/index.php\/wp-json\/wp\/v2\/comments?post=89503"}],"version-history":[{"count":1,"href":"https:\/\/gazdasagportal.hu\/index.php\/wp-json\/wp\/v2\/posts\/89503\/revisions"}],"predecessor-version":[{"id":89504,"href":"https:\/\/gazdasagportal.hu\/index.php\/wp-json\/wp\/v2\/posts\/89503\/revisions\/89504"}],"wp:attachment":[{"href":"https:\/\/gazdasagportal.hu\/index.php\/wp-json\/wp\/v2\/media?parent=89503"}],"wp:term":[{"taxonomy":"category","embeddable":true,"href":"https:\/\/gazdasagportal.hu\/index.php\/wp-json\/wp\/v2\/categories?post=89503"},{"taxonomy":"post_tag","embeddable":true,"href":"https:\/\/gazdasagportal.hu\/index.php\/wp-json\/wp\/v2\/tags?post=89503"}],"curies":[{"name":"wp","href":"https:\/\/api.w.org\/{rel}","templated":true}]}}