{"id":89380,"date":"2017-01-25T13:28:58","date_gmt":"2017-01-25T12:28:58","guid":{"rendered":"http:\/\/gazdasagportal.hu\/?p=89380"},"modified":"2017-01-25T12:59:57","modified_gmt":"2017-01-25T11:59:57","slug":"kozel-tizmilliard-forintos-forgalmat-ert-el-tavaly-a-jatekpiacon-a-regio","status":"publish","type":"post","link":"https:\/\/gazdasagportal.hu\/index.php\/kozel-tizmilliard-forintos-forgalmat-ert-el-tavaly-a-jatekpiacon-a-regio\/","title":{"rendered":"K\u00f6zel t\u00edzmilli\u00e1rd forintos forgalmat \u00e9rt el tavaly a j\u00e1t\u00e9kpiacon a Regio"},"content":{"rendered":"<p><strong>A Regio J\u00e1t\u00e9kkereskedelmi Kft. 8 sz\u00e1zal\u00e9kos n\u00f6veked\u00e9ssel 9,8 milli\u00e1rd forint forgalommal z\u00e1rta az elm\u00falt \u00e9vet &#8211; k\u00f6z\u00f6lte a j\u00e1t\u00e9k\u00e1ruh\u00e1zl\u00e1nc szerd\u00e1n az MTI-vel. <\/strong><!--more--><\/p>\n<div class=\"ads-in-post1\"><div id=\"gazdasagportal.hu_fullbanner_wideboard\"><\/div>\r\n<\/div>\n<p>    A legnagyobb forgalom tavaly is okt\u00f3ber \u00e9s december k\u00f6z\u00f6tt volt, amikor a teljes \u00e9rt\u00e9kes\u00edt\u00e9s nagyj\u00e1b\u00f3l 60 sz\u00e1zal\u00e9ka realiz\u00e1l\u00f3dik, emellett kiemelt id\u0151szak a h\u00fasv\u00e9t \u00e9s a gyereknap is. Az \u00e1tlagos kos\u00e1r\u00e9rt\u00e9k a hagyom\u00e1nyos \u00e1ruh\u00e1zi \u00e9rt\u00e9kes\u00edt\u00e9sn\u00e9l enyhe n\u00f6veked\u00e9st mutatott, tavaly 6340 forint volt, az online megrendel\u00e9sekn\u00e9l mintegy 6 sz\u00e1zal\u00e9kkal, 6829 forintra n\u0151tt &#8211; mondta Gyaraki D\u00e1vid, a Regi\u00f3 Kft. marketingvezet\u0151je a k\u00f6zlem\u00e9ny szerint. A c\u00e9g id\u00e9n tov\u00e1bbi, t\u00f6r\u00f6kb\u00e1linti \u00e1ruh\u00e1znyit\u00e1ssal, valamint a SuperShop programhoz val\u00f3 csatlakoz\u00e1ssal szeretn\u00e9 piacvezet\u0151 poz\u00edci\u00f3j\u00e1t megtartani.<br \/>\n    Magyarorsz\u00e1g teljes j\u00e1t\u00e9kpiaci forgalma 2016-ban az el\u0151z\u0151 \u00e9vi 38 milli\u00e1rdr\u00f3l 40-45 milli\u00e1rd forintra n\u0151tt, ebb\u0151l a Regio Kft. r\u00e9szesed\u00e9se 20-25 sz\u00e1zal\u00e9kos a c\u00e9g adatai szerint.<br \/>\n    A t\u00e1rsas\u00e1g becsl\u00e9se szerint tavaly a teljes j\u00e1t\u00e9kelad\u00e1s 20 sz\u00e1zal\u00e9ka val\u00f3sult meg online fel\u00fcleten. A Regio a hagyom\u00e1nyos offline kereskedelemben realiz\u00e1lja forgalma 90 sz\u00e1zal\u00e9k\u00e1t, \u00e1m egyre t\u00f6bben v\u00e1s\u00e1rolnak interneten kereszt\u00fcl is &#8211; mondta el Gyaraki D\u00e1vid. A Regio J\u00e1t\u00e9k elad\u00e1si statisztik\u00e1i szerint tavaly 65 sz\u00e1zal\u00e9kkal t\u00f6bb, 52 ezer megrendel\u00e9s \u00e9rkezett online, ezen bel\u00fcl is dinamikusan n\u0151tt az okoseszk\u00f6z\u00f6kr\u0151l bonyol\u00edtott v\u00e1s\u00e1rl\u00e1sok ar\u00e1nya. Tavaly 19 sz\u00e1zal\u00e9kr\u00f3l 26 sz\u00e1zal\u00e9kra n\u0151tt a web\u00e1ruh\u00e1zat tabletr\u0151l vagy okostelefonr\u00f3l megtekint\u0151k sz\u00e1ma, ez\u00e9rt folyamatosan fejlesztik ezt a fel\u00fcletet is &#8211; tette hozz\u00e1.<br \/>\n    A Kft.-t 1990-ben, csal\u00e1di v\u00e1llalkoz\u00e1sk\u00e9nt alap\u00edtotta Gyaraki J\u00f3zsef, a c\u00e9g \u00fcgyvezet\u0151je. A piacvezet\u0151 j\u00e1t\u00e9kforgalmaz\u00f3 m\u00e1r orsz\u00e1gszerte t\u00f6bb mint 32 j\u00e1t\u00e9kbolttal rendelkezik, webshopj\u00e1b\u00f3l a f\u0151szezonban 10 ezer k\u00fcl\u00f6nb\u00f6z\u0151 j\u00e1t\u00e9k rendelhet\u0151, a c\u00e9g 450 dolgoz\u00f3t foglalkoztat.(MTI)<\/p>\n","protected":false},"excerpt":{"rendered":"<p>A Regio J\u00e1t\u00e9kkereskedelmi Kft. 8 sz\u00e1zal\u00e9kos n\u00f6veked\u00e9ssel 9,8 milli\u00e1rd forint forgalommal z\u00e1rta az elm\u00falt \u00e9vet &#8211; k\u00f6z\u00f6lte a j\u00e1t\u00e9k\u00e1ruh\u00e1zl\u00e1nc szerd\u00e1n az MTI-vel.<\/p>\n","protected":false},"author":1,"featured_media":0,"comment_status":"open","ping_status":"closed","sticky":false,"template":"","format":"standard","meta":[],"categories":[19],"tags":[],"_links":{"self":[{"href":"https:\/\/gazdasagportal.hu\/index.php\/wp-json\/wp\/v2\/posts\/89380"}],"collection":[{"href":"https:\/\/gazdasagportal.hu\/index.php\/wp-json\/wp\/v2\/posts"}],"about":[{"href":"https:\/\/gazdasagportal.hu\/index.php\/wp-json\/wp\/v2\/types\/post"}],"author":[{"embeddable":true,"href":"https:\/\/gazdasagportal.hu\/index.php\/wp-json\/wp\/v2\/users\/1"}],"replies":[{"embeddable":true,"href":"https:\/\/gazdasagportal.hu\/index.php\/wp-json\/wp\/v2\/comments?post=89380"}],"version-history":[{"count":1,"href":"https:\/\/gazdasagportal.hu\/index.php\/wp-json\/wp\/v2\/posts\/89380\/revisions"}],"predecessor-version":[{"id":89381,"href":"https:\/\/gazdasagportal.hu\/index.php\/wp-json\/wp\/v2\/posts\/89380\/revisions\/89381"}],"wp:attachment":[{"href":"https:\/\/gazdasagportal.hu\/index.php\/wp-json\/wp\/v2\/media?parent=89380"}],"wp:term":[{"taxonomy":"category","embeddable":true,"href":"https:\/\/gazdasagportal.hu\/index.php\/wp-json\/wp\/v2\/categories?post=89380"},{"taxonomy":"post_tag","embeddable":true,"href":"https:\/\/gazdasagportal.hu\/index.php\/wp-json\/wp\/v2\/tags?post=89380"}],"curies":[{"name":"wp","href":"https:\/\/api.w.org\/{rel}","templated":true}]}}