{"id":89372,"date":"2017-01-25T10:47:22","date_gmt":"2017-01-25T09:47:22","guid":{"rendered":"http:\/\/gazdasagportal.hu\/?p=89372"},"modified":"2017-01-25T10:47:22","modified_gmt":"2017-01-25T09:47:22","slug":"a-nemzetkozi-vamnap-miatt-valtozik-az-adohatosag-munkarendje","status":"publish","type":"post","link":"https:\/\/gazdasagportal.hu\/index.php\/a-nemzetkozi-vamnap-miatt-valtozik-az-adohatosag-munkarendje\/","title":{"rendered":"A nemzetk\u00f6zi v\u00e1mnap miatt v\u00e1ltozik az ad\u00f3hat\u00f3s\u00e1g munkarendje"},"content":{"rendered":"<p><strong>A nemzetk\u00f6zi v\u00e1mnap miatt janu\u00e1r 26-\u00e1n cs\u00fct\u00f6rt\u00f6k\u00f6n a Nemzeti Ad\u00f3- \u00e9s V\u00e1mhivatal (NAV) v\u00e1m- \u00e9s p\u00e9nz\u00fcgy\u0151ri, illetve b\u0171n\u00fcgyi szak\u00e1ga \u00fcgyeleti szolg\u00e1latot l\u00e1t el, de ez az ad\u00f3\u00fcgyekkel foglalkoz\u00f3 szakter\u00fclet munkarendj\u00e9t nem \u00e9rinti &#8211; k\u00f6z\u00f6lte a NAV az MTI-vel szerd\u00e1n.<\/strong><!--more--><\/p>\n<div class=\"ads-in-post1\"><div id=\"gazdasagportal.hu_fullbanner_wideboard\"><\/div>\r\n<\/div>\n<p>    A t\u00f6rv\u00e9ny \u00e9rtelm\u00e9ben a nemzetk\u00f6zi v\u00e1mnap munkasz\u00fcneti nap, \u00edgy a megyei ad\u00f3- \u00e9s v\u00e1migazgat\u00f3s\u00e1gok v\u00e1m- \u00e9s p\u00e9nz\u00fcgy\u0151ri r\u00e9szei valamint a region\u00e1lis b\u0171n\u00fcgyi igazgat\u00f3s\u00e1gok cs\u00f6kkentett l\u00e9tsz\u00e1mmal l\u00e1tj\u00e1k el feladataikat.<br \/>\n    A hat\u00e1r\u00e1tkel\u0151helyeken, \u00edgy a nemzetk\u00f6zi rep\u00fcl\u0151tereken m\u0171k\u00f6d\u0151 kirendelts\u00e9gek janu\u00e1r 26-\u00e1n v\u00e1ltozatlan l\u00e9tsz\u00e1mmal, a munkasz\u00fcneti napokra \u00e9rv\u00e9nyes szolg\u00e1latszervez\u00e9ssel m\u0171k\u00f6dnek.<br \/>\n    A NAV azt k\u00e9ri, hogy a nemzetk\u00f6zi v\u00e1mnapon csak s\u00fcrg\u0151s \u00fcgyekben forduljanak v\u00e1mkezel\u00e9si k\u00e9relmekkel az igazgat\u00f3s\u00e1gokhoz.(MTI)<\/p>\n","protected":false},"excerpt":{"rendered":"<p>A nemzetk\u00f6zi v\u00e1mnap miatt janu\u00e1r 26-\u00e1n cs\u00fct\u00f6rt\u00f6k\u00f6n a Nemzeti Ad\u00f3- \u00e9s V\u00e1mhivatal (NAV) v\u00e1m- \u00e9s p\u00e9nz\u00fcgy\u0151ri, illetve b\u0171n\u00fcgyi szak\u00e1ga \u00fcgyeleti szolg\u00e1latot l\u00e1t el, de ez az ad\u00f3\u00fcgyekkel foglalkoz\u00f3 szakter\u00fclet munkarendj\u00e9t nem \u00e9rinti &#8211; k\u00f6z\u00f6lte a NAV az MTI-vel szerd\u00e1n.<\/p>\n","protected":false},"author":1,"featured_media":0,"comment_status":"open","ping_status":"closed","sticky":false,"template":"","format":"standard","meta":[],"categories":[20,19],"tags":[],"_links":{"self":[{"href":"https:\/\/gazdasagportal.hu\/index.php\/wp-json\/wp\/v2\/posts\/89372"}],"collection":[{"href":"https:\/\/gazdasagportal.hu\/index.php\/wp-json\/wp\/v2\/posts"}],"about":[{"href":"https:\/\/gazdasagportal.hu\/index.php\/wp-json\/wp\/v2\/types\/post"}],"author":[{"embeddable":true,"href":"https:\/\/gazdasagportal.hu\/index.php\/wp-json\/wp\/v2\/users\/1"}],"replies":[{"embeddable":true,"href":"https:\/\/gazdasagportal.hu\/index.php\/wp-json\/wp\/v2\/comments?post=89372"}],"version-history":[{"count":1,"href":"https:\/\/gazdasagportal.hu\/index.php\/wp-json\/wp\/v2\/posts\/89372\/revisions"}],"predecessor-version":[{"id":89373,"href":"https:\/\/gazdasagportal.hu\/index.php\/wp-json\/wp\/v2\/posts\/89372\/revisions\/89373"}],"wp:attachment":[{"href":"https:\/\/gazdasagportal.hu\/index.php\/wp-json\/wp\/v2\/media?parent=89372"}],"wp:term":[{"taxonomy":"category","embeddable":true,"href":"https:\/\/gazdasagportal.hu\/index.php\/wp-json\/wp\/v2\/categories?post=89372"},{"taxonomy":"post_tag","embeddable":true,"href":"https:\/\/gazdasagportal.hu\/index.php\/wp-json\/wp\/v2\/tags?post=89372"}],"curies":[{"name":"wp","href":"https:\/\/api.w.org\/{rel}","templated":true}]}}