{"id":893,"date":"2013-01-23T21:41:17","date_gmt":"2013-01-23T20:41:17","guid":{"rendered":"http:\/\/stockportal.hu\/?p=893"},"modified":"2013-01-24T12:23:35","modified_gmt":"2013-01-24T11:23:35","slug":"megszavazta-az-amerikai-kepviselohaz-az-adossagplafon-alkalmazasanak-felfuggeszteset","status":"publish","type":"post","link":"https:\/\/gazdasagportal.hu\/index.php\/megszavazta-az-amerikai-kepviselohaz-az-adossagplafon-alkalmazasanak-felfuggeszteset\/","title":{"rendered":"Megszavazta az amerikai k\u00e9pvisel\u0151h\u00e1z az ad\u00f3ss\u00e1gplafon alkalmaz\u00e1s\u00e1nak felf\u00fcggeszt\u00e9s\u00e9t"},"content":{"rendered":"<p><strong>Az amerikai k\u00e9pvisel\u0151h\u00e1z szerd\u00e1n megszavazta az ad\u00f3ss\u00e1gplafon alkalmaz\u00e1s\u00e1nak felf\u00fcggeszt\u00e9s\u00e9t m\u00e1jus 19-ig.<!--more--><\/strong><\/p>\n<p>A d\u00f6nt\u00e9s lehet\u0151v\u00e9 teszi a korm\u00e1ny sz\u00e1m\u00e1ra fizet\u00e9si k\u00f6telezetts\u00e9geinek teljes\u00edt\u00e9s\u00e9t.<br \/>\nA republik\u00e1nus t\u00f6bbs\u00e9g\u0171 k\u00e9pvisel\u0151h\u00e1z 285-144 ar\u00e1nyban szavazta meg t\u00f6rv\u00e9nyt, nagyj\u00e1b\u00f3l a p\u00e1rtar\u00e1nyok szerint.<br \/>\nA szen\u00e1tus v\u00e1rhat\u00f3an a lehet\u0151 leghamarabb elfogadja a t\u00f6rv\u00e9nyt, a Feh\u00e9r H\u00e1z pedig m\u00e1r kor\u00e1bban k\u00f6z\u00f6lte, hogy al\u00e1 fogja \u00edrni az \u00e1tmeneti megold\u00e1st jelent\u0151 jogszab\u00e1lyt.<br \/>\nJay Carney, a Feh\u00e9r H\u00e1z sz\u00f3viv\u0151je \u00fcdv\u00f6z\u00f6lte a k\u00e9pvisel\u0151h\u00e1zi szavaz\u00e1s eredm\u00e9ny\u00e9t. (MTI)<\/p>\n","protected":false},"excerpt":{"rendered":"<p>Az amerikai k\u00e9pvisel\u0151h\u00e1z szerd\u00e1n megszavazta az ad\u00f3ss\u00e1gplafon alkalmaz\u00e1s\u00e1nak felf\u00fcggeszt\u00e9s\u00e9t m\u00e1jus 19-ig.<\/p>\n","protected":false},"author":1,"featured_media":896,"comment_status":"closed","ping_status":"closed","sticky":false,"template":"","format":"standard","meta":[],"categories":[13,8],"tags":[],"_links":{"self":[{"href":"https:\/\/gazdasagportal.hu\/index.php\/wp-json\/wp\/v2\/posts\/893"}],"collection":[{"href":"https:\/\/gazdasagportal.hu\/index.php\/wp-json\/wp\/v2\/posts"}],"about":[{"href":"https:\/\/gazdasagportal.hu\/index.php\/wp-json\/wp\/v2\/types\/post"}],"author":[{"embeddable":true,"href":"https:\/\/gazdasagportal.hu\/index.php\/wp-json\/wp\/v2\/users\/1"}],"replies":[{"embeddable":true,"href":"https:\/\/gazdasagportal.hu\/index.php\/wp-json\/wp\/v2\/comments?post=893"}],"version-history":[{"count":4,"href":"https:\/\/gazdasagportal.hu\/index.php\/wp-json\/wp\/v2\/posts\/893\/revisions"}],"predecessor-version":[{"id":978,"href":"https:\/\/gazdasagportal.hu\/index.php\/wp-json\/wp\/v2\/posts\/893\/revisions\/978"}],"wp:featuredmedia":[{"embeddable":true,"href":"https:\/\/gazdasagportal.hu\/index.php\/wp-json\/wp\/v2\/media\/896"}],"wp:attachment":[{"href":"https:\/\/gazdasagportal.hu\/index.php\/wp-json\/wp\/v2\/media?parent=893"}],"wp:term":[{"taxonomy":"category","embeddable":true,"href":"https:\/\/gazdasagportal.hu\/index.php\/wp-json\/wp\/v2\/categories?post=893"},{"taxonomy":"post_tag","embeddable":true,"href":"https:\/\/gazdasagportal.hu\/index.php\/wp-json\/wp\/v2\/tags?post=893"}],"curies":[{"name":"wp","href":"https:\/\/api.w.org\/{rel}","templated":true}]}}