{"id":8918,"date":"2013-05-27T10:43:53","date_gmt":"2013-05-27T08:43:53","guid":{"rendered":"http:\/\/stockportal.hu\/?p=8918"},"modified":"2013-05-27T10:43:53","modified_gmt":"2013-05-27T08:43:53","slug":"nem-akarnak-a-hypo-bank-megmentese-miatt-tobb-adot-fizetni-az-osztrak-bankok","status":"publish","type":"post","link":"https:\/\/gazdasagportal.hu\/index.php\/nem-akarnak-a-hypo-bank-megmentese-miatt-tobb-adot-fizetni-az-osztrak-bankok\/","title":{"rendered":"Nem akarnak a Hypo Bank megment\u00e9se miatt t\u00f6bb ad\u00f3t fizetni az osztr\u00e1k bankok"},"content":{"rendered":"<p><strong>Az osztr\u00e1k banksz\u00f6vets\u00e9g elutas\u00edtja Werner Faymann kancell\u00e1r javaslat\u00e1t, hogy a bankszektor a bankad\u00f3 meghosszabb\u00edt\u00e1sa r\u00e9v\u00e9n j\u00e1ruljon hozz\u00e1 a Hypo Bank megment\u00e9s\u00e9nek k\u00f6lts\u00e9geihez. Err\u0151l Willibald Cernko, a Bank Austria eln\u00f6ke besz\u00e9lt egy h\u00e9tf\u0151i r\u00e1di\u00f3interj\u00faban.<!--more--><\/strong><\/p>\n<p>Fontos, hogy a bankok is megtegy\u00e9k hozz\u00e1j\u00e1rul\u00e1sukat a stabilit\u00e1shoz, de &#8222;ha valaki minden\u00e9t elj\u00e1tssza a kaszin\u00f3ban, akkor sem fizetnek vele egy\u00fctt a szomsz\u00e9dai&#8221; &#8211; mondta Cernko, aki a banksz\u00f6vets\u00e9g eln\u00f6ke is.<br \/>\nWerner Faymann kancell\u00e1r, az Osztr\u00e1k Szoci\u00e1ldemokrata P\u00e1rt vezet\u0151je egy szombati lapinterj\u00faban azt mondta, elk\u00e9pzelhet\u0151nek tartja, hogy hat\u00e1rozatlan id\u0151re meghosszabb\u00edts\u00e1k a jelenleg 2017-ig sz\u00f3l\u00f3 banki stabilit\u00e1si hozz\u00e1j\u00e1rul\u00e1st, hogy r\u00e9szben abb\u00f3l fedezz\u00e9k a Hypo Bank megment\u00e9s\u00e9nek k\u00f6lts\u00e9geit.<br \/>\nA 2011-ben bevezetett, \u00e9vi 500 milli\u00f3 eur\u00f3ra kalkul\u00e1lt osztr\u00e1k k\u00fcl\u00f6nad\u00f3t tavaly 25 sz\u00e1zal\u00e9kkal megemelt\u00e9k a 2015 \u00e9s 2017 k\u00f6z\u00f6tti id\u0151szakra az Osztr\u00e1k Volksbank (\u00d6VAG) megment\u00e9s\u00e9nek k\u00f6lts\u00e9gei miatt. Az \u00d6VAG-ot szint\u00e9n k\u00e9nyszer\u00e1llamos\u00edt\u00e1ssal mentett\u00e9k meg a val\u00f3sz\u00edn\u0171 cs\u0151dt\u0151l, ahogy kor\u00e1bban a Hypo Bankot. Faymann a h\u00e9t v\u00e9g\u00e9n a Kurierban azt vetette fel, hogy a megemelt k\u00fcl\u00f6nad\u00f3t hat\u00e1rozatlan id\u0151re meg lehetne hosszabb\u00edtani.<br \/>\nCernko szerint a bankad\u00f3 tov\u00e1bbi emel\u00e9se megnehez\u00edten\u00e9 a hitelez\u00e9st Ausztri\u00e1ban. Sz\u00e1m\u00edt\u00e1sai szerint a k\u00f6vetkez\u0151 t\u00edz \u00e9vre 6,5 milli\u00e1rd eur\u00f3t tenne ki az osztr\u00e1k bankad\u00f3. Ugyanekkora \u00f6sszegb\u0151l t\u00edz \u00e9v alatt 100 milli\u00e1rd eur\u00f3 hitelt lehetne kihelyezni &#8211; mondta.<br \/>\nA bankvezet\u0151 n\u00e9zete szerint a jelenlegi bankad\u00f3t fokozatosan \u00e1t kellene alak\u00edtani egy banki el\u0151takar\u00e9koss\u00e1gi alapp\u00e1. &#8222;Minden banknak elemi \u00e9rdeke, hogy \u00f3vint\u00e9zked\u00e9seket tegyen&#8221; &#8211; mondta.<br \/>\nElutas\u00edtja a bankad\u00f3 meghosszabb\u00edt\u00e1s\u00e1t az SP\u00d6 koal\u00edci\u00f3s partnere, a konzervat\u00edv Osztr\u00e1k N\u00e9pp\u00e1rt (\u00d6VP) is. G\u00fcnther Stummvoll, a p\u00e1rt p\u00e9nz\u00fcgyi sz\u00f3viv\u0151je v\u00e1laszt\u00e1si man\u0151verk\u00e9nt \u00e9rt\u00e9kelte Faymann szavait, arra utalva, hogy szeptemberben parlamenti v\u00e1laszt\u00e1sokat tartanak Ausztri\u00e1ban. A jelenlegi ellenz\u00e9ki p\u00e1rtok k\u00f6z\u00fcl a jobboldali populista Osztr\u00e1k Szabads\u00e1gp\u00e1rt (FP\u00d6) elutas\u00edtja, a Z\u00f6ldek t\u00e1mogatn\u00e1k Faymann javaslat\u00e1t.<br \/>\nFaymann a Kuriernak azt mondta, v\u00e1rhat\u00f3an 4-7 milli\u00e1rd eur\u00f3 \u00f6sszegben kell az \u00e1llamnak kezess\u00e9get v\u00e1llalnia a Hypo miatt. Az \u00d6VP-s vezet\u00e9s\u0171 p\u00e9nz\u00fcgyminiszt\u00e9rium ezt egyel\u0151re nem er\u0151s\u00edtette meg. (MTI)<\/p>\n","protected":false},"excerpt":{"rendered":"<p>Az osztr\u00e1k banksz\u00f6vets\u00e9g elutas\u00edtja Werner Faymann kancell\u00e1r javaslat\u00e1t, hogy a bankszektor a bankad\u00f3 meghosszabb\u00edt\u00e1sa r\u00e9v\u00e9n j\u00e1ruljon hozz\u00e1 a Hypo Bank megment\u00e9s\u00e9nek k\u00f6lts\u00e9geihez. Err\u0151l Willibald Cernko, a Bank Austria eln\u00f6ke besz\u00e9lt egy h\u00e9tf\u0151i r\u00e1di\u00f3interj\u00faban.<\/p>\n","protected":false},"author":1,"featured_media":0,"comment_status":"open","ping_status":"closed","sticky":false,"template":"","format":"standard","meta":[],"categories":[12],"tags":[],"_links":{"self":[{"href":"https:\/\/gazdasagportal.hu\/index.php\/wp-json\/wp\/v2\/posts\/8918"}],"collection":[{"href":"https:\/\/gazdasagportal.hu\/index.php\/wp-json\/wp\/v2\/posts"}],"about":[{"href":"https:\/\/gazdasagportal.hu\/index.php\/wp-json\/wp\/v2\/types\/post"}],"author":[{"embeddable":true,"href":"https:\/\/gazdasagportal.hu\/index.php\/wp-json\/wp\/v2\/users\/1"}],"replies":[{"embeddable":true,"href":"https:\/\/gazdasagportal.hu\/index.php\/wp-json\/wp\/v2\/comments?post=8918"}],"version-history":[{"count":2,"href":"https:\/\/gazdasagportal.hu\/index.php\/wp-json\/wp\/v2\/posts\/8918\/revisions"}],"predecessor-version":[{"id":8920,"href":"https:\/\/gazdasagportal.hu\/index.php\/wp-json\/wp\/v2\/posts\/8918\/revisions\/8920"}],"wp:attachment":[{"href":"https:\/\/gazdasagportal.hu\/index.php\/wp-json\/wp\/v2\/media?parent=8918"}],"wp:term":[{"taxonomy":"category","embeddable":true,"href":"https:\/\/gazdasagportal.hu\/index.php\/wp-json\/wp\/v2\/categories?post=8918"},{"taxonomy":"post_tag","embeddable":true,"href":"https:\/\/gazdasagportal.hu\/index.php\/wp-json\/wp\/v2\/tags?post=8918"}],"curies":[{"name":"wp","href":"https:\/\/api.w.org\/{rel}","templated":true}]}}