{"id":8903,"date":"2013-05-27T08:10:57","date_gmt":"2013-05-27T06:10:57","guid":{"rendered":"http:\/\/stockportal.hu\/?p=8903"},"modified":"2013-05-27T08:11:45","modified_gmt":"2013-05-27T06:11:45","slug":"keteves-csucson-a-gki-erste-konjunktura-index","status":"publish","type":"post","link":"https:\/\/gazdasagportal.hu\/index.php\/keteves-csucson-a-gki-erste-konjunktura-index\/","title":{"rendered":"K\u00e9t\u00e9ves cs\u00facson a GKI-Erste konjunkt\u00fara-index"},"content":{"rendered":"<p><strong>Az \u00e1prilisi jelent\u0151s roml\u00e1s ut\u00e1n m\u00e1jusban k\u00e9t\u00e9ves cs\u00facs\u00e1ra ugrott a GKI-Erste konjunkt\u00fara-index szezon\u00e1lis hat\u00e1sokt\u00f3l megtiszt\u00edtott \u00e9rt\u00e9ke, s ezzel folytat\u00f3dott a 2012 \u0151sz\u00e9t\u0151l tapasztalhat\u00f3 emelked\u00e9s.<!--more--><\/strong><\/p>\n<p>A GKI Gazdas\u00e1gkutat\u00f3 Zrt. \u00e1ltal, az EU t\u00e1mogat\u00e1s\u00e1val v\u00e9gzett felm\u00e9r\u00e9s szerint az \u00fczleti v\u00e1rakoz\u00e1sok utolj\u00e1ra egy \u00e9vvel ezel\u0151tt, a fogyaszt\u00f3iak t\u00f6bb mint k\u00e9t \u00e9ve voltak ilyen kedvez\u0151ek. Az \u00fczleti bizalmi index az \u00e1prilisi -15,6-r\u00f3l -10,5 pontra v\u00e1ltozott, a fogyaszt\u00f3i bizalmi index a m\u00ednusz 38,9 pontr\u00f3l -34,4 pontra, a GKI-Erste konjunkt\u00faraindex pedig a -21,7 pontr\u00f3l -16,7-re m\u00f3dosult.<br \/>\nAz \u00fczleti szf\u00e9r\u00e1n bel\u00fcl a szolg\u00e1ltat\u00f3 c\u00e9gek kiv\u00e9tel\u00e9vel m\u00e1jusban minden \u00e1gazatban l\u00e1tv\u00e1nyosan javultak a v\u00e1rakoz\u00e1sok. Az iparban az \u00e1prilisi megbicsakl\u00e1s ut\u00e1n most csak a febru\u00e1ri szintre emelkedett a bizalmi index, az \u00e9p\u00edt\u0151iparban azonban t\u00f6bb mint k\u00e9t \u00e9ve, a kereskedelemben t\u00f6bb mint egy \u00e9ve nem volt ilyen kedvez\u0151 az \u00e9rt\u00e9ke.<br \/>\nAz iparban az el\u0151z\u0151 \u00e9s a k\u00f6vetkez\u0151 id\u0151szak termel\u00e9s\u00e9nek valamint a rendel\u00e9s\u00e1llom\u00e1nynak a meg\u00edt\u00e9l\u00e9se is javult, az exportrendel\u00e9sek\u00e9 azonban nem v\u00e1ltozott. Az \u00e9p\u00edt\u0151iparban m\u00e1jusban felgyorsult a pozit\u00edv hangulatv\u00e1ltoz\u00e1s. Az el\u0151z\u0151 h\u00e1rom h\u00f3nap termel\u00e9si sz\u00ednvonal\u00e1nak \u00e9s a rendel\u00e9s\u00e1llom\u00e1nynak a meg\u00edt\u00e9l\u00e9se is sz\u00e1mottev\u0151en javult \u00e1prilishoz k\u00e9pest.<br \/>\nA kereskedelemben az elad\u00e1si poz\u00edci\u00f3 \u00e9s a v\u00e1rhat\u00f3 rendel\u00e9sek meg\u00edt\u00e9l\u00e9se kedvez\u0151bb lett, de a k\u00e9szletszintet kiss\u00e9 emelked\u0151nek \u00e9rezt\u00e9k a v\u00e1laszol\u00f3k. A szolg\u00e1ltat\u00f3i bizalmi index m\u00e1jusban kiss\u00e9 cs\u00f6kkent, ami a forgalmi kil\u00e1t\u00e1sok roml\u00e1sa miatt k\u00f6vetkezett be. Az \u00e1ltal\u00e1nos \u00fczletmenetr\u0151l \u00e9s az elm\u00falt id\u0151szak forgalm\u00e1r\u00f3l alkotott v\u00e9lem\u00e9ny viszont jobb lett.<br \/>\nA foglalkoztat\u00e1si sz\u00e1nd\u00e9k az iparban az \u00e1prilisi hatalmas zuhan\u00e1s ut\u00e1n l\u00e1tv\u00e1nyosan javult. F\u0151leg az elbocs\u00e1t\u00e1st tervez\u0151k ar\u00e1nya esett, s \u00edgy ar\u00e1nyuk m\u00e1r minim\u00e1lisan, de elmarad a b\u0151v\u00edt\u00e9st tervez\u0151k\u00e9t\u0151l. Jelent\u0151s a v\u00e1ltoz\u00e1s az \u00e9p\u00edt\u0151iparban is, itt azonban m\u00e9g a l\u00e9tsz\u00e1mcs\u00f6kkent\u0151k vannak t\u00f6bbs\u00e9gben. A kereskedelmi \u00e9s a szolg\u00e1ltat\u00f3 c\u00e9gek foglalkoztat\u00e1si hajland\u00f3s\u00e1ga viszont rosszabb lett. Valamelyest enyh\u00fclt a lakoss\u00e1g munkan\u00e9lk\u00fclis\u00e9gt\u0151l val\u00f3 f\u00e9lelme.<br \/>\nM\u00e1jusban az \u00e9p\u00edt\u0151ipar ut\u00e1n az iparban \u00e9s a szolg\u00e1ltat\u00f3 szektorban is az \u00e1rcs\u00f6kkent\u00e9si v\u00e1rakoz\u00e1sok ker\u00fcltek t\u00fals\u00falyba. Visszafogottabb lett az \u00e1remel\u00e9si t\u00f6rekv\u00e9s a kereskedelemben is, s \u00e9rezhet\u0151en m\u00e9rs\u00e9kl\u0151d\u00f6tt a fogyaszt\u00f3k infl\u00e1ci\u00f3s v\u00e1rakoz\u00e1sa. A magyar gazdas\u00e1g kil\u00e1t\u00e1sainak meg\u00edt\u00e9l\u00e9se minden \u00e1gazatban \u00e9s a lakoss\u00e1g k\u00f6r\u00e9ben is jelent\u0151sen javult, de tov\u00e1bbra is a roml\u00e1sra sz\u00e1m\u00edt\u00f3k vannak t\u00f6bbs\u00e9gben.<br \/>\nA fogyaszt\u00f3i bizalmi index az \u00e1prilisi kisikl\u00e1st\u00f3l eltekintve \u0151sz \u00f3ta szinte t\u00f6retlen\u00fcl emelkedik. A lakoss\u00e1g saj\u00e1t p\u00e9nz\u00fcgyi helyzet\u00e9nek k\u00f6vetkez\u0151 egy \u00e9v\u00e9t, a nagy \u00e9rt\u00e9k\u0171 tart\u00f3s fogyaszt\u00e1si cikkek megv\u00e1s\u00e1rl\u00e1s\u00e1nak \u00e9s a megtakar\u00edt\u00e1snak a lehet\u0151s\u00e9g\u00e9t is jobbnak \u00e9rzi, mint az el\u0151z\u0151 h\u00f3napban. (MTI)<\/p>\n","protected":false},"excerpt":{"rendered":"<p>Az \u00e1prilisi jelent\u0151s roml\u00e1s ut\u00e1n m\u00e1jusban k\u00e9t\u00e9ves cs\u00facs\u00e1ra ugrott a GKI-Erste konjunkt\u00fara-index szezon\u00e1lis hat\u00e1sokt\u00f3l megtiszt\u00edtott \u00e9rt\u00e9ke, s ezzel folytat\u00f3dott a 2012 \u0151sz\u00e9t\u0151l tapasztalhat\u00f3 emelked\u00e9s.<\/p>\n","protected":false},"author":1,"featured_media":0,"comment_status":"open","ping_status":"closed","sticky":false,"template":"","format":"standard","meta":[],"categories":[19],"tags":[],"_links":{"self":[{"href":"https:\/\/gazdasagportal.hu\/index.php\/wp-json\/wp\/v2\/posts\/8903"}],"collection":[{"href":"https:\/\/gazdasagportal.hu\/index.php\/wp-json\/wp\/v2\/posts"}],"about":[{"href":"https:\/\/gazdasagportal.hu\/index.php\/wp-json\/wp\/v2\/types\/post"}],"author":[{"embeddable":true,"href":"https:\/\/gazdasagportal.hu\/index.php\/wp-json\/wp\/v2\/users\/1"}],"replies":[{"embeddable":true,"href":"https:\/\/gazdasagportal.hu\/index.php\/wp-json\/wp\/v2\/comments?post=8903"}],"version-history":[{"count":3,"href":"https:\/\/gazdasagportal.hu\/index.php\/wp-json\/wp\/v2\/posts\/8903\/revisions"}],"predecessor-version":[{"id":8905,"href":"https:\/\/gazdasagportal.hu\/index.php\/wp-json\/wp\/v2\/posts\/8903\/revisions\/8905"}],"wp:attachment":[{"href":"https:\/\/gazdasagportal.hu\/index.php\/wp-json\/wp\/v2\/media?parent=8903"}],"wp:term":[{"taxonomy":"category","embeddable":true,"href":"https:\/\/gazdasagportal.hu\/index.php\/wp-json\/wp\/v2\/categories?post=8903"},{"taxonomy":"post_tag","embeddable":true,"href":"https:\/\/gazdasagportal.hu\/index.php\/wp-json\/wp\/v2\/tags?post=8903"}],"curies":[{"name":"wp","href":"https:\/\/api.w.org\/{rel}","templated":true}]}}