{"id":890,"date":"2013-01-23T20:55:38","date_gmt":"2013-01-23T19:55:38","guid":{"rendered":"http:\/\/stockportal.hu\/?p=890"},"modified":"2013-01-23T20:55:38","modified_gmt":"2013-01-23T19:55:38","slug":"navracsics-2018-ban-nem-kizart-a-valasztasi-regisztracio","status":"publish","type":"post","link":"https:\/\/gazdasagportal.hu\/index.php\/navracsics-2018-ban-nem-kizart-a-valasztasi-regisztracio\/","title":{"rendered":"Navracsics: 2018-ban nem kiz\u00e1rt a v\u00e1laszt\u00e1si regisztr\u00e1ci\u00f3"},"content":{"rendered":"<p><strong>Navracsics Tibor szerint az \u00e1llami n\u00e9pess\u00e9gnyilv\u00e1ntart\u00f3 rendszer m\u00e1ra elvesztette egy\u00e9rtelm\u0171s\u00e9g\u00e9t, frissess\u00e9g\u00e9t, ez\u00e9rt nem z\u00e1rhat\u00f3 ki, hogy a 2018-as orsz\u00e1ggy\u0171l\u00e9si voksol\u00e1sra ism\u00e9t felmer\u00fcl a v\u00e1laszt\u00e1si regisztr\u00e1ci\u00f3 gondolata.<!--more--><\/strong><\/p>\n<p>A minisztereln\u00f6k-helyettes, k\u00f6zigazgat\u00e1si \u00e9s igazs\u00e1g\u00fcgyi miniszter err\u0151l az Infor\u00e1di\u00f3 Ar\u00e9na c\u00edm\u0171 m\u0171sor\u00e1ban besz\u00e9lt szerd\u00e1n, hangs\u00falyozva ugyanakkor, hogy a regisztr\u00e1ci\u00f3 k\u00e9rd\u00e9s\u00e9ben egyel\u0151re nem foglaltak el v\u00e9gleges \u00e1ll\u00e1spontot a korm\u00e1nyp\u00e1rtok. \u00a0\u00a0\u00a0\u00a0A t\u00e1rcavezet\u0151 eml\u00e9keztetett, j\u00f6v\u0151re biztosan nem lesz regisztr\u00e1ci\u00f3, azt azonban nem z\u00e1rta ki, hogy n\u00e9gy \u00e9vvel k\u00e9s\u0151bb valamilyen form\u00e1ban bevezess\u00e9k azt. Az \u00e1llami n\u00e9pess\u00e9gnyilv\u00e1ntart\u00e1s jelenleg nehezen \u00e1ttekinthet\u0151, a val\u00f3s\u00e1gt\u00f3l elt\u00e9r\u0151 adatok megad\u00e1s\u00e1t pedig nem szankcion\u00e1lj\u00e1k &#8211; fejtette ki Navracsics Tibor, aki szerint mindez lehet\u0151v\u00e9 teszi a politikai indokb\u00f3l t\u00f6rt\u00e9n\u0151 \u00e1tjelentkez\u00e9seket a &#8222;billeg\u0151&#8221; ker\u00fcletekben. Mint mondta, ha fennmarad a regisztr\u00e1ci\u00f3 gondolata, akkor a k\u00f6vetkez\u0151 \u00f6t \u00e9v elegend\u0151 lehet a vit\u00e1ra alkalmat ad\u00f3 alkotm\u00e1nyoss\u00e1gi \u00e9s belpolitikai k\u00e9rd\u00e9sek tiszt\u00e1z\u00e1s\u00e1ra, amennyiben pedig ez m\u00e9gsem lehets\u00e9ges, akkor v\u00e9gleg el kell k\u00f6sz\u00f6nni ett\u0151l az \u00f6tlett\u0151l.<br \/>\nNavracsis Tibor a 2010-ben indult szakpolitikai reformokr\u00f3l, \u00edgy p\u00e9ld\u00e1ul a k\u00f6z- \u00e9s fels\u0151oktat\u00e1s \u00e1talak\u00edt\u00e1s\u00e1r\u00f3l azt mondta, az err\u0151l kialakult konfliktusok azt jelzik, hogy v\u00e9gre t\u00f6rt\u00e9nt valami. A ter\u00fclet\u00e9t \u00e9rint\u0151 v\u00e1ltoztat\u00e1sok k\u00f6z\u00fcl kiemelte a j\u00e1r\u00e1si rendszer kialak\u00edt\u00e1s\u00e1t, amelyen elmond\u00e1sa alapj\u00e1n m\u00e9g rengeteget kell hangolni, hogy v\u00e9gleges\u00edts\u00e9k: mi marad az \u00e1llami feladatokat \u00e1tvev\u0151 j\u00e1r\u00e1sok hat\u00e1sk\u00f6r\u00e9ben \u00e9s mivel foglalkozhatnak a j\u00f6v\u0151ben az \u00f6nkorm\u00e1nyzatok. \u00a0\u00a0\u00a0\u00a0Navracsics Tibor sz\u00f3lt arr\u00f3l is, hogy egyre \u00e9lesed\u0151, hossz\u00fa v\u00e1laszt\u00e1si kamp\u00e1nyra sz\u00e1m\u00edt, a t\u00f6rv\u00e9nyalkot\u00e1s tavaszi szakasz\u00e1ban pedig az \u00faj polg\u00e1ri t\u00f6rv\u00e9nyk\u00f6nyv (Ptk.) \u00e9s a f\u00f6ldt\u00f6rv\u00e9ny elfogad\u00e1sa ker\u00fclhet a k\u00f6z\u00e9ppontba. (MTI)<\/p>\n","protected":false},"excerpt":{"rendered":"<p>Navracsics Tibor szerint az \u00e1llami n\u00e9pess\u00e9gnyilv\u00e1ntart\u00f3 rendszer m\u00e1ra elvesztette egy\u00e9rtelm\u0171s\u00e9g\u00e9t, frissess\u00e9g\u00e9t, ez\u00e9rt nem z\u00e1rhat\u00f3 ki, hogy a 2018-as orsz\u00e1ggy\u0171l\u00e9si voksol\u00e1sra ism\u00e9t felmer\u00fcl a v\u00e1laszt\u00e1si regisztr\u00e1ci\u00f3 gondolata.<\/p>\n","protected":false},"author":1,"featured_media":0,"comment_status":"closed","ping_status":"closed","sticky":false,"template":"","format":"standard","meta":[],"categories":[18],"tags":[],"_links":{"self":[{"href":"https:\/\/gazdasagportal.hu\/index.php\/wp-json\/wp\/v2\/posts\/890"}],"collection":[{"href":"https:\/\/gazdasagportal.hu\/index.php\/wp-json\/wp\/v2\/posts"}],"about":[{"href":"https:\/\/gazdasagportal.hu\/index.php\/wp-json\/wp\/v2\/types\/post"}],"author":[{"embeddable":true,"href":"https:\/\/gazdasagportal.hu\/index.php\/wp-json\/wp\/v2\/users\/1"}],"replies":[{"embeddable":true,"href":"https:\/\/gazdasagportal.hu\/index.php\/wp-json\/wp\/v2\/comments?post=890"}],"version-history":[{"count":2,"href":"https:\/\/gazdasagportal.hu\/index.php\/wp-json\/wp\/v2\/posts\/890\/revisions"}],"predecessor-version":[{"id":892,"href":"https:\/\/gazdasagportal.hu\/index.php\/wp-json\/wp\/v2\/posts\/890\/revisions\/892"}],"wp:attachment":[{"href":"https:\/\/gazdasagportal.hu\/index.php\/wp-json\/wp\/v2\/media?parent=890"}],"wp:term":[{"taxonomy":"category","embeddable":true,"href":"https:\/\/gazdasagportal.hu\/index.php\/wp-json\/wp\/v2\/categories?post=890"},{"taxonomy":"post_tag","embeddable":true,"href":"https:\/\/gazdasagportal.hu\/index.php\/wp-json\/wp\/v2\/tags?post=890"}],"curies":[{"name":"wp","href":"https:\/\/api.w.org\/{rel}","templated":true}]}}