{"id":8897,"date":"2013-05-26T21:54:52","date_gmt":"2013-05-26T19:54:52","guid":{"rendered":"http:\/\/stockportal.hu\/?p=8897"},"modified":"2013-05-26T21:54:52","modified_gmt":"2013-05-26T19:54:52","slug":"e-utdij-viszonteladoja-is-lesz-az-egyetemes-utdijszolgaltatonak","status":"publish","type":"post","link":"https:\/\/gazdasagportal.hu\/index.php\/e-utdij-viszonteladoja-is-lesz-az-egyetemes-utdijszolgaltatonak\/","title":{"rendered":"E-\u00fatd\u00edj &#8211; Viszontelad\u00f3ja is lesz az egyetemes \u00fatd\u00edjszolg\u00e1ltat\u00f3nak"},"content":{"rendered":"<p><strong>Viszontelad\u00f3t is ig\u00e9nybe vehet majd az egyetemes \u00fatd\u00edjszolg\u00e1ltat\u00f3 a megtett \u00fattal ar\u00e1nyos d\u00edjr\u00f3l (e-\u00fatd\u00edj) sz\u00f3l\u00f3 t\u00f6rv\u00e9nyjavaslathoz beny\u00fajtott z\u00e1r\u00f3szavaz\u00e1s el\u0151tti m\u00f3dos\u00edt\u00f3 javaslat alapj\u00e1n.<!--more--><\/strong><\/p>\n<p>Az egyetemes \u00fatd\u00edjszolg\u00e1ltat\u00f3, aki valamennyi e-\u00fatd\u00edj fizet\u00e9sre k\u00f6telezett sz\u00e1m\u00e1ra k\u00f6teles biztos\u00edtani az \u00fathaszn\u00e1lati jogosults\u00e1g megszerz\u00e9s\u00e9nek lehet\u0151s\u00e9g\u00e9t, viszontelad\u00f3t is ig\u00e9nybe vehet. Egyebek mellett ezt tartalmazza N\u00e9meth L\u00e1szl\u00f3n\u00e9 nemzeti fejleszt\u00e9si miniszter m\u00f3dos\u00edt\u00f3 javaslata, amely vas\u00e1rnap ker\u00fclt fel az Orsz\u00e1ggy\u0171l\u00e9s honlapj\u00e1ra.<br \/>\nA m\u00f3dos\u00edt\u00f3 csomag szerint az egyetemes \u00fatd\u00edjszolg\u00e1ltat\u00f3 \u00e1tal\u00e1ny k\u00f6lts\u00e9gt\u00e9r\u00edt\u00e9st fizet alv\u00e1llalkoz\u00f3inak. Ennek nagys\u00e1g\u00e1t majd rendelet hat\u00e1rozza meg. \u00a0\u00a0\u00a0\u00a0Arr\u00f3l is rendelkezne az ind\u00edtv\u00e1ny, hogy mi t\u00f6rt\u00e9nik akkor, ha elromlik a j\u00e1rm\u0171ben a fed\u00e9lzeti eszk\u00f6z, amely gy\u0171jti \u00e9s tov\u00e1bb\u00edtja a d\u00edjfizet\u00e9shez sz\u00fcks\u00e9ges adatokat. Ebben az esetben csak viszonylati jegy v\u00e1lt\u00e1s\u00e1val haladhat a j\u00e1rm\u0171 jogszer\u0171en az \u00faton. \u00a0\u00a0\u00a0\u00a0Az \u00fatd\u00edjt\u00f6rv\u00e9ny \u00e9rinti a k\u00f6z\u00fati k\u00f6zleked\u00e9sr\u0151l sz\u00f3l\u00f3 jogszab\u00e1ly rekl\u00e1mt\u00e1bl\u00e1kra vonatkoz\u00f3 passzus\u00e1t is. Az \u00e1ltal\u00e1nos tilt\u00e1s \u00edgy sz\u00f3l: g\u00e9pj\u00e1rm\u0171vek k\u00f6zleked\u00e9s\u00e9re szolg\u00e1l\u00f3 k\u00f6z\u00fat lakott t\u00e9r\u00fcleten k\u00edv\u00fcli szakasza mellett nem lehet rekl\u00e1mt\u00e1bla, rekl\u00e1mhordoz\u00f3 vagy egy\u00e9b rekl\u00e1mc\u00e9l\u00fa berendez\u00e9s. Ezt el\u0151bb \u00fagy oldotta fel egy m\u00f3dos\u00edt\u00e1s, hogy a 2010. december 31-ig \u00e9p\u00edt\u00e9si enged\u00e9llyel, k\u00f6z\u00fatkezel\u0151i hozz\u00e1j\u00e1rul\u00e1ssal, a nem gyorsforgalmi utak ment\u00e9n kihelyezett legfeljebb 12 A\/0-\u00e1s \u00edv m\u00e9ret\u0171 (12 n\u00e9gyzetm\u00e9teres) rekl\u00e1mfel\u00fclet elhelyez\u00e9s\u00e9re alkalmas t\u00e1bla 2015. janu\u00e1r 1-ig kiv\u00e9telesen fenntarthat\u00f3. A miniszter javaslata voszont korl\u00e1tlan ideig fenntarthat\u00f3v\u00e1 teszi ezeket a t\u00e1bl\u00e1kat.<br \/>\nAz aut\u00f3p\u00e1ly\u00e1k, aut\u00f3utak \u00e9s f\u0151utak haszn\u00e1lat\u00e1\u00e9rt fizetend\u0151, megtett \u00fattal ar\u00e1nyos d\u00edjr\u00f3l sz\u00f3l\u00f3 el\u0151terjeszt\u00e9sr\u0151l a tervek szerint h\u00e9tf\u0151n hat\u00e1roz az Orsz\u00e1ggy\u0171l\u00e9s.(MTI)<\/p>\n","protected":false},"excerpt":{"rendered":"<p>Viszontelad\u00f3t is ig\u00e9nybe vehet majd az egyetemes \u00fatd\u00edjszolg\u00e1ltat\u00f3 a megtett \u00fattal ar\u00e1nyos d\u00edjr\u00f3l (e-\u00fatd\u00edj) sz\u00f3l\u00f3 t\u00f6rv\u00e9nyjavaslathoz beny\u00fajtott z\u00e1r\u00f3szavaz\u00e1s el\u0151tti m\u00f3dos\u00edt\u00f3 javaslat alapj\u00e1n.<\/p>\n","protected":false},"author":1,"featured_media":0,"comment_status":"open","ping_status":"closed","sticky":false,"template":"","format":"standard","meta":[],"categories":[19],"tags":[],"_links":{"self":[{"href":"https:\/\/gazdasagportal.hu\/index.php\/wp-json\/wp\/v2\/posts\/8897"}],"collection":[{"href":"https:\/\/gazdasagportal.hu\/index.php\/wp-json\/wp\/v2\/posts"}],"about":[{"href":"https:\/\/gazdasagportal.hu\/index.php\/wp-json\/wp\/v2\/types\/post"}],"author":[{"embeddable":true,"href":"https:\/\/gazdasagportal.hu\/index.php\/wp-json\/wp\/v2\/users\/1"}],"replies":[{"embeddable":true,"href":"https:\/\/gazdasagportal.hu\/index.php\/wp-json\/wp\/v2\/comments?post=8897"}],"version-history":[{"count":2,"href":"https:\/\/gazdasagportal.hu\/index.php\/wp-json\/wp\/v2\/posts\/8897\/revisions"}],"predecessor-version":[{"id":8899,"href":"https:\/\/gazdasagportal.hu\/index.php\/wp-json\/wp\/v2\/posts\/8897\/revisions\/8899"}],"wp:attachment":[{"href":"https:\/\/gazdasagportal.hu\/index.php\/wp-json\/wp\/v2\/media?parent=8897"}],"wp:term":[{"taxonomy":"category","embeddable":true,"href":"https:\/\/gazdasagportal.hu\/index.php\/wp-json\/wp\/v2\/categories?post=8897"},{"taxonomy":"post_tag","embeddable":true,"href":"https:\/\/gazdasagportal.hu\/index.php\/wp-json\/wp\/v2\/tags?post=8897"}],"curies":[{"name":"wp","href":"https:\/\/api.w.org\/{rel}","templated":true}]}}