{"id":88961,"date":"2017-01-14T08:01:06","date_gmt":"2017-01-14T07:01:06","guid":{"rendered":"http:\/\/gazdasagportal.hu\/?p=88961"},"modified":"2017-01-13T21:03:37","modified_gmt":"2017-01-13T20:03:37","slug":"horvat-miniszterelnok-az-ina-reszvenyek-visszavasarlasa-utan-uj-strategiai-partnert-kereshet-zagrab","status":"publish","type":"post","link":"https:\/\/gazdasagportal.hu\/index.php\/horvat-miniszterelnok-az-ina-reszvenyek-visszavasarlasa-utan-uj-strategiai-partnert-kereshet-zagrab\/","title":{"rendered":"Horv\u00e1t minisztereln\u00f6k: az INA r\u00e9szv\u00e9nyek visszav\u00e1s\u00e1rl\u00e1sa ut\u00e1n \u00faj strat\u00e9giai partnert kereshet Z\u00e1gr\u00e1b"},"content":{"rendered":"<p><strong>Miut\u00e1n visszav\u00e1s\u00e1rolja Horv\u00e1torsz\u00e1g az INA horv\u00e1t olajv\u00e1llalat r\u00e9szesed\u00e9s\u00e9t a Mol Nyrt.-t\u0151l, nyitott lesz \u00faj befektet\u0151k \u00e9s strat\u00e9giai partnerek bevon\u00e1s\u00e1ra a c\u00e9gbe &#8211; mondta Andrej Plenkovic horv\u00e1t korm\u00e1nyf\u0151 p\u00e9nteken a k\u00f6zszolg\u00e1lati telev\u00edzi\u00f3 esti h\u00edrad\u00f3j\u00e1nak adott interj\u00faj\u00e1ban.<\/strong><!--more--><\/p>\n<div class=\"ads-in-post1\"><div id=\"gazdasagportal.hu_fullbanner_wideboard\"><\/div>\r\n<\/div>\n<p>    Hozz\u00e1tette: ezt azonban a jelenlegi partners\u00e9gt\u0151l elt\u00e9r\u0151 felt\u00e9telrendszerrel teszik majd, &#8222;nem olyannal, mint a mostani&#8221;.<br \/>\n    A korm\u00e1nyf\u0151 meggy\u0151z\u0151d\u00e9s\u00e9nek adott hangot, hogy az INA-nak kutat\u00e1ssal, termel\u00e9ssel \u00e9s \u00e9r\u00e9kes\u00edt\u00e9ssel is foglalkoznia kell, olyan m\u00f3don kell m\u0171k\u00f6dnie, ami j\u00f3 Horv\u00e1torsz\u00e1gnak \u00e9s a k\u00f6rnyez\u0151 d\u00e9lkelet eur\u00f3pai piacnak.<br \/>\n    Plenkovic arr\u00f3l is besz\u00e9lt, hogy a horv\u00e1t korm\u00e1ny Washingtonban, a Beruh\u00e1z\u00e1si Vit\u00e1k Rendez\u00e9s\u00e9nek Nemzetk\u00f6zi K\u00f6zpontj\u00e1ban megpr\u00f3b\u00e1lja vitatni a genfi Nemzetk\u00f6zi Kereskedelmi Jogi Bizotts\u00e1g (UNCITRAL) Ivo Sanader volt korm\u00e1nyf\u0151 korrupci\u00f3s \u00fcgy\u00e9ben hozott d\u00f6nt\u00e9s\u00e9t \u00e9s Z\u00e1gr\u00e1bra n\u00e9zve kedvez\u0151tlen hat\u00e1rozat\u00e1t.<br \/>\n    A horv\u00e1t korm\u00e1ny m\u00e9g 2014 elej\u00e9n fordult nemzetk\u00f6zi d\u00f6nt\u0151b\u00edr\u00f3s\u00e1ghoz. A horv\u00e1t \u00e1ll\u00e1spont szerint a Mol korrupci\u00f3 r\u00e9v\u00e9n szerezte meg az INA ir\u00e1ny\u00edt\u00e1s\u00e1t, elmaradtak a r\u00e9szv\u00e9nyesi szerz\u0151d\u00e9sben v\u00e1llalt, a horv\u00e1t olajfinom\u00edt\u00f3kban eszk\u00f6zlend\u0151 Mol-befektet\u00e9sek, \u00e9s a magyar befektet\u0151 megs\u00e9rtette a kereskedelmi t\u00e1rsas\u00e1gokra vonatkoz\u00f3 horv\u00e1t t\u00f6rv\u00e9nyeket. A genfi d\u00f6nt\u0151b\u00edr\u00f3s\u00e1g Horv\u00e1torsz\u00e1gnak a veszteget\u00e9sre, a t\u00e1rsas\u00e1gir\u00e1ny\u00edt\u00e1sra, valamint a 2003-as r\u00e9szv\u00e9nyesi meg\u00e1llapod\u00e1s \u00e1ll\u00edt\u00f3lagos megszeg\u00e9s\u00e9re vonatkoz\u00f3 valamennyi k\u00e9relm\u00e9t elutas\u00edtotta.<br \/>\n    A d\u00f6nt\u0151b\u00edr\u00f3s\u00e1gi hat\u00e1rozat ut\u00e1n Plenkovic december 24-\u00e9n rendk\u00edv\u00fcli sajt\u00f3t\u00e1j\u00e9koztat\u00f3n jelentette be, hogy a horv\u00e1t \u00e1llam kiv\u00e1s\u00e1rolja a Mol Nyrt. r\u00e9szesed\u00e9s\u00e9t az INA-b\u00f3l.<br \/>\n    Az INA 49,08 sz\u00e1zal\u00e9ka a Mol\u00e9, \u00e9s a magyar olajt\u00e1rsas\u00e1g rendelkezik az ir\u00e1ny\u00edt\u00f3i jogokkal is a t\u00e1rsas\u00e1gban. A c\u00e9g 44,84 sz\u00e1zal\u00e9ka a horv\u00e1t \u00e1llam\u00e9.(MTI)<\/p>\n","protected":false},"excerpt":{"rendered":"<p>Miut\u00e1n visszav\u00e1s\u00e1rolja Horv\u00e1torsz\u00e1g az INA horv\u00e1t olajv\u00e1llalat r\u00e9szesed\u00e9s\u00e9t a Mol Nyrt.-t\u0151l, nyitott lesz \u00faj befektet\u0151k \u00e9s strat\u00e9giai partnerek bevon\u00e1s\u00e1ra a c\u00e9gbe &#8211; mondta Andrej Plenkovic horv\u00e1t korm\u00e1nyf\u0151 p\u00e9nteken a k\u00f6zszolg\u00e1lati telev\u00edzi\u00f3 esti h\u00edrad\u00f3j\u00e1nak adott interj\u00faj\u00e1ban.<\/p>\n","protected":false},"author":1,"featured_media":0,"comment_status":"open","ping_status":"closed","sticky":false,"template":"","format":"standard","meta":[],"categories":[8,7],"tags":[],"_links":{"self":[{"href":"https:\/\/gazdasagportal.hu\/index.php\/wp-json\/wp\/v2\/posts\/88961"}],"collection":[{"href":"https:\/\/gazdasagportal.hu\/index.php\/wp-json\/wp\/v2\/posts"}],"about":[{"href":"https:\/\/gazdasagportal.hu\/index.php\/wp-json\/wp\/v2\/types\/post"}],"author":[{"embeddable":true,"href":"https:\/\/gazdasagportal.hu\/index.php\/wp-json\/wp\/v2\/users\/1"}],"replies":[{"embeddable":true,"href":"https:\/\/gazdasagportal.hu\/index.php\/wp-json\/wp\/v2\/comments?post=88961"}],"version-history":[{"count":1,"href":"https:\/\/gazdasagportal.hu\/index.php\/wp-json\/wp\/v2\/posts\/88961\/revisions"}],"predecessor-version":[{"id":88962,"href":"https:\/\/gazdasagportal.hu\/index.php\/wp-json\/wp\/v2\/posts\/88961\/revisions\/88962"}],"wp:attachment":[{"href":"https:\/\/gazdasagportal.hu\/index.php\/wp-json\/wp\/v2\/media?parent=88961"}],"wp:term":[{"taxonomy":"category","embeddable":true,"href":"https:\/\/gazdasagportal.hu\/index.php\/wp-json\/wp\/v2\/categories?post=88961"},{"taxonomy":"post_tag","embeddable":true,"href":"https:\/\/gazdasagportal.hu\/index.php\/wp-json\/wp\/v2\/tags?post=88961"}],"curies":[{"name":"wp","href":"https:\/\/api.w.org\/{rel}","templated":true}]}}