{"id":8889,"date":"2013-05-26T17:45:30","date_gmt":"2013-05-26T15:45:30","guid":{"rendered":"http:\/\/stockportal.hu\/?p=8889"},"modified":"2013-05-26T17:45:48","modified_gmt":"2013-05-26T15:45:48","slug":"hajdu-bet-egyutt-pm-figyelemelteresre-hasznalja-a-fidesz-a-karosultakat","status":"publish","type":"post","link":"https:\/\/gazdasagportal.hu\/index.php\/hajdu-bet-egyutt-pm-figyelemelteresre-hasznalja-a-fidesz-a-karosultakat\/","title":{"rendered":"Hajd\u00fa-B\u00e9t &#8211; Egy\u00fctt-PM: figyelemelt\u00e9r\u00e9sre haszn\u00e1lja a Fidesz a k\u00e1rosultakat"},"content":{"rendered":"<p><strong>Az Egy\u00fctt 2014-P\u00e1rbesz\u00e9d Magyarorsz\u00e1g\u00e9rt (PM) v\u00e1laszt\u00e1si sz\u00f6vets\u00e9g szerint a Fidesz &#8222;t\u00faszul ejtette&#8221; a Hajd\u00fa-B\u00e9t \u00fcgyet az\u00e9rt, hogy Bajnai Gordont, az ellenz\u00e9ki sz\u00f6vets\u00e9g vezet\u0151j\u00e9t lej\u00e1ratva terelje el a figyelmet a &#8222;trafikmutyir\u00f3l&#8221;, \u00e9s ehhez a korm\u00e1nyp\u00e1rt az egykori c\u00e9g k\u00e1rosultjait is eszk\u00f6zk\u00e9nt haszn\u00e1lja fel.<!--more--><\/strong><\/p>\n<p>A Egy\u00fctt-PM sz\u00f6vets\u00e9g az MTI-nek k\u00fcld\u00f6tt szombati k\u00f6zlem\u00e9ny\u00e9ben Selmeczi Gabriell\u00e1nak, a Fidesz sz\u00f3viv\u0151j\u00e9nek kijelent\u00e9sre \u00fagy reag\u00e1lt: &#8222;a Fidesz az\u00e9rt t\u00e1mad a Hajd\u00fa-B\u00e9t \u00fcggyel, mert a trafikmutyi v\u00e9dhetetlen&#8221;. K\u00f6zl\u00e9s\u00fck szerint Bajnai Gordonnak &#8222;nincs se titkolni-, se sz\u00e9gyellnival\u00f3ja a Hajd\u00fa-B\u00e9t \u00fcgyben&#8221;.<br \/>\nA nagyobbik korm\u00e1nyp\u00e1rt sz\u00f3viv\u0151je a nap folyam\u00e1n tartott sajt\u00f3t\u00e1j\u00e9koztat\u00f3j\u00e1n azt k\u00f6vetelte Bajnai Gordon volt minisztereln\u00f6kt\u0151l, adjon v\u00e1laszt arra, hogy mit tartalmaznak a Karsai J\u00f3zsef kor\u00e1bbi szocialista orsz\u00e1ggy\u0171l\u00e9si k\u00e9pvisel\u0151 \u00e1ltal emlegetett titkos Hajd\u00fa-B\u00e9t-dosszi\u00e9k. Selmeczi Gabriella azt mondta: Karsai J\u00f3zsef szerint l\u00e9teznek titkos Hajd\u00fa-B\u00e9t-dosszi\u00e9k, amelyekr\u0151l Bajnai Gordon is tudott, \u00e1m a battonyai polg\u00e1rmester nem fedte fel a t\u00edz \u00e9ve becs\u0151d\u00f6lt baromfifeldolgoz\u00f3val kapcsolatos akt\u00e1k tartalm\u00e1t, azt \u00e1ll\u00edtotta, hogy a c\u00e9g cs\u0151dj\u00e9nek \u00fcgy\u00e9ben elhallgattatt\u00e1k, amikor pedig megpr\u00f3b\u00e1lt seg\u00edts\u00e9get k\u00e9rni a libateny\u00e9szt\u0151knek a Gyurcs\u00e1ny-korm\u00e1nyt\u00f3l, megfenyegett\u00e9k.<br \/>\nA korm\u00e1nyp\u00e1rt sz\u00f3viv\u0151j\u00e9nek kijelent\u00e9sre reag\u00e1lva a volt korm\u00e1nyf\u0151 \u00e1ltal vezetett v\u00e1laszt\u00e1si sz\u00f6vets\u00e9g k\u00f6zlem\u00e9ny\u00e9ben azt \u00edrta: &#8222;a rezsim csak akkor kezdte el kihaszn\u00e1lni a Hajd\u00fa-B\u00e9t k\u00e1rosultakat, amikor Bajnai Gordon v\u00e1ls\u00e1gkezel\u0151 minisztereln\u00f6k visszat\u00e9rt a politik\u00e1ba. Nem a Hajd\u00fa-B\u00e9t \u00fcgy akt\u00e1i titkosak, hanem a trafikmutyi piszkos r\u00e9szletei&#8221;.<br \/>\nMegjegyezt\u00e9k: Bajnai Gordon a Wallis vezet\u0151jek\u00e9nt k\u00f6zvetlen\u00fcl nem vett r\u00e9szt a Hajd\u00fa-B\u00e9t ir\u00e1ny\u00edt\u00e1s\u00e1ban, \u00fczletpolitik\u00e1j\u00e1nak alak\u00edt\u00e1s\u00e1ban, \u00edgy soha nem volt a Hajd\u00fa-B\u00e9t vezet\u0151je, vagy igazgat\u00f3s\u00e1gi tagja, a c\u00e9g cs\u0151dj\u00e9\u00e9rt nem felel\u0151s, a gazd\u00e1k k\u00e1renyh\u00edt\u00e9s\u00e9\u00e9rt szem\u00e9lyesen j\u00e1rt el. Tudatt\u00e1k: a &#8222;politikai h\u00e1ts\u00f3 sz\u00e1nd\u00e9kb\u00f3l elk\u00f6vetett hazugs\u00e1g\u00e9rt&#8221; Bajnai Gordon jogi \u00faton vesz el\u00e9gt\u00e9telt.<br \/>\nA debreceni k\u00f6zpont\u00fa Hajd\u00fa-B\u00e9t egykor Magyarorsz\u00e1g egyik legnagyobb baromfifeldolgoz\u00f3ja volt, a baromfiterm\u00e9kek el\u0151\u00e1ll\u00edt\u00e1s\u00e1ban pedig eur\u00f3pai \u00f6sszehasonl\u00edt\u00e1sban is az egyik legjelent\u0151sebb kapacit\u00e1ssal rendelkezett. El\u0151bb 1998-ban, az orosz v\u00e1ls\u00e1g miatt ker\u00fclt a c\u00e9g a cs\u0151d sz\u00e9l\u00e9re, ekkor sz\u00e1llt be tulajdonosk\u00e9nt a Wallis, amely 1999-ben t\u00f6bbs\u00e9gi tulajdonos lett. A Hajd\u00fa-B\u00e9t m\u00e9rleg\u00e9t 2001-ben ism\u00e9t siker\u00fclt eredm\u00e9nyess\u00e9 tenni. A 2003-ban kialakult, legf\u0151k\u00e9pp a baromfipiac szerepl\u0151it s\u00fajt\u00f3 v\u00e1ls\u00e1g azonban k\u00fcl\u00f6n\u00f6sen s\u00falyosan \u00e9rintette a v\u00e1llalatot. A c\u00e9g nem tudott fizetni a besz\u00e1ll\u00edt\u00f3knak, \u00e9s \u00f6nmaga ellen k\u00e9rt felsz\u00e1mol\u00e1st. (MTI)<\/p>\n","protected":false},"excerpt":{"rendered":"<p>Az Egy\u00fctt 2014-P\u00e1rbesz\u00e9d Magyarorsz\u00e1g\u00e9rt (PM) v\u00e1laszt\u00e1si sz\u00f6vets\u00e9g szerint a Fidesz &#8222;t\u00faszul ejtette&#8221; a Hajd\u00fa-B\u00e9t \u00fcgyet az\u00e9rt, hogy Bajnai Gordont, az ellenz\u00e9ki sz\u00f6vets\u00e9g vezet\u0151j\u00e9t lej\u00e1ratva terelje el a figyelmet a &#8222;trafikmutyir\u00f3l&#8221;, \u00e9s ehhez a korm\u00e1nyp\u00e1rt az egykori c\u00e9g k\u00e1rosultjait is eszk\u00f6zk\u00e9nt haszn\u00e1lja fel.<\/p>\n","protected":false},"author":1,"featured_media":0,"comment_status":"open","ping_status":"closed","sticky":false,"template":"","format":"standard","meta":[],"categories":[18],"tags":[],"_links":{"self":[{"href":"https:\/\/gazdasagportal.hu\/index.php\/wp-json\/wp\/v2\/posts\/8889"}],"collection":[{"href":"https:\/\/gazdasagportal.hu\/index.php\/wp-json\/wp\/v2\/posts"}],"about":[{"href":"https:\/\/gazdasagportal.hu\/index.php\/wp-json\/wp\/v2\/types\/post"}],"author":[{"embeddable":true,"href":"https:\/\/gazdasagportal.hu\/index.php\/wp-json\/wp\/v2\/users\/1"}],"replies":[{"embeddable":true,"href":"https:\/\/gazdasagportal.hu\/index.php\/wp-json\/wp\/v2\/comments?post=8889"}],"version-history":[{"count":4,"href":"https:\/\/gazdasagportal.hu\/index.php\/wp-json\/wp\/v2\/posts\/8889\/revisions"}],"predecessor-version":[{"id":8892,"href":"https:\/\/gazdasagportal.hu\/index.php\/wp-json\/wp\/v2\/posts\/8889\/revisions\/8892"}],"wp:attachment":[{"href":"https:\/\/gazdasagportal.hu\/index.php\/wp-json\/wp\/v2\/media?parent=8889"}],"wp:term":[{"taxonomy":"category","embeddable":true,"href":"https:\/\/gazdasagportal.hu\/index.php\/wp-json\/wp\/v2\/categories?post=8889"},{"taxonomy":"post_tag","embeddable":true,"href":"https:\/\/gazdasagportal.hu\/index.php\/wp-json\/wp\/v2\/tags?post=8889"}],"curies":[{"name":"wp","href":"https:\/\/api.w.org\/{rel}","templated":true}]}}