{"id":88816,"date":"2017-01-10T11:28:03","date_gmt":"2017-01-10T10:28:03","guid":{"rendered":"http:\/\/gazdasagportal.hu\/?p=88816"},"modified":"2017-01-10T11:28:03","modified_gmt":"2017-01-10T10:28:03","slug":"a-magyar-telekom-eladja-montenegroi-leanyvallalatat","status":"publish","type":"post","link":"https:\/\/gazdasagportal.hu\/index.php\/a-magyar-telekom-eladja-montenegroi-leanyvallalatat\/","title":{"rendered":"A Magyar Telekom eladja montenegr\u00f3i le\u00e1nyv\u00e1llalat\u00e1t"},"content":{"rendered":"<p><a href=\"https:\/\/gazdasagportal.hu\/wp-content\/uploads\/2015\/03\/telekom-ny.jpg\"><img decoding=\"async\" loading=\"lazy\" src=\"https:\/\/gazdasagportal.hu\/wp-content\/uploads\/2015\/03\/telekom-ny.jpg\" alt=\"telekom-ny\" width=\"600\" height=\"338\" class=\"aligncenter size-full wp-image-57245\" srcset=\"https:\/\/gazdasagportal.hu\/wp-content\/uploads\/2015\/03\/telekom-ny.jpg 600w, https:\/\/gazdasagportal.hu\/wp-content\/uploads\/2015\/03\/telekom-ny-300x169.jpg 300w\" sizes=\"(max-width: 600px) 100vw, 600px\" \/><\/a><br \/>\n<strong>A Magyar Telekom eladja 76,53 sz\u00e1zal\u00e9kos r\u00e9szesed\u00e9s\u00e9t a Crnogorski Telekomban a Hrvatski Telekomnak 123,5 milli\u00f3 eur\u00f3\u00e9rt (mintegy 38,1 milli\u00e1rd forint) &#8211; k\u00f6z\u00f6lte a Magyar Telekom kedden az MTI-vel. <\/strong><!--more--><\/p>\n<div class=\"ads-in-post1\"><div id=\"gazdasagportal.hu_fullbanner_wideboard\"><\/div>\r\n<\/div>\n<p>    A tranzakci\u00f3 v\u00e1rhat\u00f3an 2017. janu\u00e1r v\u00e9g\u00e9ig lez\u00e1rul, ezt k\u00f6vet\u0151en a montenegr\u00f3i m\u0171k\u00f6d\u00e9st nem konszolid\u00e1lja a Magyar Telekom csoport a p\u00e9nz\u00fcgyi kimutat\u00e1saiba.<br \/>\n    A tranzakci\u00f3 eredm\u00e9nyek\u00e9nt a Magyar Telekom v\u00e1ltoztatott ez \u00e9vi c\u00e9lkit\u0171z\u00e9sein. E szerint 2017-ben 560-570 milli\u00e1rd forint bev\u00e9tellel sz\u00e1mol a kor\u00e1bban jelzett 585-595 milli\u00e1rd helyett. EBITDA (ad\u00f3z\u00e1s, kamatfizet\u00e9s \u00e9s \u00e9rt\u00e9kcs\u00f6kken\u00e9si le\u00edr\u00e1s el\u0151tti) eredm\u00e9nye v\u00e1rhat\u00f3an 181-185 milli\u00e1rd forintot \u00e9r el 189-193 milli\u00e1rd helyett. A t\u00e1vk\u00f6zl\u00e9si v\u00e1llalat beruh\u00e1z\u00e1si k\u00f6lt\u00e9se az id\u00e9n 15 sz\u00e1zal\u00e9kkal kevesebb lesz a tavalyin\u00e1l, m\u00edg kor\u00e1bban 10 sz\u00e1zal\u00e9kos cs\u00f6kken\u00e9st jelzett el\u0151re.<br \/>\n(MTI)<\/p>\n","protected":false},"excerpt":{"rendered":"<p>A Magyar Telekom eladja 76,53 sz\u00e1zal\u00e9kos r\u00e9szesed\u00e9s\u00e9t a Crnogorski Telekomban a Hrvatski Telekomnak 123,5 milli\u00f3 eur\u00f3\u00e9rt (mintegy 38,1 milli\u00e1rd forint) &#8211; k\u00f6z\u00f6lte a Magyar Telekom kedden az MTI-vel.<\/p>\n","protected":false},"author":1,"featured_media":57245,"comment_status":"open","ping_status":"closed","sticky":false,"template":"","format":"standard","meta":[],"categories":[146,7],"tags":[],"_links":{"self":[{"href":"https:\/\/gazdasagportal.hu\/index.php\/wp-json\/wp\/v2\/posts\/88816"}],"collection":[{"href":"https:\/\/gazdasagportal.hu\/index.php\/wp-json\/wp\/v2\/posts"}],"about":[{"href":"https:\/\/gazdasagportal.hu\/index.php\/wp-json\/wp\/v2\/types\/post"}],"author":[{"embeddable":true,"href":"https:\/\/gazdasagportal.hu\/index.php\/wp-json\/wp\/v2\/users\/1"}],"replies":[{"embeddable":true,"href":"https:\/\/gazdasagportal.hu\/index.php\/wp-json\/wp\/v2\/comments?post=88816"}],"version-history":[{"count":1,"href":"https:\/\/gazdasagportal.hu\/index.php\/wp-json\/wp\/v2\/posts\/88816\/revisions"}],"predecessor-version":[{"id":88817,"href":"https:\/\/gazdasagportal.hu\/index.php\/wp-json\/wp\/v2\/posts\/88816\/revisions\/88817"}],"wp:featuredmedia":[{"embeddable":true,"href":"https:\/\/gazdasagportal.hu\/index.php\/wp-json\/wp\/v2\/media\/57245"}],"wp:attachment":[{"href":"https:\/\/gazdasagportal.hu\/index.php\/wp-json\/wp\/v2\/media?parent=88816"}],"wp:term":[{"taxonomy":"category","embeddable":true,"href":"https:\/\/gazdasagportal.hu\/index.php\/wp-json\/wp\/v2\/categories?post=88816"},{"taxonomy":"post_tag","embeddable":true,"href":"https:\/\/gazdasagportal.hu\/index.php\/wp-json\/wp\/v2\/tags?post=88816"}],"curies":[{"name":"wp","href":"https:\/\/api.w.org\/{rel}","templated":true}]}}