{"id":88812,"date":"2017-01-10T10:02:32","date_gmt":"2017-01-10T09:02:32","guid":{"rendered":"http:\/\/gazdasagportal.hu\/?p=88812"},"modified":"2017-01-10T10:02:32","modified_gmt":"2017-01-10T09:02:32","slug":"nav-az-adozok-a-napokban-kapjak-meg-az-idei-szja-bevallas-valtozasairol-szolo-tajekoztato-leveleket","status":"publish","type":"post","link":"https:\/\/gazdasagportal.hu\/index.php\/nav-az-adozok-a-napokban-kapjak-meg-az-idei-szja-bevallas-valtozasairol-szolo-tajekoztato-leveleket\/","title":{"rendered":"NAV: az ad\u00f3z\u00f3k a napokban kapj\u00e1k meg az idei szja-bevall\u00e1s v\u00e1ltoz\u00e1sair\u00f3l sz\u00f3l\u00f3 t\u00e1j\u00e9koztat\u00f3 leveleket"},"content":{"rendered":"<p><strong>A Nemzeti Ad\u00f3- \u00e9s V\u00e1mhivatal (NAV) a napokban post\u00e1zza a lakoss\u00e1gnak a 2017-es szem\u00e9lyi j\u00f6vedelemad\u00f3 (szja) bevall\u00e1s v\u00e1ltoz\u00e1sair\u00f3l sz\u00f3l\u00f3 t\u00e1j\u00e9koztat\u00f3 leveleket, ezekb\u0151l minden \u00e9rintett megtudhatja, hogy kinek, hogyan kell ad\u00f3znia, az ad\u00f3hivatal 3,8 milli\u00f3 levelet k\u00fcld\u00f6tt ki &#8211; mondta Kiss P\u00e9ter Andr\u00e1s, a NAV ad\u00f3szakmai sz\u00f3viv\u0151je kedden az M1 aktu\u00e1lis csatorn\u00e1n.<\/strong><!--more--><\/p>\n<div class=\"ads-in-post1\"><div id=\"gazdasagportal.hu_fullbanner_wideboard\"><\/div>\r\n<\/div>\n<p>    A b\u00e9rb\u0151l \u00e9s fizet\u00e9sb\u0151l \u00e9l\u0151knek, akiknek a munk\u00e1ltat\u00f3ja \u00e9v k\u00f6zben a NAV-hoz adatot k\u00fcld, az ad\u00f3hivatal k\u00e9sz\u00edti el az szja-bevall\u00e1s tervezet\u00e9t &#8211; tette hozz\u00e1.<br \/>\n    Kiemelte: az \u00fcgyf\u00e9lkapuval nem rendelkez\u0151 munkav\u00e1llal\u00f3knak m\u00e1rcius 15-ig kell k\u00e9rni\u00fck SMS-ben, lev\u00e9lben, telefonon vagy szem\u00e9lyesen a NAV valamelyik \u00fcgyf\u00e9lszolg\u00e1lat\u00e1n, hogy az ad\u00f3hivatal post\u00e1n k\u00fcldje el sz\u00e1mukra a bevall\u00e1s tervezet\u00e9t. Ha valaki mindezt a megadott hat\u00e1rid\u0151ig nem k\u00e9ri a NAV-t\u00f3l, akkor szem\u00e9lyesen kell bemennie az ad\u00f3hivatal egyik \u00fcgyf\u00e9lszolg\u00e1lat\u00e1ra, ahol a koll\u00e9g\u00e1k kinyomtatj\u00e1k sz\u00e1m\u00e1ra a bevall\u00e1si tervezet\u00e9t. Az \u00e9rintettek ezzel a lehet\u0151s\u00e9ggel m\u00e1jus 22-ig, az szja-bevall\u00e1sok hat\u00e1ridej\u00e9ig \u00e9lhetnek &#8211; fejtette ki Kiss P\u00e9ter Andr\u00e1s.<br \/>\n    Az \u00fcgyf\u00e9lkapuval rendelkez\u0151 munkav\u00e1llal\u00f3k m\u00e1rcius 15-e ut\u00e1n az \u00fcgyf\u00e9lkapun kereszt\u00fcl tudj\u00e1k megtekinteni bevall\u00e1si tervezeteiket.(MTI)<\/p>\n","protected":false},"excerpt":{"rendered":"<p>A Nemzeti Ad\u00f3- \u00e9s V\u00e1mhivatal (NAV) a napokban post\u00e1zza a lakoss\u00e1gnak a 2017-es szem\u00e9lyi j\u00f6vedelemad\u00f3 (szja) bevall\u00e1s v\u00e1ltoz\u00e1sair\u00f3l sz\u00f3l\u00f3 t\u00e1j\u00e9koztat\u00f3 leveleket, ezekb\u0151l minden \u00e9rintett megtudhatja, hogy kinek, hogyan kell ad\u00f3znia, az ad\u00f3hivatal 3,8 milli\u00f3 levelet k\u00fcld\u00f6tt ki &#8211; mondta Kiss P\u00e9ter Andr\u00e1s, a NAV ad\u00f3szakmai sz\u00f3viv\u0151je kedden az M1 aktu\u00e1lis csatorn\u00e1n.<\/p>\n","protected":false},"author":1,"featured_media":0,"comment_status":"open","ping_status":"closed","sticky":false,"template":"","format":"standard","meta":[],"categories":[20,19],"tags":[],"_links":{"self":[{"href":"https:\/\/gazdasagportal.hu\/index.php\/wp-json\/wp\/v2\/posts\/88812"}],"collection":[{"href":"https:\/\/gazdasagportal.hu\/index.php\/wp-json\/wp\/v2\/posts"}],"about":[{"href":"https:\/\/gazdasagportal.hu\/index.php\/wp-json\/wp\/v2\/types\/post"}],"author":[{"embeddable":true,"href":"https:\/\/gazdasagportal.hu\/index.php\/wp-json\/wp\/v2\/users\/1"}],"replies":[{"embeddable":true,"href":"https:\/\/gazdasagportal.hu\/index.php\/wp-json\/wp\/v2\/comments?post=88812"}],"version-history":[{"count":1,"href":"https:\/\/gazdasagportal.hu\/index.php\/wp-json\/wp\/v2\/posts\/88812\/revisions"}],"predecessor-version":[{"id":88813,"href":"https:\/\/gazdasagportal.hu\/index.php\/wp-json\/wp\/v2\/posts\/88812\/revisions\/88813"}],"wp:attachment":[{"href":"https:\/\/gazdasagportal.hu\/index.php\/wp-json\/wp\/v2\/media?parent=88812"}],"wp:term":[{"taxonomy":"category","embeddable":true,"href":"https:\/\/gazdasagportal.hu\/index.php\/wp-json\/wp\/v2\/categories?post=88812"},{"taxonomy":"post_tag","embeddable":true,"href":"https:\/\/gazdasagportal.hu\/index.php\/wp-json\/wp\/v2\/tags?post=88812"}],"curies":[{"name":"wp","href":"https:\/\/api.w.org\/{rel}","templated":true}]}}