{"id":88771,"date":"2017-01-09T11:03:26","date_gmt":"2017-01-09T10:03:26","guid":{"rendered":"http:\/\/gazdasagportal.hu\/?p=88771"},"modified":"2017-01-09T11:03:26","modified_gmt":"2017-01-09T10:03:26","slug":"megegyezett-a-beremelesrol-a-spar-es-a-kasz","status":"publish","type":"post","link":"https:\/\/gazdasagportal.hu\/index.php\/megegyezett-a-beremelesrol-a-spar-es-a-kasz\/","title":{"rendered":"Megegyezett a b\u00e9remel\u00e9sr\u0151l a SPAR \u00e9s a KASZ"},"content":{"rendered":"<p><strong>Meg\u00e1llapodott a 2017-es b\u00e9rekr\u0151l a SPAR Magyarorsz\u00e1g Kereskedelmi Kft. \u00e9s a Kereskedelmi Alkalmazottak Szakszervezete (KASZ). A gyors t\u00e1rgyal\u00e1sok bizony\u00edtj\u00e1k, hogy a felek hasonl\u00f3 sz\u00e1nd\u00e9kokkal, elk\u00e9pzel\u00e9sekkel \u00fcltek asztalhoz. Eszerint a v\u00e1llalat valamennyi munkav\u00e1llal\u00f3ja magasabb fizet\u00e9st kap az idei \u00e9vt\u0151l. A b\u00e9remel\u00e9st a SPAR nagyobb r\u00e9szben saj\u00e1t forr\u00e1s felhaszn\u00e1l\u00e1s\u00e1val, kisebb r\u00e9szben a j\u00e1rul\u00e9kcs\u00f6kkent\u00e9s seg\u00edts\u00e9g\u00e9vel finansz\u00edrozza.<\/strong><!--more--><\/p>\n<div class=\"ads-in-post1\"><div id=\"gazdasagportal.hu_fullbanner_wideboard\"><\/div>\r\n<\/div>\n<p><strong>\u00a0<\/strong><\/p>\n<p>Eredm\u00e9nyesen z\u00e1rult Magyarorsz\u00e1g hatodik legnagyobb foglalkoztat\u00f3ja, a SPAR Magyarorsz\u00e1g \u00e9s a Kereskedelmi Alkalmazottak Szakszervezet\u00e9nek vezet\u0151s\u00e9ge k\u00f6z\u00f6tt t\u00f6bb fordul\u00f3ban lezajlott b\u00e9rt\u00e1rgyal\u00e1s. A SPAR Magyarorsz\u00e1g a garant\u00e1lt b\u00e9rminimum, illetve a minim\u00e1lb\u00e9r jogszab\u00e1lyban r\u00f6gz\u00edtett emel\u00e9s\u00e9n t\u00fal jelent\u0151s b\u00e9remel\u00e9st biztos\u00edt a dolgoz\u00f3k sz\u00e1m\u00e1ra. A mintegy 13.000 munkav\u00e1llal\u00f3 k\u00f6z\u00fcl megk\u00f6zel\u00edt\u0151leg 4.000 f\u0151 fizet\u00e9se n\u0151 a minim\u00e1lb\u00e9r, illetve a garant\u00e1lt b\u00e9rminimum \u2013jogszab\u00e1lyban r\u00f6gz\u00edtett- m\u00e9rt\u00e9k\u00e9re. A fennmarad\u00f3 csaknem 9.000 munkat\u00e1rs b\u00e9re pedig enn\u00e9l, k\u00fcl\u00f6nb\u00f6z\u0151 m\u00e9rt\u00e9kben, de egyar\u00e1nt magasabb szintre emelkedik.<\/p>\n<p>&nbsp;<\/p><div id=\"gazda-225110169\" class=\"gazda-tartalomban gazda-entity-placement\"><script async src=\"https:\/\/pagead2.googlesyndication.com\/pagead\/js\/adsbygoogle.js\"><\/script>\r\n<ins class=\"adsbygoogle\"\r\n     style=\"display:block\"\r\n     data-ad-format=\"fluid\"\r\n     data-ad-layout-key=\"-6t+ed+2i-1n-4w\"\r\n     data-ad-client=\"ca-pub-1959107119989764\"\r\n     data-ad-slot=\"4008251320\"><\/ins>\r\n<script>\r\n     (adsbygoogle = window.adsbygoogle || []).push({});\r\n<\/script><\/div>\n<p>\u201eA SPAR m\u00e1r 2016-ban is 4 milli\u00e1rd forint b\u00e9rfejleszt\u00e9st hajtott v\u00e9gre \u00e9s ez a sz\u00e1m 2017-ben el\u00e9ri a 7 milli\u00e1rd forintot, melyet a j\u00e1rul\u00e9kcs\u00f6kkent\u00e9s csak kisebb m\u00e9rt\u00e9kben, 1,5 milli\u00e1rd forint erej\u00e9ig kompenz\u00e1l, a nagy r\u00e9sze saj\u00e1t forr\u00e1s. A kevesebbet keres\u0151k kapj\u00e1k a legnagyobb emel\u00e9st, a magasabb j\u00f6vedelm\u0171ek fizet\u00e9se pedig szint\u00e9n jelent\u0151sen emelkedik. A b\u00e9rfesz\u00fclts\u00e9g elker\u00fcl\u00e9se \u00e9rdek\u00e9ben pedig kiemelt figyelmet ford\u00edtottunk a k\u00f6z\u00e9pvezet\u0151k b\u00e9r\u00e9nek emel\u00e9s\u00e9re is.\u201d &#8211; hangs\u00falyozta Maczelka M\u00e1rk kommunik\u00e1ci\u00f3s vezet\u0151.<\/p>\n<p>&nbsp;<\/p>\n<p>\u201eA kereskedelemben az \u00e1lland\u00f3sult l\u00e9tsz\u00e1mhi\u00e1ny, a nagy fluktu\u00e1ci\u00f3 \u00e9s a megn\u00f6vekedett terhel\u00e9s miatt nagy sz\u00fcks\u00e9g van a jelent\u0151sebb b\u00e9remel\u00e9sre. A Kereskedelmi Alkalmazottak Szakszervezete r\u00e9sz\u00e9r\u0151l pozit\u00edvan \u00e9rt\u00e9kelj\u00fck, hogy a SPAR a 2017-es \u00e9vben komoly l\u00e9p\u00e9st tett annak \u00e9rdek\u00e9ben, hogy a munkav\u00e1llal\u00f3k b\u00e9re nagy m\u00e9rt\u00e9kben emelkedjen.\u201d &#8211; tette hozz\u00e1 Dr. S\u00e1ling J\u00f3zsef a Kereskedelmi Alkalmazottak Szakszervezet\u00e9nek eln\u00f6ke.<\/p>\n<p>&nbsp;<\/p>\n<p>Az SPAR valamennyi dolgoz\u00f3ja, mintegy 13.000 munkav\u00e1llal\u00f3 2017-ben \u00e9vi 100 ezer forintnyi k\u00e9szp\u00e9nzes, b\u00e9ren k\u00edv\u00fcli juttat\u00e1sban r\u00e9szes\u00fcl. A v\u00e1llalatn\u00e1l t\u00f6bb mint 5 \u00e9ve dolgoz\u00f3 munkat\u00e1rsak tov\u00e1bbi -\u00e9ves szinten- 40 ezer forint \u00e9rt\u00e9k\u0171 b\u00e9ren k\u00edv\u00fcli juttat\u00e1st kapnak, m\u00e9gpedig SZ\u00c9P-k\u00e1rty\u00e1n. Mindezeken fel\u00fcl megmarad a dolgoz\u00f3k 13. havi juttat\u00e1sa is, amely egyed\u00fcl\u00e1ll\u00f3 a hazai \u00e9lelmiszer kiskereskedelmi szektorban.<\/p>\n<p>&nbsp;<\/p>\n<p>A SPAR Magyarorsz\u00e1g 2017-ben is folytatja a beruh\u00e1z\u00e1sokat \u00faj \u00e1ruh\u00e1zak \u00e9p\u00edt\u00e9s\u00e9vel \u2013\u00e9s ezzel egy\u00fctt \u00faj munkahelyek teremt\u00e9s\u00e9vel- valamint a megl\u00e9v\u0151 \u00e1ruh\u00e1zak fel\u00faj\u00edt\u00e1s\u00e1val. Az idei beruh\u00e1z\u00e1si keret meghaladja a 22 milli\u00e1rd forintot, melyet az osztr\u00e1k csal\u00e1di tulajdonban l\u00e9v\u0151 v\u00e1llalat Magyarorsz\u00e1gon fektet be.<\/p>\n","protected":false},"excerpt":{"rendered":"<p>Meg\u00e1llapodott a 2017-es b\u00e9rekr\u0151l a SPAR Magyarorsz\u00e1g Kereskedelmi Kft. \u00e9s a Kereskedelmi Alkalmazottak Szakszervezete (KASZ). A gyors t\u00e1rgyal\u00e1sok bizony\u00edtj\u00e1k, hogy a felek hasonl\u00f3 sz\u00e1nd\u00e9kokkal, elk\u00e9pzel\u00e9sekkel \u00fcltek asztalhoz. Eszerint a v\u00e1llalat valamennyi munkav\u00e1llal\u00f3ja magasabb fizet\u00e9st kap az idei \u00e9vt\u0151l. A b\u00e9remel\u00e9st a SPAR nagyobb r\u00e9szben saj\u00e1t forr\u00e1s felhaszn\u00e1l\u00e1s\u00e1val, kisebb r\u00e9szben a j\u00e1rul\u00e9kcs\u00f6kkent\u00e9s seg\u00edts\u00e9g\u00e9vel finansz\u00edrozza.<\/p>\n","protected":false},"author":1,"featured_media":0,"comment_status":"open","ping_status":"closed","sticky":false,"template":"","format":"standard","meta":[],"categories":[19],"tags":[],"_links":{"self":[{"href":"https:\/\/gazdasagportal.hu\/index.php\/wp-json\/wp\/v2\/posts\/88771"}],"collection":[{"href":"https:\/\/gazdasagportal.hu\/index.php\/wp-json\/wp\/v2\/posts"}],"about":[{"href":"https:\/\/gazdasagportal.hu\/index.php\/wp-json\/wp\/v2\/types\/post"}],"author":[{"embeddable":true,"href":"https:\/\/gazdasagportal.hu\/index.php\/wp-json\/wp\/v2\/users\/1"}],"replies":[{"embeddable":true,"href":"https:\/\/gazdasagportal.hu\/index.php\/wp-json\/wp\/v2\/comments?post=88771"}],"version-history":[{"count":1,"href":"https:\/\/gazdasagportal.hu\/index.php\/wp-json\/wp\/v2\/posts\/88771\/revisions"}],"predecessor-version":[{"id":88772,"href":"https:\/\/gazdasagportal.hu\/index.php\/wp-json\/wp\/v2\/posts\/88771\/revisions\/88772"}],"wp:attachment":[{"href":"https:\/\/gazdasagportal.hu\/index.php\/wp-json\/wp\/v2\/media?parent=88771"}],"wp:term":[{"taxonomy":"category","embeddable":true,"href":"https:\/\/gazdasagportal.hu\/index.php\/wp-json\/wp\/v2\/categories?post=88771"},{"taxonomy":"post_tag","embeddable":true,"href":"https:\/\/gazdasagportal.hu\/index.php\/wp-json\/wp\/v2\/tags?post=88771"}],"curies":[{"name":"wp","href":"https:\/\/api.w.org\/{rel}","templated":true}]}}