{"id":8876,"date":"2013-05-25T21:09:06","date_gmt":"2013-05-25T19:09:06","guid":{"rendered":"http:\/\/stockportal.hu\/?p=8876"},"modified":"2013-05-25T21:09:06","modified_gmt":"2013-05-25T19:09:06","slug":"e-utdij-i-cell-kft-junius-kozepetol-regisztralhatnak-a-fuvarozok-az-aak-nal","status":"publish","type":"post","link":"https:\/\/gazdasagportal.hu\/index.php\/e-utdij-i-cell-kft-junius-kozepetol-regisztralhatnak-a-fuvarozok-az-aak-nal\/","title":{"rendered":"E-\u00fatd\u00edj &#8211; I-Cell Kft.: j\u00fanius k\u00f6zep\u00e9t\u0151l regisztr\u00e1lhatnak a fuvaroz\u00f3k az \u00c1AK-n\u00e1l"},"content":{"rendered":"<p><strong>A haszn\u00e1latar\u00e1nyos \u00fatd\u00edj megfizet\u00e9s\u00e9re k\u00f6telezett fuvaroz\u00f3k j\u00fanius k\u00f6zep\u00e9t\u0151l regisztr\u00e1lhatj\u00e1k j\u00e1rm\u0171v\u00fcket az \u00c1llami Aut\u00f3p\u00e1lya Kezel\u0151 Zrt. (\u00c1AK) honlapj\u00e1n, \u00edgy egyszer\u0171bb lesz az \u00fatd\u00edj fizet\u00e9se j\u00falius elsej\u00e9t\u0151l &#8211; hangs\u00falyozta Em\u0151ri G\u00e1bor, az e-\u00fatd\u00edjrendszert egy m\u00e1sik c\u00e9ggel konzorciumban ki\u00e9p\u00edt\u0151 I-Cell Kft. \u00fcgyvezet\u0151 igazgat\u00f3ja szombaton Budapesten<!--more--><\/strong><\/p>\n<p>A Magyar K\u00f6z\u00fati Fuvaroz\u00f3k Egyes\u00fclet\u00e9nek f\u00f3rum\u00e1n Em\u0151ri G\u00e1bor kiemelte: az e-\u00fatd\u00edjat j\u00falius 1-t\u0151l h\u00e1romf\u00e9lek\u00e9ppen lehet megfizetni: fed\u00e9lzeti eszk\u00f6zzel flottak\u00f6vet\u00e9si szolg\u00e1ltat\u00f3 seg\u00edts\u00e9g\u00e9vel, vagy szint\u00e9n fed\u00e9lzeti eszk\u00f6zzel eur\u00f3pai elektronikus \u00fatd\u00edj szolg\u00e1ltat\u00e1son (EETS) kereszt\u00fcl, vagy el\u0151re megv\u00e1ltott viszonylati jeggyel.<br \/>\nAz \u00fcgyvezet\u0151 igazgat\u00f3, akinek c\u00e9ge az ARH nev\u0171 c\u00e9ggel konzorciumban \u00e9p\u00edti ki az e-\u00fatd\u00edjrendszert, elmondta, hogy a fizet\u00e9st elmulaszt\u00f3knak v\u00e1rhat\u00f3an t\u00f6bb sz\u00e1z eur\u00f3s b\u00edrs\u00e1ggal kell sz\u00e1molniuk. Hozz\u00e1tette ugyanakkor, hogy az err\u0151l sz\u00f3l\u00f3 jogszab\u00e1ly m\u00e9g nem jelent meg.<br \/>\nEm\u0151ri G\u00e1bor a r\u00e9szleteket ismertetve elmondta, hogy a fizet\u00e9sre k\u00f6telezetteknek az \u00c1AK-n\u00e1l kell regisztr\u00e1lniuk j\u00e1rm\u0171veiket, \u00e9s ott egy sz\u00e1ml\u00e1t nyitniuk; erre fizetik majd az \u00fatd\u00edjat. A fuvaroz\u00f3knak kell gondoskodniuk arr\u00f3l, hogy az \u00c1AK-n\u00e1l nyitott sz\u00e1ml\u00e1n legyen p\u00e9nz, p\u00e9ld\u00e1ul \u00fagy, hogy benzink\u00faton egy bizonyos \u00f6sszeggel felt\u00f6lt\u00f6tt \u00fatd\u00edjfelt\u00f6lt\u0151-k\u00e1rty\u00e1t v\u00e1s\u00e1rol a fuvaroz\u00f3 &#8211; f\u0171zte hozz\u00e1.<br \/>\nIsmertette, hogy a magyar \u00fath\u00e1l\u00f3zat kijel\u00f6lt r\u00e9szein, \u00f6sszesen 6513 kilom\u00e9ter hosszan kell majd \u00fatd\u00edjat fizetni, ami t\u00f6bb mint 2000 fizet\u0151s szakaszt jelent.<br \/>\nAz I-Cell \u00fcgyvezet\u0151 igazgat\u00f3ja elmondta: a rendszer gerince a GPS-es fed\u00e9lzeti egys\u00e9g seg\u00edts\u00e9g\u00e9vel t\u00f6rt\u00e9n\u0151 bevall\u00e1s lesz, \u00e9s az I-Cell \u00fagy alak\u00edtja ki a rendszert, hogy a teherg\u00e9pj\u00e1rm\u0171vekben m\u00e1r benn l\u00e9v\u0151 GPS-es flottak\u00f6vet\u0151 rendszereket haszn\u00e1lni lehessen, vagyis ez ne jelentsen pluszberuh\u00e1z\u00e1st. Akinek van ilyen eszk\u00f6ze, nagyon j\u00f3 es\u00e9lye van arra, hogy nem kell \u00fajat vennie, hanem az \u0151 GPS-es szolg\u00e1ltat\u00f3ja kapcsol\u00f3dni fog az \u00fatd\u00edjrendszerhez &#8211; emelte ki Em\u0151ri G\u00e1bor.<br \/>\nAkiknek nincs GPS-es flottak\u00f6vet\u0151 rendszer\u00fck, k\u00e9t eszk\u00f6z k\u00f6z\u00fcl v\u00e1laszthatnak, amelyek k\u00f6z\u00fcl a dr\u00e1g\u00e1bbikat k\u00fclf\u00f6ldi \u00fatd\u00edjfizet\u00e9sre is elfogadj\u00e1k &#8211; mondta Em\u0151ri G\u00e1bor.<br \/>\nIsmertette, hogy a viszonylati jegyet \u00fagy kell elk\u00e9pzelni mint egy vonatjegyet; ez egyr\u00e9szt az orsz\u00e1got \u00e1tszel\u0151 fuvarosoknak lehet kedvez\u0151, m\u00e1sr\u00e9szt azoknak, akik ritk\u00e1bban mennek fizet\u0151s \u00fatszakaszra. A viszonylati jegyet nemcsak a 300 \u00e1rus\u00edt\u00f3 ponton, hanem t\u00f6bb mint 1000 viszontelad\u00f3 partnern\u00e9l, vagy el\u0151re az interneten is meg lehet majd v\u00e1s\u00e1rolni, \u00e9s flottak\u00e1rty\u00e1val is lehet majd fizetni.<br \/>\nEm\u0151ri G\u00e1bor kiemelte, hogy a kezdeti id\u0151szakra fokozottan k\u00e9sz\u00fclnek, \u00e9s mintegy 500 ember seg\u00edt majd orsz\u00e1gszerte a v\u00e1s\u00e1rl\u00e1sn\u00e1l a torl\u00f3d\u00e1sok elker\u00fcl\u00e9se \u00e9rdek\u00e9ben.<br \/>\nElmondta, hogy 74 kapun\u00e1l, ezenk\u00edv\u00fcl 45 aut\u00f3val ellen\u0151rzik a teherg\u00e9pj\u00e1rm\u0171veket, 50 b\u00edrs\u00e1gol\u00f3 aut\u00f3 j\u00e1r majd az utakon, \u00e9s a hat\u00e1r\u00e1tkel\u0151k\u00f6n is ellen\u0151rzik az \u00fatd\u00edjfizet\u00e9st. (MTI)<\/p>\n","protected":false},"excerpt":{"rendered":"<p>A haszn\u00e1latar\u00e1nyos \u00fatd\u00edj megfizet\u00e9s\u00e9re k\u00f6telezett fuvaroz\u00f3k j\u00fanius k\u00f6zep\u00e9t\u0151l regisztr\u00e1lhatj\u00e1k j\u00e1rm\u0171v\u00fcket az \u00c1llami Aut\u00f3p\u00e1lya Kezel\u0151 Zrt. (\u00c1AK) honlapj\u00e1n, \u00edgy egyszer\u0171bb lesz az \u00fatd\u00edj fizet\u00e9se j\u00falius elsej\u00e9t\u0151l &#8211; hangs\u00falyozta Em\u0151ri G\u00e1bor, az e-\u00fatd\u00edjrendszert egy m\u00e1sik c\u00e9ggel konzorciumban ki\u00e9p\u00edt\u0151 I-Cell Kft. \u00fcgyvezet\u0151 igazgat\u00f3ja szombaton Budapesten<\/p>\n","protected":false},"author":1,"featured_media":0,"comment_status":"open","ping_status":"closed","sticky":false,"template":"","format":"standard","meta":[],"categories":[19],"tags":[],"_links":{"self":[{"href":"https:\/\/gazdasagportal.hu\/index.php\/wp-json\/wp\/v2\/posts\/8876"}],"collection":[{"href":"https:\/\/gazdasagportal.hu\/index.php\/wp-json\/wp\/v2\/posts"}],"about":[{"href":"https:\/\/gazdasagportal.hu\/index.php\/wp-json\/wp\/v2\/types\/post"}],"author":[{"embeddable":true,"href":"https:\/\/gazdasagportal.hu\/index.php\/wp-json\/wp\/v2\/users\/1"}],"replies":[{"embeddable":true,"href":"https:\/\/gazdasagportal.hu\/index.php\/wp-json\/wp\/v2\/comments?post=8876"}],"version-history":[{"count":2,"href":"https:\/\/gazdasagportal.hu\/index.php\/wp-json\/wp\/v2\/posts\/8876\/revisions"}],"predecessor-version":[{"id":8878,"href":"https:\/\/gazdasagportal.hu\/index.php\/wp-json\/wp\/v2\/posts\/8876\/revisions\/8878"}],"wp:attachment":[{"href":"https:\/\/gazdasagportal.hu\/index.php\/wp-json\/wp\/v2\/media?parent=8876"}],"wp:term":[{"taxonomy":"category","embeddable":true,"href":"https:\/\/gazdasagportal.hu\/index.php\/wp-json\/wp\/v2\/categories?post=8876"},{"taxonomy":"post_tag","embeddable":true,"href":"https:\/\/gazdasagportal.hu\/index.php\/wp-json\/wp\/v2\/tags?post=8876"}],"curies":[{"name":"wp","href":"https:\/\/api.w.org\/{rel}","templated":true}]}}