{"id":88749,"date":"2017-01-08T16:35:52","date_gmt":"2017-01-08T15:35:52","guid":{"rendered":"http:\/\/gazdasagportal.hu\/?p=88749"},"modified":"2017-01-08T10:56:35","modified_gmt":"2017-01-08T09:56:35","slug":"az-iden-mar-a-nav-kesziti-az-szja-bevallasokat","status":"publish","type":"post","link":"https:\/\/gazdasagportal.hu\/index.php\/az-iden-mar-a-nav-kesziti-az-szja-bevallasokat\/","title":{"rendered":"Az id\u00e9n m\u00e1r a NAV k\u00e9sz\u00edti az szja-bevall\u00e1sokat"},"content":{"rendered":"<p><strong>Az idei szem\u00e9lyi j\u00f6vedelemad\u00f3z\u00e1sr\u00f3l sz\u00f3l\u00f3 t\u00e1j\u00e9koztat\u00f3 leveleket h\u00e9tf\u0151t\u0151l k\u00e9zbes\u00edti a posta, ebb\u0151l mindenki t\u00e1j\u00e9koz\u00f3dhat az idei \u00fajdons\u00e1gokr\u00f3l, illetve arr\u00f3l, hogy milyen felt\u00e9telek eset\u00e9n nem tartozik a t\u00falnyom\u00f3 t\u00f6bbs\u00e9ghez, akiknek m\u00e1r az ad\u00f3hat\u00f3s\u00e1g k\u00e9sz\u00edti el a bevall\u00e1s\u00e1t &#8211; mondta T\u00e1llai Andr\u00e1s az MTI-nek.<\/strong><br \/>\n<div class=\"ads-in-post1\"><div id=\"gazdasagportal.hu_fullbanner_wideboard\"><\/div>\r\n<\/div>\n<p>    A Nemzeti Ad\u00f3- \u00e9s V\u00e1mhivatal (NAV) vezet\u0151je hangs\u00falyozta: a munk\u00e1ltat\u00f3k \u00e9s a kifizet\u0151k adatai alapj\u00e1n mindenki, azaz, ahogy mondani szok\u00e1s, a b\u00e9rb\u0151l \u00e9s fizet\u00e9sb\u0151l \u00e9l\u0151k szem\u00e9lyij\u00f6vedelemad\u00f3-bevall\u00e1sa \u00f6ssze\u00e1ll\u00edthat\u00f3. A NAV teh\u00e1t id\u00e9n el\u0151sz\u00f6r, ezeket az adatokat felhaszn\u00e1lva mintegy 3,8 milli\u00f3 ad\u00f3z\u00f3nak k\u00e9sz\u00edti el az szja-bevall\u00e1s tervezet\u00e9t.<br \/>\n    Az \u00e1llamtitk\u00e1r felh\u00edvta a figyelmet arra, hogy term\u00e9szetesen az egy\u00e9ni v\u00e1llalkoz\u00f3knak, az \u0151stermel\u0151knek \u00e9s az \u00e1fafizet\u00e9sre k\u00f6telezett mag\u00e1nszem\u00e9lyeknek tov\u00e1bbra is maguknak kell elk\u00e9sz\u00edteni\u00fck bevall\u00e1sukat, hiszen az \u0151 j\u00f6vedelmi adataik teljes k\u00f6r\u0171en nem \u00e1llnak rendelkez\u00e9sre.<br \/>\n    Ismertet\u00e9se szerint akiknek a NAV k\u00e9sz\u00edti el a bevall\u00e1s tervezet\u00e9t, azoknak is j\u00f3v\u00e1 kell hagyniuk azt.<br \/>\n    A legegyszer\u0171bb azoknak lesz, akiknek van \u00fcgyf\u00e9lkapujuk, hiszen \u0151k m\u00e1rcius 15-t\u0151l egy gombnyom\u00e1ssal el\u00e9rhetik a bevall\u00e1si tervezetet, amit ha kell, kieg\u00e9sz\u00edthetnek a v\u00e9gleges\u00edt\u00e9s el\u0151tt &#8211; mondta T\u00e1llai Andr\u00e1s.<br \/>\n    Akik viszont nem nyitnak \u00fcgyf\u00e9lkaput, azok k\u00e9rhetik, hogy a NAV post\u00e1n k\u00fcldje meg a tervezetet, vagy ak\u00e1r szem\u00e9lyesen megn\u00e9zhetik a NAV \u00fcgyf\u00e9lszolg\u00e1lat\u00e1n a hivatal \u00e1ltal k\u00e9sz\u00edtett bevall\u00e1st &#8211; tette hozz\u00e1.<br \/>\n    M\u00e1rcius 15. fontos d\u00e1tum, mert addig lehet k\u00e9rni a post\u00e1z\u00e1st ak\u00e1r SMS-ben, ak\u00e1r a NAV honlapj\u00e1n, telefonon vagy az \u00fcgyf\u00e9lszolg\u00e1laton &#8211; h\u00edvta fel a figyelmet a NAV vezet\u0151je, aki szerint a t\u00e1j\u00e9koztat\u00f3 lev\u00e9lb\u0151l mindenki sz\u00e1m\u00e1ra egy\u00e9rtelm\u0171en kider\u00fcl, mi a teend\u0151je.<br \/>\n    A lev\u00e9lben egyebek k\u00f6z\u00f6tt felh\u00edvj\u00e1k a figyelmet arra, hogy akinek a tervezet szerint az el\u0151legeken fel\u00fcl ad\u00f3fizet\u00e9si k\u00f6telezetts\u00e9ge van, azt banki \u00e1tutal\u00e1ssal is rendezheti, s\u0151t k\u00e9rhet r\u00e9szletfizet\u00e9st is, ha a h\u00e1tral\u00e9k nem t\u00f6bb 200 ezer forintn\u00e1l.<br \/>\n    Az \u00e1llamtitk\u00e1r val\u00f3sz\u00edn\u0171nek tartja, hogy a legt\u00f6bb ad\u00f3z\u00f3nak l\u00e9nyeg\u00e9ben semmit nem kell tennie, mert a bevall\u00e1si tervezet valamennyi adat\u00e1t pontosan r\u00f6gz\u00edti.<br \/>\n    Az viszont fontos, hogy mindenki n\u00e9zze meg a tervezetet \u00fcgyf\u00e9lkapun vagy a post\u00e1n kapott form\u00e1ban, esetleg az \u00fcgyf\u00e9lszolg\u00e1laton, mert az \u00e1llampolg\u00e1rok felel\u0151ss\u00e9ge, hogy j\u00f6vedelm\u00fckr\u0151l prec\u00edz bevall\u00e1s k\u00e9sz\u00fclj\u00f6n, abb\u00f3l ne hi\u00e1nyozz\u00e9k semmi. Azokr\u00f3l a j\u00f6vedelmekr\u0151l ugyanis, amelyekr\u0151l nem \u00e9rkezett adat \u00e9v k\u00f6zben a NAV-hoz, az ad\u00f3z\u00f3knak maguknak kell sz\u00e1mot adniuk, ez\u00e9rt van lehet\u0151s\u00e9g a bevall\u00e1si tervezet kieg\u00e9sz\u00edt\u00e9s\u00e9re &#8211; hangs\u00falyozta T\u00e1llai Andr\u00e1s.<br \/>\n    Elmondta azt is: tov\u00e1bbra sincs akad\u00e1lya annak, hogy az ad\u00f3z\u00f3k rendelkezzenek az ad\u00f3 1+1 sz\u00e1zal\u00e9k\u00e1r\u00f3l a bevall\u00e1st\u00f3l f\u00fcggetlen\u00fcl. Erre online lehet\u0151s\u00e9g is van a nyomtatott nyilatkozat post\u00e1z\u00e1sa mellett m\u00e1jus 22-ig.(MTI)<\/p>\n","protected":false},"excerpt":{"rendered":"<p>Az idei szem\u00e9lyi j\u00f6vedelemad\u00f3z\u00e1sr\u00f3l sz\u00f3l\u00f3 t\u00e1j\u00e9koztat\u00f3 leveleket h\u00e9tf\u0151t\u0151l k\u00e9zbes\u00edti a posta, ebb\u0151l mindenki t\u00e1j\u00e9koz\u00f3dhat az idei \u00fajdons\u00e1gokr\u00f3l, illetve arr\u00f3l, hogy milyen felt\u00e9telek eset\u00e9n nem tartozik a t\u00falnyom\u00f3 t\u00f6bbs\u00e9ghez, akiknek m\u00e1r az ad\u00f3hat\u00f3s\u00e1g k\u00e9sz\u00edti el a bevall\u00e1s\u00e1t &#8211; mondta T\u00e1llai Andr\u00e1s az MTI-nek. A Nemzeti Ad\u00f3- \u00e9s V\u00e1mhivatal (NAV) vezet\u0151je hangs\u00falyozta: a munk\u00e1ltat\u00f3k \u00e9s a kifizet\u0151k &#8230;<\/p>\n","protected":false},"author":1,"featured_media":0,"comment_status":"open","ping_status":"closed","sticky":false,"template":"","format":"standard","meta":[],"categories":[20,19],"tags":[],"_links":{"self":[{"href":"https:\/\/gazdasagportal.hu\/index.php\/wp-json\/wp\/v2\/posts\/88749"}],"collection":[{"href":"https:\/\/gazdasagportal.hu\/index.php\/wp-json\/wp\/v2\/posts"}],"about":[{"href":"https:\/\/gazdasagportal.hu\/index.php\/wp-json\/wp\/v2\/types\/post"}],"author":[{"embeddable":true,"href":"https:\/\/gazdasagportal.hu\/index.php\/wp-json\/wp\/v2\/users\/1"}],"replies":[{"embeddable":true,"href":"https:\/\/gazdasagportal.hu\/index.php\/wp-json\/wp\/v2\/comments?post=88749"}],"version-history":[{"count":1,"href":"https:\/\/gazdasagportal.hu\/index.php\/wp-json\/wp\/v2\/posts\/88749\/revisions"}],"predecessor-version":[{"id":88750,"href":"https:\/\/gazdasagportal.hu\/index.php\/wp-json\/wp\/v2\/posts\/88749\/revisions\/88750"}],"wp:attachment":[{"href":"https:\/\/gazdasagportal.hu\/index.php\/wp-json\/wp\/v2\/media?parent=88749"}],"wp:term":[{"taxonomy":"category","embeddable":true,"href":"https:\/\/gazdasagportal.hu\/index.php\/wp-json\/wp\/v2\/categories?post=88749"},{"taxonomy":"post_tag","embeddable":true,"href":"https:\/\/gazdasagportal.hu\/index.php\/wp-json\/wp\/v2\/tags?post=88749"}],"curies":[{"name":"wp","href":"https:\/\/api.w.org\/{rel}","templated":true}]}}