{"id":88694,"date":"2017-01-06T12:23:09","date_gmt":"2017-01-06T11:23:09","guid":{"rendered":"http:\/\/gazdasagportal.hu\/?p=88694"},"modified":"2017-01-06T12:23:09","modified_gmt":"2017-01-06T11:23:09","slug":"nyt-szamos-amerikai-nagykovetet-hazahivnak-donald-trump-beiktatasa-elott","status":"publish","type":"post","link":"https:\/\/gazdasagportal.hu\/index.php\/nyt-szamos-amerikai-nagykovetet-hazahivnak-donald-trump-beiktatasa-elott\/","title":{"rendered":"NYT: sz\u00e1mos amerikai nagyk\u00f6vetet hazah\u00edvnak Donald Trump beiktat\u00e1sa el\u0151tt"},"content":{"rendered":"<p><strong>Sz\u00e1mos amerikai nagyk\u00f6veti poszt meg\u00fcresedik r\u00f6vid id\u0151n bel\u00fcl, m\u00e9g Donald Trump megv\u00e1lasztott amerikai eln\u00f6k janu\u00e1r 20-i beiktat\u00e1sa el\u0151tt &#8211; jelentette diplomat\u00e1kra hivatkozva a The New York Times.<\/strong><!--more--><\/p>\n<div class=\"ads-in-post1\"><div id=\"gazdasagportal.hu_fullbanner_wideboard\"><\/div>\r\n<\/div>\n<p>    Az amerikai napilap honlapj\u00e1n helyi id\u0151 szerint cs\u00fct\u00f6rt\u00f6k\u00f6n azt \u00edrta, hogy az Egyes\u00fclt \u00c1llamok k\u00fcl\u00fcgyminiszt\u00e9riuma december 23-\u00e1n k\u00fcld\u00f6tt egy err\u0151l sz\u00f3l\u00f3 t\u00e1viratot az \u00e1tmenetet int\u00e9z\u0151 Trump-csapat nev\u00e9ben. A dokumentum szerint a l\u00e9p\u00e9s a tengerent\u00fali politikai kinevezetteket \u00e9rinti, vagyis azokat a kik\u00fcld\u00f6tteket, akiket az eln\u00f6kkel val\u00f3 szoros kapcsolatuk miatt \u00e1ll\u00edtottak egy-egy k\u00fclf\u00f6ldi nagyk\u00f6vets\u00e9g \u00e9l\u00e9re.<br \/>\n    Az AFSA amerikai diplomatasz\u00f6vets\u00e9g adatai szerint az amerikai nagyk\u00f6vetek t\u00f6bb mint harmada \u00edgy ker\u00fclt poz\u00edci\u00f3ba, s csak a t\u00f6bbiek sz\u00e1m\u00edtanak karrierdiplomat\u00e1nak, azaz olyanoknak, akik gyakran korm\u00e1nyv\u00e1lt\u00e1skor is hivatalban maradnak.<br \/>\n    A The New York Times eml\u00e9keztetett r\u00e1, hogy a kor\u00e1bbi korm\u00e1nyok mindk\u00e9t nagy p\u00e1rt eset\u00e9ben biztos\u00edtottak n\u00e9mi \u00e1tmeneti id\u0151t az egyes posztjukr\u00f3l hazah\u00edvott nagyk\u00f6veteknek, k\u00fcl\u00f6n\u00f6sen ha csal\u00e1dosokr\u00f3l volt sz\u00f3, hogy a gyerekeknek ne kelljen hirtelen iskol\u00e1t v\u00e1ltaniuk.<br \/>\n    A t\u00e1virat szerint azonban ez\u00fattal nem lesznek kiv\u00e9telek.<br \/>\n    Az amerikai lap felh\u00edvta a figyelmet arra, hogy am\u00edg a t\u00e1voz\u00f3 diplomat\u00e1k ut\u00f3djait a szen\u00e1tus is j\u00f3v\u00e1hagyja, ak\u00e1r h\u00f3napokig is bet\u00f6ltetlenek maradhatnak olyan fontos posztok, mint a n\u00e9metorsz\u00e1gi vagy a nagy-britanniai amerikai nagyk\u00f6veti tiszts\u00e9g.<br \/>\n    A novemberi eln\u00f6kv\u00e1laszt\u00e1st megnyer\u0151 republik\u00e1nus p\u00e1rti Donald Trump hivatalosan janu\u00e1r 20-\u00e1n veszi \u00e1t az eln\u00f6ki teend\u0151ket a nyolc \u00e9vig hatalmon l\u00e9v\u0151, demokrata p\u00e1rti Barack Obam\u00e1t\u00f3l.(MTI)<\/p>\n","protected":false},"excerpt":{"rendered":"<p>Sz\u00e1mos amerikai nagyk\u00f6veti poszt meg\u00fcresedik r\u00f6vid id\u0151n bel\u00fcl, m\u00e9g Donald Trump megv\u00e1lasztott amerikai eln\u00f6k janu\u00e1r 20-i beiktat\u00e1sa el\u0151tt &#8211; jelentette diplomat\u00e1kra hivatkozva a The New York Times.<\/p>\n","protected":false},"author":1,"featured_media":0,"comment_status":"open","ping_status":"closed","sticky":false,"template":"","format":"standard","meta":[],"categories":[12],"tags":[],"_links":{"self":[{"href":"https:\/\/gazdasagportal.hu\/index.php\/wp-json\/wp\/v2\/posts\/88694"}],"collection":[{"href":"https:\/\/gazdasagportal.hu\/index.php\/wp-json\/wp\/v2\/posts"}],"about":[{"href":"https:\/\/gazdasagportal.hu\/index.php\/wp-json\/wp\/v2\/types\/post"}],"author":[{"embeddable":true,"href":"https:\/\/gazdasagportal.hu\/index.php\/wp-json\/wp\/v2\/users\/1"}],"replies":[{"embeddable":true,"href":"https:\/\/gazdasagportal.hu\/index.php\/wp-json\/wp\/v2\/comments?post=88694"}],"version-history":[{"count":1,"href":"https:\/\/gazdasagportal.hu\/index.php\/wp-json\/wp\/v2\/posts\/88694\/revisions"}],"predecessor-version":[{"id":88695,"href":"https:\/\/gazdasagportal.hu\/index.php\/wp-json\/wp\/v2\/posts\/88694\/revisions\/88695"}],"wp:attachment":[{"href":"https:\/\/gazdasagportal.hu\/index.php\/wp-json\/wp\/v2\/media?parent=88694"}],"wp:term":[{"taxonomy":"category","embeddable":true,"href":"https:\/\/gazdasagportal.hu\/index.php\/wp-json\/wp\/v2\/categories?post=88694"},{"taxonomy":"post_tag","embeddable":true,"href":"https:\/\/gazdasagportal.hu\/index.php\/wp-json\/wp\/v2\/tags?post=88694"}],"curies":[{"name":"wp","href":"https:\/\/api.w.org\/{rel}","templated":true}]}}