{"id":88692,"date":"2017-01-06T11:55:20","date_gmt":"2017-01-06T10:55:20","guid":{"rendered":"http:\/\/gazdasagportal.hu\/?p=88692"},"modified":"2017-01-06T11:55:20","modified_gmt":"2017-01-06T10:55:20","slug":"tavozik-posztjarol-colleen-bell-a-budapesti-amerikai-nagykovet","status":"publish","type":"post","link":"https:\/\/gazdasagportal.hu\/index.php\/tavozik-posztjarol-colleen-bell-a-budapesti-amerikai-nagykovet\/","title":{"rendered":"T\u00e1vozik posztj\u00e1r\u00f3l Colleen Bell, a budapesti amerikai nagyk\u00f6vet"},"content":{"rendered":"<p><strong>Megb\u00edzat\u00e1sa v\u00e9gezt\u00e9vel, janu\u00e1r 20-\u00e1n t\u00e1vozik posztj\u00e1r\u00f3l Colleen Bell budapesti amerikai nagyk\u00f6vet.<\/strong><!--more--><\/p>\n<div class=\"ads-in-post1\"><div id=\"gazdasagportal.hu_fullbanner_wideboard\"><\/div>\r\n<\/div>\n<p>    A nagyk\u00f6vets\u00e9g Facebook-oldal\u00e1n p\u00e9ntek d\u00e9lel\u0151tt magyarul \u00e9s angolul is k\u00f6zz\u00e9tett  bejegyz\u00e9sben az amerikai diplomata azt \u00edrta: &#8222;janu\u00e1r 20-\u00e1n, amerikai nagyk\u00f6veti megb\u00edzat\u00e1som v\u00e9gezt\u00e9vel, elutazom Budapestr\u0151l&#8221;.<br \/>\n    Colleen Bell megk\u00f6sz\u00f6nte az ir\u00e1nta \u00e9s csal\u00e1dja ir\u00e1nt tan\u00fas\u00edtott &#8222;kedvess\u00e9get \u00e9s bar\u00e1ts\u00e1got&#8221;. \u00dagy fogalmazott, &#8222;hi\u00e1nyozni fog az itteni munk\u00e1m, de tov\u00e1bb dolgozom majd az orsz\u00e1gaink k\u00f6z\u00f6tti kapcsolatok er\u0151s\u00edt\u00e9s\u00e9n&#8221;.<br \/>\n    A nagyk\u00f6vet megjegyezte: a k\u00f6vetkez\u0151 p\u00e1r h\u00e9tben form\u00e1lisan \u00e9s inform\u00e1lisan is elk\u00f6sz\u00f6n.<br \/>\n    A The New York Times azt \u00edrta, hogy t\u00f6bb amerikai nagyk\u00f6veti poszt meg\u00fcresedik r\u00f6vid id\u0151n bel\u00fcl, m\u00e9g Donald Trump megv\u00e1lasztott amerikai eln\u00f6k janu\u00e1r 20-ai beiktat\u00e1sa el\u0151tt. Az amerikai napilap a honlapj\u00e1n helyi id\u0151 szerint cs\u00fct\u00f6rt\u00f6k\u00f6n azt \u00edrta, hogy az Egyes\u00fclt \u00c1llamok k\u00fcl\u00fcgyminiszt\u00e9riuma december 23-\u00e1n k\u00fcld\u00f6tt egy err\u0151l sz\u00f3l\u00f3 t\u00e1viratot az \u00e1tmenetet int\u00e9z\u0151 Trump-csapat nev\u00e9ben. A dokumentum szerint a l\u00e9p\u00e9s a tengerent\u00fali politikai kinevezetteket \u00e9rinti, vagyis azokat a kik\u00fcld\u00f6tteket, akiket az eln\u00f6kkel val\u00f3 szoros kapcsolatuk miatt \u00e1ll\u00edtottak egy-egy k\u00fclf\u00f6ldi nagyk\u00f6vets\u00e9g \u00e9l\u00e9re.(MTI)<\/p>\n","protected":false},"excerpt":{"rendered":"<p>Megb\u00edzat\u00e1sa v\u00e9gezt\u00e9vel, janu\u00e1r 20-\u00e1n t\u00e1vozik posztj\u00e1r\u00f3l Colleen Bell budapesti amerikai nagyk\u00f6vet.<\/p>\n","protected":false},"author":1,"featured_media":0,"comment_status":"open","ping_status":"closed","sticky":false,"template":"","format":"standard","meta":[],"categories":[4],"tags":[],"_links":{"self":[{"href":"https:\/\/gazdasagportal.hu\/index.php\/wp-json\/wp\/v2\/posts\/88692"}],"collection":[{"href":"https:\/\/gazdasagportal.hu\/index.php\/wp-json\/wp\/v2\/posts"}],"about":[{"href":"https:\/\/gazdasagportal.hu\/index.php\/wp-json\/wp\/v2\/types\/post"}],"author":[{"embeddable":true,"href":"https:\/\/gazdasagportal.hu\/index.php\/wp-json\/wp\/v2\/users\/1"}],"replies":[{"embeddable":true,"href":"https:\/\/gazdasagportal.hu\/index.php\/wp-json\/wp\/v2\/comments?post=88692"}],"version-history":[{"count":1,"href":"https:\/\/gazdasagportal.hu\/index.php\/wp-json\/wp\/v2\/posts\/88692\/revisions"}],"predecessor-version":[{"id":88693,"href":"https:\/\/gazdasagportal.hu\/index.php\/wp-json\/wp\/v2\/posts\/88692\/revisions\/88693"}],"wp:attachment":[{"href":"https:\/\/gazdasagportal.hu\/index.php\/wp-json\/wp\/v2\/media?parent=88692"}],"wp:term":[{"taxonomy":"category","embeddable":true,"href":"https:\/\/gazdasagportal.hu\/index.php\/wp-json\/wp\/v2\/categories?post=88692"},{"taxonomy":"post_tag","embeddable":true,"href":"https:\/\/gazdasagportal.hu\/index.php\/wp-json\/wp\/v2\/tags?post=88692"}],"curies":[{"name":"wp","href":"https:\/\/api.w.org\/{rel}","templated":true}]}}