{"id":885,"date":"2013-01-23T20:50:53","date_gmt":"2013-01-23T19:50:53","guid":{"rendered":"http:\/\/stockportal.hu\/?p=885"},"modified":"2013-01-23T20:50:53","modified_gmt":"2013-01-23T19:50:53","slug":"javitotta-belgium-osztalyzati-kilatasat-a-fitch","status":"publish","type":"post","link":"https:\/\/gazdasagportal.hu\/index.php\/javitotta-belgium-osztalyzati-kilatasat-a-fitch\/","title":{"rendered":"Jav\u00edtotta Belgium oszt\u00e1lyzati kil\u00e1t\u00e1s\u00e1t a Fitch"},"content":{"rendered":"<p><strong>Stabilra jav\u00edtotta a lemin\u0151s\u00edt\u00e9s lehet\u0151s\u00e9g\u00e9re utal\u00f3 eddigi negat\u00edvr\u00f3l Belgium \u00e1llamad\u00f3s-oszt\u00e1lyzatainak kil\u00e1t\u00e1s\u00e1t szerd\u00e1n a Fitch Ratings nemzetk\u00f6zi hitelmin\u0151s\u00edt\u0151, amely a d\u00f6nt\u00e9st a javul\u00f3 belga k\u00f6zfinansz\u00edroz\u00e1si helyzettel indokolta.<!--more--><\/strong><\/p>\n<p>Hossz\u00fa id\u0151 \u00f3ta ez az els\u0151 pozit\u00edv hitelmin\u0151s\u00edt\u0151i l\u00e9p\u00e9s az eur\u00f3\u00f6vezet valamely tagorsz\u00e1ga eset\u00e9ben.<br \/>\nA Fitch szerda este Londonban bejelentette azt is, hogy a kil\u00e1t\u00e1sjav\u00edt\u00e1ssal egy\u00fctt meger\u0151s\u00edtette Belgium hossz\u00fa futamidej\u0171 hazai \u00e9s k\u00fcls\u0151 szuver\u00e9n ad\u00f3ss\u00e1g\u00e1nak magasan els\u0151rend\u0171, &#8222;AA&#8221; szint\u0171 besorol\u00e1s\u00e1t, a kereskedelmi ad\u00f3sokra meg\u00e1llap\u00edtott &#8222;AAA&#8221; oszt\u00e1lyzati plafont \u00e9s a r\u00f6vid lej\u00e1rat\u00fa k\u00fcls\u0151 k\u00f6telezetts\u00e9gek &#8222;F1 plusz&#8221; oszt\u00e1lyzat\u00e1t.<br \/>\nA l\u00e9p\u00e9sekhez f\u0171z\u00f6tt elemz\u00e9s\u00e9ben a hitelmin\u0151s\u00edt\u0151 kiemelte, hogy a belga korm\u00e1nynak tavaly a hazai \u00f6sszterm\u00e9k (GDP) 1 sz\u00e1zal\u00e9ka k\u00f6r\u00fcli m\u00e9rt\u00e9kben siker\u00fclt cs\u00f6kkentenie az \u00e1llamh\u00e1ztart\u00e1si hi\u00e1nyt &#8211; a Fitch saj\u00e1t becsl\u00e9se szerint 2,9 sz\u00e1zal\u00e9kra -, annak ellen\u00e9re, hogy 2012 eg\u00e9sz\u00e9ben val\u00f3sz\u00edn\u0171leg recesszi\u00f3ban volt a belga gazdas\u00e1g.<br \/>\nA Fitch v\u00e1rakoz\u00e1sa szerint a belga GDP tavaly re\u00e1l\u00e9rt\u00e9ken 0,4 sz\u00e1zal\u00e9kkal cs\u00f6kkent.<br \/>\nA hitelmin\u0151s\u00edt\u0151 azzal is sz\u00e1mol, hogy a belga \u00e1llamad\u00f3ss\u00e1g-r\u00e1ta 2012-2013-ban tet\u0151zhet, &#8222;t\u00f6red\u00e9knyivel&#8221; a GDP-\u00e9rt\u00e9k 100 sz\u00e1zal\u00e9ka alatt.<br \/>\nA Fitch Ratings londoni elemz\u0151i k\u00f6z\u00f6lt\u00e9k, hogy jelenlegi alapeseti el\u0151rejelz\u00e9s\u00fck szerint Belgium GDP-ar\u00e1nyos \u00e1llamad\u00f3ss\u00e1g-r\u00e1t\u00e1ja 2021-ig 79 sz\u00e1zal\u00e9kra cs\u00f6kken. (MTI)<\/p>\n","protected":false},"excerpt":{"rendered":"<p>Stabilra jav\u00edtotta a lemin\u0151s\u00edt\u00e9s lehet\u0151s\u00e9g\u00e9re utal\u00f3 eddigi negat\u00edvr\u00f3l Belgium \u00e1llamad\u00f3s-oszt\u00e1lyzatainak kil\u00e1t\u00e1s\u00e1t szerd\u00e1n a Fitch Ratings nemzetk\u00f6zi hitelmin\u0151s\u00edt\u0151, amely a d\u00f6nt\u00e9st a javul\u00f3 belga k\u00f6zfinansz\u00edroz\u00e1si helyzettel indokolta.<\/p>\n","protected":false},"author":1,"featured_media":0,"comment_status":"closed","ping_status":"closed","sticky":false,"template":"","format":"standard","meta":[],"categories":[12,8],"tags":[],"_links":{"self":[{"href":"https:\/\/gazdasagportal.hu\/index.php\/wp-json\/wp\/v2\/posts\/885"}],"collection":[{"href":"https:\/\/gazdasagportal.hu\/index.php\/wp-json\/wp\/v2\/posts"}],"about":[{"href":"https:\/\/gazdasagportal.hu\/index.php\/wp-json\/wp\/v2\/types\/post"}],"author":[{"embeddable":true,"href":"https:\/\/gazdasagportal.hu\/index.php\/wp-json\/wp\/v2\/users\/1"}],"replies":[{"embeddable":true,"href":"https:\/\/gazdasagportal.hu\/index.php\/wp-json\/wp\/v2\/comments?post=885"}],"version-history":[{"count":1,"href":"https:\/\/gazdasagportal.hu\/index.php\/wp-json\/wp\/v2\/posts\/885\/revisions"}],"predecessor-version":[{"id":886,"href":"https:\/\/gazdasagportal.hu\/index.php\/wp-json\/wp\/v2\/posts\/885\/revisions\/886"}],"wp:attachment":[{"href":"https:\/\/gazdasagportal.hu\/index.php\/wp-json\/wp\/v2\/media?parent=885"}],"wp:term":[{"taxonomy":"category","embeddable":true,"href":"https:\/\/gazdasagportal.hu\/index.php\/wp-json\/wp\/v2\/categories?post=885"},{"taxonomy":"post_tag","embeddable":true,"href":"https:\/\/gazdasagportal.hu\/index.php\/wp-json\/wp\/v2\/tags?post=885"}],"curies":[{"name":"wp","href":"https:\/\/api.w.org\/{rel}","templated":true}]}}