{"id":88258,"date":"2016-12-23T10:10:58","date_gmt":"2016-12-23T09:10:58","guid":{"rendered":"http:\/\/gazdasagportal.hu\/?p=88258"},"modified":"2016-12-23T10:10:58","modified_gmt":"2016-12-23T09:10:58","slug":"nott-a-gfk-nemet-hangulatindexe","status":"publish","type":"post","link":"https:\/\/gazdasagportal.hu\/index.php\/nott-a-gfk-nemet-hangulatindexe\/","title":{"rendered":"N\u0151tt a GfK n\u00e9met hangulatindexe"},"content":{"rendered":"<p>A GfK gazdas\u00e1gkutat\u00f3 int\u00e9zet janu\u00e1rra vonatkoz\u00f3, el\u0151remutat\u00f3 n\u00e9met hangulatindexe 9,9 pontra n\u0151tt a kor\u00e1bbi 9,8 pontr\u00f3l. A piaci elemz\u0151k t\u00f6bbs\u00e9ge arra sz\u00e1m\u00edtott, hogy 9,9 pont lesz a mutat\u00f3.<\/p>\n<p>    A hangulatindex f\u0151 mutat\u00f3ja mellett az alindexek vegyesen v\u00e1ltoztak. A v\u00e1s\u00e1rl\u00e1si hajland\u00f3s\u00e1g indexe 51,2 pontr\u00f3l 48 pontra cs\u00f6kkent, a j\u00f6vedelmekhez kapcsol\u00f3d\u00f3 v\u00e1rakoz\u00e1sok mutat\u00f3ja azonban nagyot javult, 44,5 pontr\u00f3l 55,6 pontra ugrott, a k\u00f6vetkez\u0151 12 h\u00f3naphoz kapcsol\u00f3d\u00f3 v\u00e1rakoz\u00e1sok mutat\u00f3ja 15,3 pontr\u00f3l 16,4 pontra n\u0151tt, a gazdas\u00e1gi k\u00f6rnyezet meg\u00edt\u00e9l\u00e9se 9,7 pontr\u00f3l 9,8 pontra javult.<br \/>\n    A n\u00e9met fogyaszt\u00f3k optimist\u00e1k maradtak 2016 v\u00e9g\u00e9re is, a v\u00e1rakoz\u00e1saik szerint m\u00e9rs\u00e9kelt n\u00f6veked\u00e9s v\u00e1rhat\u00f3 a n\u00e9met gazdas\u00e1gbank. A j\u00f6vedelmi v\u00e1rakoz\u00e1sokat nagyot javultak, de ezt m\u00e9g nem k\u00f6vette a v\u00e1s\u00e1rl\u00e1si kedv er\u0151s\u00f6d\u00e9se, \u00e1llt a gazdas\u00e1gkutat\u00f3 elemz\u00e9s\u00e9ben.<br \/>\n    A n\u00e9met sz\u00f6vets\u00e9gi bank, a Bundesbank 2016-ban \u00e9s 2017-ben is 1,8 sz\u00e1zal\u00e9kos gazdas\u00e1gi n\u00f6veked\u00e9sre sz\u00e1m\u00edt N\u00e9metorsz\u00e1gban.(MTI)<\/p>\n","protected":false},"excerpt":{"rendered":"<p>A GfK gazdas\u00e1gkutat\u00f3 int\u00e9zet janu\u00e1rra vonatkoz\u00f3, el\u0151remutat\u00f3 n\u00e9met hangulatindexe 9,9 pontra n\u0151tt a kor\u00e1bbi 9,8 pontr\u00f3l. A piaci elemz\u0151k t\u00f6bbs\u00e9ge arra sz\u00e1m\u00edtott, hogy 9,9 pont lesz a mutat\u00f3. A hangulatindex f\u0151 mutat\u00f3ja mellett az alindexek vegyesen v\u00e1ltoztak. A v\u00e1s\u00e1rl\u00e1si hajland\u00f3s\u00e1g indexe 51,2 pontr\u00f3l 48 pontra cs\u00f6kkent, a j\u00f6vedelmekhez kapcsol\u00f3d\u00f3 v\u00e1rakoz\u00e1sok mutat\u00f3ja azonban nagyot javult, 44,5 &#8230;<\/p>\n","protected":false},"author":1,"featured_media":0,"comment_status":"open","ping_status":"closed","sticky":false,"template":"","format":"standard","meta":[],"categories":[246],"tags":[],"_links":{"self":[{"href":"https:\/\/gazdasagportal.hu\/index.php\/wp-json\/wp\/v2\/posts\/88258"}],"collection":[{"href":"https:\/\/gazdasagportal.hu\/index.php\/wp-json\/wp\/v2\/posts"}],"about":[{"href":"https:\/\/gazdasagportal.hu\/index.php\/wp-json\/wp\/v2\/types\/post"}],"author":[{"embeddable":true,"href":"https:\/\/gazdasagportal.hu\/index.php\/wp-json\/wp\/v2\/users\/1"}],"replies":[{"embeddable":true,"href":"https:\/\/gazdasagportal.hu\/index.php\/wp-json\/wp\/v2\/comments?post=88258"}],"version-history":[{"count":1,"href":"https:\/\/gazdasagportal.hu\/index.php\/wp-json\/wp\/v2\/posts\/88258\/revisions"}],"predecessor-version":[{"id":88259,"href":"https:\/\/gazdasagportal.hu\/index.php\/wp-json\/wp\/v2\/posts\/88258\/revisions\/88259"}],"wp:attachment":[{"href":"https:\/\/gazdasagportal.hu\/index.php\/wp-json\/wp\/v2\/media?parent=88258"}],"wp:term":[{"taxonomy":"category","embeddable":true,"href":"https:\/\/gazdasagportal.hu\/index.php\/wp-json\/wp\/v2\/categories?post=88258"},{"taxonomy":"post_tag","embeddable":true,"href":"https:\/\/gazdasagportal.hu\/index.php\/wp-json\/wp\/v2\/tags?post=88258"}],"curies":[{"name":"wp","href":"https:\/\/api.w.org\/{rel}","templated":true}]}}