{"id":88237,"date":"2016-12-22T15:08:33","date_gmt":"2016-12-22T14:08:33","guid":{"rendered":"http:\/\/gazdasagportal.hu\/?p=88237"},"modified":"2016-12-21T22:51:11","modified_gmt":"2016-12-21T21:51:11","slug":"brexit-brit-iparszovetseg-vamakadalyoktol-mentes-kereskedelemre-van-szukseg-az-eu-val","status":"publish","type":"post","link":"https:\/\/gazdasagportal.hu\/index.php\/brexit-brit-iparszovetseg-vamakadalyoktol-mentes-kereskedelemre-van-szukseg-az-eu-val\/","title":{"rendered":"Brexit &#8211; Brit Iparsz\u00f6vets\u00e9g: v\u00e1makad\u00e1lyokt\u00f3l mentes kereskedelemre van sz\u00fcks\u00e9g az EU-val"},"content":{"rendered":"<p><strong>A Brit Iparsz\u00f6vets\u00e9g (CBI) szerint a brit \u00fczleti v\u00e1llalkoz\u00e1sok elemi \u00e9rdeke, hogy az Egyes\u00fclt Kir\u00e1lys\u00e1g EU-tags\u00e1g\u00e1nak megsz\u0171n\u00e9se ut\u00e1n is v\u00e1makad\u00e1lyokt\u00f3l mentesen kereskedhessenek az Eur\u00f3pai Uni\u00f3val.<\/strong><!--more--><\/p>\n<div class=\"ads-in-post1\"><div id=\"gazdasagportal.hu_fullbanner_wideboard\"><\/div>\r\n<\/div>\n<p>    A 190 ezer \u00fczleti v\u00e1llalkoz\u00e1st k\u00e9pvisel\u0151 szervezet sz\u00e9lesk\u00f6r\u0171 konzult\u00e1ci\u00f3t folytatott tagv\u00e1llalatai k\u00f6r\u00e9ben, felm\u00e9rve, hogy a c\u00e9gek mit sorolnak a kil\u00e9p\u00e9si felt\u00e9telekr\u0151l folytatand\u00f3 t\u00e1rgyal\u00e1sok legfontosabb el\u00e9rend\u0151 c\u00e9ljai k\u00f6z\u00e9.<br \/>\n    A konzult\u00e1ci\u00f3 eredm\u00e9nyek\u00e9nt \u00f6ssze\u00e1ll\u00edtott 120 oldalas tanulm\u00e1ny szerint, amelyet a CBI szerd\u00e1n terjesztett a korm\u00e1ny el\u00e9, a megk\u00e9rdezett v\u00e1llalatok a fontoss\u00e1gi sorrend \u00e9l\u00e9re helyezt\u00e9k a v\u00e1makad\u00e1lyokt\u00f3l mentes kereskedelmi kapcsolatrendszer fenntart\u00e1s\u00e1t az EU-val a brit uni\u00f3s tags\u00e1g megsz\u0171n\u00e9se ut\u00e1n is.<br \/>\n    A CBI adatai szerint a brit export 44 sz\u00e1zal\u00e9ka ir\u00e1nyul az EU-piacra, \u00e9s az import 53 sz\u00e1zal\u00e9ka \u00e9rkezik m\u00e1s uni\u00f3s orsz\u00e1gokb\u00f3l. Ez azt jelenti, hogy sz\u00e1mtalan brit c\u00e9g eg\u00e9sz \u00fczleti modellje az EU-integr\u00e1ci\u00f3ra \u00e9p\u00fcl, \u00e9s e v\u00e1llalatoknak l\u00e9tfontoss\u00e1g\u00fa az akad\u00e1lymentes kereskedelem az uni\u00f3val minden l\u00e9tez\u0151 \u00e1rukateg\u00f3ri\u00e1ban.<br \/>\n    Az iparsz\u00f6vets\u00e9g a tanulm\u00e1nyban kiemeli, hogy ha a kil\u00e9p\u00e9si t\u00e1rgyal\u00e1sokon nem sz\u00fcletik kedvezm\u00e9nyes kereskedelmi meg\u00e1llapod\u00e1s London \u00e9s az Eur\u00f3pai Uni\u00f3 k\u00f6z\u00f6tt, akkor az EU saj\u00e1t jogszab\u00e1lyai alapj\u00e1n k\u00f6teles lenne ugyanolyan v\u00e1mokat kivetni a brit term\u00e9kekre, amilyeneket jelenleg minden m\u00e1s harmadik orsz\u00e1gbeli partnerrel szemben alkalmaz.<br \/>\n    A CBI kimutat\u00e1sa szerint az EU az uni\u00f3n k\u00edv\u00fcli sz\u00e1ll\u00edt\u00f3kt\u00f3l import\u00e1lt ruh\u00e1zati term\u00e9keket 12 sz\u00e1zal\u00e9kos, az \u00e9lelmiszeripari cikkeket \u00e1tlagosan 22 sz\u00e1zal\u00e9kos, ezen az \u00e1tlagon bel\u00fcl a tejterm\u00e9keket 36 sz\u00e1zal\u00e9kos v\u00e1mmal terheli meg. A nem EU-orsz\u00e1gokban gy\u00e1rtott szem\u00e9lyaut\u00f3kra 10 sz\u00e1zal\u00e9kos, a szeszesital- \u00e9s doh\u00e1nyf\u00e9l\u00e9kre, valamint az \u00e9desipari term\u00e9kekre 20-30 sz\u00e1zal\u00e9kos v\u00e1m \u00e9rv\u00e9nyes.<br \/>\n    A CBI tanulm\u00e1nya alig burkoltan b\u00edr\u00e1lja Theresa May brit minisztereln\u00f6k azon t\u00f6bbsz\u00f6r hangoztatott \u00e1ll\u00e1spontj\u00e1t, hogy a brit EU-tags\u00e1g megsz\u0171n\u00e9se ut\u00e1n a jelenlegi EU-szint\u0171 harmoniz\u00e1lt kereskedelmi szab\u00e1lyoz\u00e1st brit nemzet\u00e1llami szint\u0171 szab\u00e1lyoz\u00e1si rendszernek kell felv\u00e1ltania.<br \/>\n    Az iparsz\u00f6vets\u00e9g szerint a kedvezm\u00e9nyes kereskedelmi kapcsolatrendszer fenntart\u00e1sa az EU-val olyan sz\u00e9lesk\u00f6r\u0171 meg\u00e1llapod\u00e1s megk\u00f6t\u00e9s\u00e9t ig\u00e9nyli, amely meg\u0151rzi a harmoniz\u00e1lt szab\u00e1lyoz\u00e1si rendszert, mivel az uni\u00f3 bels\u0151 piac\u00e1nak alapj\u00e1ul szolg\u00e1l\u00f3 egys\u00e9ges szab\u00e1lygy\u0171jtem\u00e9ny jelent\u0151sen megk\u00f6nny\u00edti a hat\u00e1rokon \u00e1tny\u00fal\u00f3 \u00fczleti tev\u00e9kenys\u00e9get, k\u00fcl\u00f6n\u00f6sen a kisebb v\u00e1llalkoz\u00e1sok sz\u00e1m\u00e1ra.<br \/>\n    Az EU-val folytatott kedvezm\u00e9nyes kereskedelem el\u0151nyei ker\u00fcln\u00e9nek vesz\u00e9lybe, ha a brit korm\u00e1ny sz\u00e1nd\u00e9kosan a jelenlegi harmoniz\u00e1lt rendszert\u0151l elt\u00e9r\u0151 szab\u00e1lyoz\u00e1sokat \u00e9s el\u0151\u00edr\u00e1sokat l\u00e9ptetne \u00e9rv\u00e9nybe &#8211; \u00e1ll a Brit Iparsz\u00f6vets\u00e9g szerdai felh\u00edv\u00e1s\u00e1ban.<br \/>\n    A brit gazdas\u00e1g nagy \u00e1gazati szervezetei m\u00e1r j\u00f3 ideje folyamatosan figyelmeztetik a brit korm\u00e1nyt arra, hogy Nagy-Britanni\u00e1nak az EU-tags\u00e1g megsz\u0171n\u00e9se ut\u00e1n is hozz\u00e1 kell f\u00e9rnie az uni\u00f3 egys\u00e9ges bels\u0151 piac\u00e1hoz, ellenkez\u0151 esetben s\u00falyos gazdas\u00e1gi k\u00f6vetkezm\u00e9nyek v\u00e1rhat\u00f3k.<br \/>\n    Legut\u00f3bb a CBI, valamint a feldolgoz\u00f3szektor v\u00e1llalati sz\u00f6vets\u00e9ge (EEF), a brit technol\u00f3giai szektor c\u00e9geit k\u00e9pvisel\u0151 techUK, \u00e9s a vil\u00e1g legnagyobb glob\u00e1lis \u00fczleti \u00e9rdekk\u00e9pviseleti szervezete, az International Chamber of Commerce (ICC) brit tagozat\u00e1nak vezet\u0151i fordultak k\u00f6z\u00f6s ny\u00edlt lev\u00e9lben a korm\u00e1nyhoz \u00e9s Theresa May minisztereln\u00f6kh\u00f6z, hangs\u00falyozva: ha Nagy-Britannia \u00fagy t\u00e1vozik az Eur\u00f3pai Uni\u00f3b\u00f3l, hogy kil\u00e9p\u00e9s\u00e9nek id\u0151pontj\u00e1ban nincs kedvezm\u00e9nyes kereskedelmi meg\u00e1llapod\u00e1sa az EU-val, akkor az EU-piacra ir\u00e1nyul\u00f3 &#8211; jelenleg v\u00e1mmentes &#8211; brit \u00e1ruexport 90 sz\u00e1zal\u00e9k\u00e1t terhelhetik v\u00e1mok.<br \/>\n    Az Eur\u00f3pai Bizotts\u00e1g jelenlegi \u00e1ll\u00e1spontja szerint Nagy-Britannia akkor f\u00e9rhet hozz\u00e1 az uni\u00f3 v\u00e1mmentes bels\u0151 piac\u00e1hoz, ha EU-tags\u00e1g\u00e1nak megsz\u0171n\u00e9se ut\u00e1n is elfogadja az akad\u00e1lytalan munkaer\u0151\u00e1raml\u00e1s elv\u00e9t, London azonban mindenk\u00e9ppen korl\u00e1tozni k\u00edv\u00e1nja az EU-\u00e1llampolg\u00e1rok bev\u00e1ndorl\u00e1s\u00e1t.(MTI)<\/p>\n","protected":false},"excerpt":{"rendered":"<p>A Brit Iparsz\u00f6vets\u00e9g (CBI) szerint a brit \u00fczleti v\u00e1llalkoz\u00e1sok elemi \u00e9rdeke, hogy az Egyes\u00fclt Kir\u00e1lys\u00e1g EU-tags\u00e1g\u00e1nak megsz\u0171n\u00e9se ut\u00e1n is v\u00e1makad\u00e1lyokt\u00f3l mentesen kereskedhessenek az Eur\u00f3pai Uni\u00f3val.<\/p>\n","protected":false},"author":1,"featured_media":0,"comment_status":"open","ping_status":"closed","sticky":false,"template":"","format":"standard","meta":[],"categories":[246],"tags":[],"_links":{"self":[{"href":"https:\/\/gazdasagportal.hu\/index.php\/wp-json\/wp\/v2\/posts\/88237"}],"collection":[{"href":"https:\/\/gazdasagportal.hu\/index.php\/wp-json\/wp\/v2\/posts"}],"about":[{"href":"https:\/\/gazdasagportal.hu\/index.php\/wp-json\/wp\/v2\/types\/post"}],"author":[{"embeddable":true,"href":"https:\/\/gazdasagportal.hu\/index.php\/wp-json\/wp\/v2\/users\/1"}],"replies":[{"embeddable":true,"href":"https:\/\/gazdasagportal.hu\/index.php\/wp-json\/wp\/v2\/comments?post=88237"}],"version-history":[{"count":1,"href":"https:\/\/gazdasagportal.hu\/index.php\/wp-json\/wp\/v2\/posts\/88237\/revisions"}],"predecessor-version":[{"id":88238,"href":"https:\/\/gazdasagportal.hu\/index.php\/wp-json\/wp\/v2\/posts\/88237\/revisions\/88238"}],"wp:attachment":[{"href":"https:\/\/gazdasagportal.hu\/index.php\/wp-json\/wp\/v2\/media?parent=88237"}],"wp:term":[{"taxonomy":"category","embeddable":true,"href":"https:\/\/gazdasagportal.hu\/index.php\/wp-json\/wp\/v2\/categories?post=88237"},{"taxonomy":"post_tag","embeddable":true,"href":"https:\/\/gazdasagportal.hu\/index.php\/wp-json\/wp\/v2\/tags?post=88237"}],"curies":[{"name":"wp","href":"https:\/\/api.w.org\/{rel}","templated":true}]}}